{"id":136636,"date":"2025-11-02T20:24:09","date_gmt":"2025-11-02T20:24:09","guid":{"rendered":"https:\/\/kamucalisani.net\/?p=136636"},"modified":"2025-11-02T20:24:09","modified_gmt":"2025-11-02T20:24:09","slug":"fenerbahce-galibiyet-serisine-devam-etti","status":"publish","type":"post","link":"https:\/\/kamucalisani.net\/index.php\/2025\/11\/02\/fenerbahce-galibiyet-serisine-devam-etti\/","title":{"rendered":"Fenerbah\u00e7e, galibiyet serisine devam etti"},"content":{"rendered":"<p><p>S\u00fcper Lig\u2019in 11. haftas\u0131nda Fenerbah\u00e7e, deplasmanda Be\u015fikta\u015f ile kar\u015f\u0131la\u015ft\u0131. M\u00fcsabakada 2-0 geriye d\u00fc\u015fen sar\u0131-lacivertliler, \u0130smail Y\u00fcksek, Marco Asensio ve Jhon Duran\u2019\u0131n golleriyle ma\u00e7\u0131 3-2 kazand\u0131.<\/p>\n<p>Ligde 5 Ekim\u2019de oynanan Samsunspor ma\u00e7\u0131nda ya\u015fad\u0131\u011f\u0131 puan kayb\u0131 sonras\u0131 Fatih Karag\u00fcmr\u00fck, Gaziantep FK ve Be\u015fikta\u015f ile kar\u015f\u0131la\u015fan Fenerbah\u00e7e, hanesine 9 puan yazd\u0131rd\u0131.<\/p>\n<p>Tedesco\u2019nun \u00f6\u011frencileri Avrupa Ligi\u2019nde de son 2 ma\u00e7\u0131n\u0131 kazan\u0131rken, t\u00fcm kulvarlarda son 7 ma\u00e7ta 6 galibiyet, 1 beraberlik elde etti.<\/p>\n<p><strong>2-0 GER\u0130DEN GELD\u0130<\/strong><\/p>\n<p>M\u00fcsabakan\u0131n 22 dakikas\u0131nda 2-0 geriye d\u00fc\u015fen sar\u0131-lacivertliler 32 ve 45+3&#8217;te buldu\u011fu gollerle soyunma odas\u0131na e\u015fitlikle girdi. Teknik Direkt\u00f6r Domenico Tedesco, 1 ki\u015fi eksik olan rakibine kar\u015f\u0131 ikinci yar\u0131da h\u00fccumda \u00fcst \u00fcste hamleler yapt\u0131. 83. dakikada galibiyet gol\u00fcn\u00fc bulan Fenerbah\u00e7e, derbiyi 3-2 kazanarak puan\u0131n\u0131 25&#8217;e y\u00fckseltti.<\/p>\n<p>Fenerbah\u00e7e, ezeli rakibi kar\u015f\u0131nda geriye d\u00fc\u015ft\u00fc\u011f\u00fc bir ma\u00e7\u0131 son olarak 29 Nisan 2012&#8217;de S\u00fcper Final&#8217;de kazanm\u0131\u015ft\u0131.<\/p>\n\n<p><\/p>\n<p>Kaynak :\u00a0<span style=\"background-color: rgb(255, 249, 236); color: rgb(55, 58, 60); font-size: 14px;\">http:\/\/www.milliyet.com.tr\/skorer\/fenerbahce-galibiyet-serisine-devam-etti-7475808<\/span><\/p>\n","protected":false},"excerpt":{"rendered":"<p>Fenerbah\u00e7e, Dolmabah\u00e7e\u2019de konuk oldu\u011fu Be\u015fikta\u015f\u2019\u0131 3-2 yenerek galibiyet serisini s\u00fcrd\u00fcrd\u00fc.<\/p>\n","protected":false},"author":1,"featured_media":136637,"comment_status":"open","ping_status":"open","sticky":false,"template":"","format":"standard","meta":{"footnotes":""},"categories":[7],"tags":[],"class_list":["post-136636","post","type-post","status-publish","format-standard","has-post-thumbnail","hentry","category-spor"],"_links":{"self":[{"href":"https:\/\/kamucalisani.net\/index.php\/wp-json\/wp\/v2\/posts\/136636","targetHints":{"allow":["GET"]}}],"collection":[{"href":"https:\/\/kamucalisani.net\/index.php\/wp-json\/wp\/v2\/posts"}],"about":[{"href":"https:\/\/kamucalisani.net\/index.php\/wp-json\/wp\/v2\/types\/post"}],"author":[{"embeddable":true,"href":"https:\/\/kamucalisani.net\/index.php\/wp-json\/wp\/v2\/users\/1"}],"replies":[{"embeddable":true,"href":"https:\/\/kamucalisani.net\/index.php\/wp-json\/wp\/v2\/comments?post=136636"}],"version-history":[{"count":1,"href":"https:\/\/kamucalisani.net\/index.php\/wp-json\/wp\/v2\/posts\/136636\/revisions"}],"predecessor-version":[{"id":136638,"href":"https:\/\/kamucalisani.net\/index.php\/wp-json\/wp\/v2\/posts\/136636\/revisions\/136638"}],"wp:featuredmedia":[{"embeddable":true,"href":"https:\/\/kamucalisani.net\/index.php\/wp-json\/wp\/v2\/media\/136637"}],"wp:attachment":[{"href":"https:\/\/kamucalisani.net\/index.php\/wp-json\/wp\/v2\/media?parent=136636"}],"wp:term":[{"taxonomy":"category","embeddable":true,"href":"https:\/\/kamucalisani.net\/index.php\/wp-json\/wp\/v2\/categories?post=136636"},{"taxonomy":"post_tag","embeddable":true,"href":"https:\/\/kamucalisani.net\/index.php\/wp-json\/wp\/v2\/tags?post=136636"}],"curies":[{"name":"wp","href":"https:\/\/api.w.org\/{rel}","templated":true}]}}