{"id":136651,"date":"2025-11-02T20:48:10","date_gmt":"2025-11-02T20:48:10","guid":{"rendered":"https:\/\/kamucalisani.net\/?p=136651"},"modified":"2025-11-02T20:48:10","modified_gmt":"2025-11-02T20:48:10","slug":"macin-ardindan-besiktas-teknik-heyeti-ile-tedesco-arasinda-gerginlik-skriniardan-aglama-hareketi","status":"publish","type":"post","link":"https:\/\/kamucalisani.net\/index.php\/2025\/11\/02\/macin-ardindan-besiktas-teknik-heyeti-ile-tedesco-arasinda-gerginlik-skriniardan-aglama-hareketi\/","title":{"rendered":"Ma\u00e7\u0131n ard\u0131ndan Be\u015fikta\u015f teknik heyeti ile Tedesco aras\u0131nda gerginlik! Skriniar&#8217;dan &#8216;a\u011flama&#8217; hareketi"},"content":{"rendered":"<p><p>S\u00fcper Lig&#8217;in 11. haftas\u0131nda derbide Be\u015fikta\u015f, Fenerbah\u00e7e ile kozlar\u0131n\u0131 payla\u015ft\u0131. Gollerin ve k\u0131rm\u0131z\u0131 kartlar\u0131n oldu\u011fu ma\u00e7ta Fenerbah\u00e7e kar\u015f\u0131la\u015fmay\u0131 2-0&#8217;dan geri gelerek 3-2 kazand\u0131.<\/p>\n<p><strong>SERGEN YAL\u00c7IN KIRMIZI KART G\u00d6RD\u00dc<\/strong><\/p>\n<p>Orkun K\u00f6k\u00e7\u00fc&#8217;nin k\u0131rm\u0131z\u0131 kart g\u00f6rmesinin ard\u0131ndan karara sinirlenen Sergen Yal\u00e7\u0131n, hakeme tepki g\u00f6sterdi.<\/p>\n<p>K\u0131sa s\u00fcre sonra Sergen Yal\u00e7\u0131n \u015fiddetli tepkiden sar\u0131 kart g\u00f6rd\u00fc. Yerde bulunan \u015fi\u015feyi tekmeleyen Yal\u00e7\u0131n, hakemden do\u011frudan k\u0131rm\u0131z\u0131 kart g\u00f6rerek at\u0131ld\u0131.<\/p>\n<div>\n<div><img decoding=\"async\" src=\"https:\/\/kamucalisani.net\/wp-content\/uploads\/2025\/11\/macin-ardindan-besiktas-teknik-heyeti-ile-tedesco-arasinda-gerginlik-skriniardan-aglama-hareketi-0-exbpryJr.jpg\"\/><\/div>\n<\/div>\n<p><strong>MA\u00c7IN SONUNDA GERG\u0130NL\u0130K<\/strong><\/p>\n<p>Ma\u00e7\u0131n ard\u0131ndan sahan\u0131n i\u00e7ine giren Domenico Tedesco, k\u0131sa s\u00fcreli\u011fine Be\u015fikta\u015f teknik heyeti ve Ersin Destano\u011flu ile tart\u0131\u015ft\u0131.<\/p>\n<div>\n<div><img decoding=\"async\" src=\"https:\/\/kamucalisani.net\/wp-content\/uploads\/2025\/11\/macin-ardindan-besiktas-teknik-heyeti-ile-tedesco-arasinda-gerginlik-skriniardan-aglama-hareketi-1-X3B3HYOb.jpg\"\/><\/div>\n<\/div>\n<p>\u0130ki tak\u0131m\u0131n da teknik ekibi araya girerek gerginli\u011fi yat\u0131\u015ft\u0131rd\u0131.<\/p>\n<p><strong>SKRINIAR&#8217;DAN &#8216;A\u011eLAMA&#8217;A HAREKET\u0130<\/strong><\/p>\n<p>Ya\u015fananlar\u0131n ard\u0131ndan Milan Skriniar da olaya dahil olurken &#8220;a\u011flama&#8221; i\u015fareti yapt\u0131.<\/p>\n<div>\n<div><img decoding=\"async\" src=\"https:\/\/kamucalisani.net\/wp-content\/uploads\/2025\/11\/macin-ardindan-besiktas-teknik-heyeti-ile-tedesco-arasinda-gerginlik-skriniardan-aglama-hareketi-2-SmD7WnbB.jpg\"\/><\/div>\n<\/div>\n<p><\/p>\n<p>Kaynak :\u00a0<span style=\"background-color: rgb(255, 249, 236); color: rgb(55, 58, 60); font-size: 14px;\">http:\/\/www.milliyet.com.tr\/skorer\/macin-ardindan-besiktas-teknik-heyeti-ile-tedesco-arasinda-gerginlik-skriniardan-aglama-hareketi-7475811<\/span><\/p>\n","protected":false},"excerpt":{"rendered":"<p>S\u00fcper Lig&#8217;in 11. haftas\u0131nda Fenerbah\u00e7e deplasmanda Be\u015fikta\u015f&#8217;\u0131 2-0 geriden 3-2 kazand\u0131. Ma\u00e7\u0131n ard\u0131ndan Be\u015fikta\u015f teknik heyeti ile Tedesco aras\u0131nda k\u0131sa s\u00fcreli gerginlik ya\u015fand\u0131.<\/p>\n","protected":false},"author":1,"featured_media":136652,"comment_status":"open","ping_status":"open","sticky":false,"template":"","format":"standard","meta":{"footnotes":""},"categories":[7],"tags":[1325],"class_list":["post-136651","post","type-post","status-publish","format-standard","has-post-thumbnail","hentry","category-spor","tag-kart"],"_links":{"self":[{"href":"https:\/\/kamucalisani.net\/index.php\/wp-json\/wp\/v2\/posts\/136651","targetHints":{"allow":["GET"]}}],"collection":[{"href":"https:\/\/kamucalisani.net\/index.php\/wp-json\/wp\/v2\/posts"}],"about":[{"href":"https:\/\/kamucalisani.net\/index.php\/wp-json\/wp\/v2\/types\/post"}],"author":[{"embeddable":true,"href":"https:\/\/kamucalisani.net\/index.php\/wp-json\/wp\/v2\/users\/1"}],"replies":[{"embeddable":true,"href":"https:\/\/kamucalisani.net\/index.php\/wp-json\/wp\/v2\/comments?post=136651"}],"version-history":[{"count":1,"href":"https:\/\/kamucalisani.net\/index.php\/wp-json\/wp\/v2\/posts\/136651\/revisions"}],"predecessor-version":[{"id":136656,"href":"https:\/\/kamucalisani.net\/index.php\/wp-json\/wp\/v2\/posts\/136651\/revisions\/136656"}],"wp:featuredmedia":[{"embeddable":true,"href":"https:\/\/kamucalisani.net\/index.php\/wp-json\/wp\/v2\/media\/136652"}],"wp:attachment":[{"href":"https:\/\/kamucalisani.net\/index.php\/wp-json\/wp\/v2\/media?parent=136651"}],"wp:term":[{"taxonomy":"category","embeddable":true,"href":"https:\/\/kamucalisani.net\/index.php\/wp-json\/wp\/v2\/categories?post=136651"},{"taxonomy":"post_tag","embeddable":true,"href":"https:\/\/kamucalisani.net\/index.php\/wp-json\/wp\/v2\/tags?post=136651"}],"curies":[{"name":"wp","href":"https:\/\/api.w.org\/{rel}","templated":true}]}}