{"id":136741,"date":"2025-11-03T07:06:12","date_gmt":"2025-11-03T07:06:12","guid":{"rendered":"https:\/\/kamucalisani.net\/?p=136741"},"modified":"2025-11-03T07:06:12","modified_gmt":"2025-11-03T07:06:12","slug":"fenerbahceden-besiktasa-buyutec-ve-havlu-gondermesi-alex-ve-anelka-yer-aldi","status":"publish","type":"post","link":"https:\/\/kamucalisani.net\/index.php\/2025\/11\/03\/fenerbahceden-besiktasa-buyutec-ve-havlu-gondermesi-alex-ve-anelka-yer-aldi\/","title":{"rendered":"Fenerbah\u00e7e&#8217;den Be\u015fikta\u015f&#8217;a b\u00fcy\u00fcte\u00e7 ve havlu g\u00f6ndermesi! Alex ve Anelka yer ald\u0131"},"content":{"rendered":"<p><p>S\u00fcper Lig&#8217;de Be\u015fikta\u015f ile kar\u015f\u0131la\u015fan Fenerbah\u00e7e, ma\u00e7\u0131n ilk 22 dakikas\u0131nda iki gol yiyerek 2-0 geri d\u00fc\u015ft\u00fc.<\/p>\n<p>Orkun K\u00f6k\u00e7\u00fc ve teknik direkt\u00f6r Sergen Yal\u00e7\u0131n&#8217;\u0131n k\u0131rm\u0131z\u0131 kart g\u00f6rmesinin ard\u0131ndan 31. dakikada \u0130smail Y\u00fcksek, 45+3. dakikada Marco Asensio ile gol\u00fc bulan Fenerbah\u00e7e, ilk yar\u0131y\u0131 2-2 berabere kapatt\u0131.<\/p>\n<p>Sar\u0131-lacivertli tak\u0131m, 82. dakikada Jhon Duran&#8217;\u0131n gol\u00fcyle 3-2 \u00f6ne ge\u00e7ti ve ma\u00e7\u0131 da bu skorla kapatarak derbiden galip ayr\u0131ld\u0131.<\/p>\n<div>\n<div><img decoding=\"async\" src=\"https:\/\/kamucalisani.net\/wp-content\/uploads\/2025\/11\/fenerbahceden-besiktasa-buyutec-ve-havlu-gondermesi-alex-ve-anelka-yer-aldi-0-S29Kub2s.jpg\"\/><\/div>\n<\/div>\n<p><strong>HAVLU VE B\u00dcY\u00dcTE\u00c7 G\u00d6NDERMES\u0130<\/strong><\/p>\n<p>Fenerbah\u00e7e derbi sonra yapt\u0131\u011f\u0131 videolu payla\u015f\u0131mda deplasmanda Be\u015fikta\u015f&#8217;a gol atan eski futbolcular\u0131 Alex, Anelka, Tuncay \u015eanl\u0131, Dzeko&#8217;yu kulland\u0131. Sar\u0131-lacivertli kul\u00fcp, Be\u015fikta\u015f&#8217;\u0131n transfer videolar\u0131nda kulland\u0131\u011f\u0131 \u00e7antaya g\u00f6nderme yapt\u0131. \u00c7antan\u0131n i\u00e7inde ise b\u00fcy\u00fcte\u00e7, havlu ve ku\u015f t\u00fcy\u00fc yer ald\u0131.\u00a0<\/p>\n<div>\n<div><img decoding=\"async\" src=\"https:\/\/kamucalisani.net\/wp-content\/uploads\/2025\/11\/fenerbahceden-besiktasa-buyutec-ve-havlu-gondermesi-alex-ve-anelka-yer-aldi-1-cj9WekP8.jpg\"\/><\/div>\n<\/div>\n<p>Havlu g\u00f6rselinin \u015fampiyonluk yar\u0131\u015f\u0131ndan kopmalar\u0131na g\u00f6nderme oldu\u011fu vurguland\u0131. \u00d6te yandan videoda b\u00fcy\u00fcte\u00e7 kullan\u0131lmas\u0131 dikkat \u00e7ekti.\u00a0<\/p>\n<div>\n<div><img decoding=\"async\" src=\"https:\/\/kamucalisani.net\/wp-content\/uploads\/2025\/11\/fenerbahceden-besiktasa-buyutec-ve-havlu-gondermesi-alex-ve-anelka-yer-aldi-2-hkd7Lcfy.jpg\"\/><\/div>\n<\/div>\n<p><strong>2 AVANS, 3&#8217;TE B\u0130TER<\/strong><\/p>\n<p>Ma\u00e7\u0131n ard\u0131ndan Fenerbah\u00e7e sosyal medya hesab\u0131 derbi g\u00f6ndermelerine devam etti.\u00a0<\/p>\n<p>\u0130lk olarak ma\u00e7 sonucunu payla\u015fan Fenerbah\u00e7e, sonu\u00e7 payla\u015f\u0131m\u0131nda &#8216;2 avans 3&#8217;te biter&#8217; ifadelerine yer verdi.\u00a0<\/p>\n<p>K\u0131sa s\u00fcre sonra bir video payla\u015fan Fenerbah\u00e7e, bo\u011fazda gezen bir geminin yer ald\u0131\u011f\u0131 videoda &#8216;Bu inkar edilemez bir ger\u00e7ektir: Bo\u011faz\u0131n tek hakimi vard\u0131r ve o da Fenerbah\u00e7e&#8217;dir&#8217; ifadelerini kulland\u0131.\u00a0<\/p>\n<div>\n<div><img decoding=\"async\" src=\"https:\/\/kamucalisani.net\/wp-content\/uploads\/2025\/11\/fenerbahceden-besiktasa-buyutec-ve-havlu-gondermesi-alex-ve-anelka-yer-aldi-3-VTZrFC6i.jpg\"\/><\/div>\n<\/div>\n<p><strong>&#8216;MA\u00c7IN KADER\u0130 O AN DE\u011e\u0130\u015eT\u0130&#8217;<\/strong><\/p>\n<p>Videonun ard\u0131ndan teknik direkt\u00f6r Domenico Tedesco&#8217;nun Fatih Sultan Mehmet&#8217;e benzetildi\u011fi bir \u00e7izim payla\u015fan Fenerbah\u00e7e&#8217;nin bu payla\u015f\u0131m\u0131nda &#8216;Siz bunun ne anlama geldi\u011fini iyi biliyorsunuz&#8217; ifadeleri yer ald\u0131.\u00a0<\/p>\n<p>Bu payla\u015f\u0131m\u0131 takiben \u0130ngilizce sosyal medya hesab\u0131ndan bir payla\u015f\u0131m yapan Fenerbah\u00e7e, Be\u015fikta\u015f taraftar\u0131n\u0131n \u00fc\u00e7\u00fcnc\u00fc gol i\u00e7in yapt\u0131\u011f\u0131 tezah\u00fcrata g\u00f6ndermede bulundu.\u00a0<\/p>\n<p>Fenerbah\u00e7e&#8217;nin payla\u015f\u0131m\u0131nda, &#8216;Be\u015fikta\u015f taraftar\u0131 3! 3! 3! diye tezah\u00fcrat yapt\u0131\u011f\u0131 anda ma\u00e7\u0131n kaderi de\u011fi\u015fti!&#8217; ifadeleri yer ald\u0131.<\/p>\n<p><strong>&#8216;SAH\u0130LDE HAR\u0130KA B\u0130R GECE&#8217;\u00a0<\/strong><\/p>\n<p>\u0130ngilizce hesaptaki payla\u015f\u0131m\u0131n ard\u0131ndan Be\u015fikta\u015f stad\u0131n\u0131n panoramik g\u00f6r\u00fcnt\u00fcs\u00fcn\u00fcn yer ald\u0131\u011f\u0131 ve bir kartal anahtarl\u0131\u011f\u0131n\u0131n salland\u0131r\u0131ld\u0131\u011f\u0131 bir video payla\u015fan Fenerbah\u00e7e, bu payla\u015f\u0131m\u0131nda &#8216;Sahilde harika bir gece&#8217; ifadesini kulland\u0131.<\/p>\n<p>Fenerbah\u00e7e son olarak Domenico Tedesco&#8217;nun ata bindi\u011fi bir foto\u011fraf payla\u015ft\u0131.\u00a0<\/p>\n<div>\n<div><img decoding=\"async\" src=\"https:\/\/kamucalisani.net\/wp-content\/uploads\/2025\/11\/fenerbahceden-besiktasa-buyutec-ve-havlu-gondermesi-alex-ve-anelka-yer-aldi-4-ObPK6bSz.jpg\"\/><\/div>\n<\/div>\n<p><strong>TEDESCO: PAYLA\u015eIMI G\u00d6RMED\u0130M<\/strong><\/p>\n<p>Ma\u00e7\u0131n ard\u0131ndan Tedesco&#8217;ya Fatih Sultan Mehmet payla\u015f\u0131m\u0131 soruldu. Tedesco, &#8216;Payla\u015f\u0131m\u0131 g\u00f6rmedim&#8217; cevab\u0131n\u0131 verdi.<\/p>\n\n<p><\/p>\n<p>Kaynak :\u00a0<span style=\"background-color: rgb(255, 249, 236); color: rgb(55, 58, 60); font-size: 14px;\">http:\/\/www.milliyet.com.tr\/skorer\/fenerbahceden-besiktasa-buyutec-ve-havlu-gondermesi-alex-ve-anelka-yer-aldi-7475935<\/span><\/p>\n","protected":false},"excerpt":{"rendered":"<p>S\u00fcper Lig&#8217;de Be\u015fikta\u015f&#8217;\u0131 3-2 ma\u011flup eden Fenerbah\u00e7e&#8217;de sosyal medya \u00fczerinden g\u00f6ndermeler devam etti. Be\u015fikta\u015f&#8217;\u0131n transfer videolar\u0131na g\u00f6nderme yapan sar\u0131-lacivertlilerin havlu ve b\u00fcy\u00fcte\u00e7 g\u00f6rseli dikkat \u00e7ekti.<\/p>\n","protected":false},"author":1,"featured_media":136742,"comment_status":"open","ping_status":"open","sticky":false,"template":"","format":"standard","meta":{"footnotes":""},"categories":[7],"tags":[819,184,6801,26],"class_list":["post-136741","post","type-post","status-publish","format-standard","has-post-thumbnail","hentry","category-spor","tag-besiktas","tag-fenerbahce","tag-paylasimi","tag-video"],"_links":{"self":[{"href":"https:\/\/kamucalisani.net\/index.php\/wp-json\/wp\/v2\/posts\/136741","targetHints":{"allow":["GET"]}}],"collection":[{"href":"https:\/\/kamucalisani.net\/index.php\/wp-json\/wp\/v2\/posts"}],"about":[{"href":"https:\/\/kamucalisani.net\/index.php\/wp-json\/wp\/v2\/types\/post"}],"author":[{"embeddable":true,"href":"https:\/\/kamucalisani.net\/index.php\/wp-json\/wp\/v2\/users\/1"}],"replies":[{"embeddable":true,"href":"https:\/\/kamucalisani.net\/index.php\/wp-json\/wp\/v2\/comments?post=136741"}],"version-history":[{"count":1,"href":"https:\/\/kamucalisani.net\/index.php\/wp-json\/wp\/v2\/posts\/136741\/revisions"}],"predecessor-version":[{"id":136748,"href":"https:\/\/kamucalisani.net\/index.php\/wp-json\/wp\/v2\/posts\/136741\/revisions\/136748"}],"wp:featuredmedia":[{"embeddable":true,"href":"https:\/\/kamucalisani.net\/index.php\/wp-json\/wp\/v2\/media\/136742"}],"wp:attachment":[{"href":"https:\/\/kamucalisani.net\/index.php\/wp-json\/wp\/v2\/media?parent=136741"}],"wp:term":[{"taxonomy":"category","embeddable":true,"href":"https:\/\/kamucalisani.net\/index.php\/wp-json\/wp\/v2\/categories?post=136741"},{"taxonomy":"post_tag","embeddable":true,"href":"https:\/\/kamucalisani.net\/index.php\/wp-json\/wp\/v2\/tags?post=136741"}],"curies":[{"name":"wp","href":"https:\/\/api.w.org\/{rel}","templated":true}]}}