{"id":137290,"date":"2025-11-12T10:54:26","date_gmt":"2025-11-12T10:54:26","guid":{"rendered":"https:\/\/kamucalisani.net\/?p=137290"},"modified":"2025-11-12T10:54:26","modified_gmt":"2025-11-12T10:54:26","slug":"turkiye-agliyor-sehitlerin-hikayeleri-yurekleri-yakti-pilot-olmak-cocukluk-hayaliydi","status":"publish","type":"post","link":"https:\/\/kamucalisani.net\/index.php\/2025\/11\/12\/turkiye-agliyor-sehitlerin-hikayeleri-yurekleri-yakti-pilot-olmak-cocukluk-hayaliydi\/","title":{"rendered":"T\u00fcrkiye a\u011fl\u0131yor! \u015eehitlerin hikayeleri y\u00fcrekleri yakt\u0131: Pilot olmak \u00e7ocukluk hayaliydi"},"content":{"rendered":"<p><p>G\u00fcrcistan-Azerbaycan s\u0131n\u0131r\u0131nda d\u00fcn T\u00fcrk Hava Kuvvetlerine ait C-130 tipi askeri kargo u\u00e7a\u011f\u0131 d\u00fc\u015fm\u00fc\u015f 20 asker \u015fehit olmu\u015ftu. \u015eehit askerlerden 41 ya\u015f\u0131ndaki 1 \u00e7ocuk babas\u0131 Hava Pilot Yarbay G\u00f6khan Korkmaz&#8217;\u0131n B\u00fcy\u00fck\u00e7ekmece&#8217;deki evine \u00e7ok say\u0131da vatanda\u015f ak\u0131n etti.<\/p>\n<div>\n<div><img decoding=\"async\" src=\"https:\/\/kamucalisani.net\/wp-content\/uploads\/2025\/11\/turkiye-agliyor-sehitlerin-hikayeleri-yurekleri-yakti-pilot-olmak-cocukluk-hayaliydi-0-L1h3s8kn.jpg\"\/><\/img><\/div>\n<\/div>\n<p>Korkmaz&#8217;\u0131n evinde taziyeler kabul ediliyor. \u015eehidin evi, sokak ve binalar T\u00fcrk bayraklar\u0131 ile donat\u0131ld\u0131. Hava Pilot Yarbay G\u00f6khan Korkmaz&#8217;\u0131n yeni r\u00fctbesini A\u011fustos&#8217;ta ald\u0131\u011f\u0131 \u00f6\u011frenildi.<\/p>\n<div>\n<div><img decoding=\"async\" src=\"https:\/\/kamucalisani.net\/wp-content\/uploads\/2025\/11\/turkiye-agliyor-sehitlerin-hikayeleri-yurekleri-yakti-pilot-olmak-cocukluk-hayaliydi-1-Rdtf5fAG.jpg\"\/><\/img><\/div>\n<\/div>\n<p><em><strong>\u015eehit Hava Pilot Yarbay G\u00f6khan Korkmaz<\/strong><\/em><\/p>\n<p>\u00a0<strong>P\u0130LOT OLMAK \u00c7OCUKLU HAYAL\u0130YD\u0130 <\/strong><\/p>\n<p>Aile yak\u0131n\u0131 Turgut \u00d6zdemir, Yarbay Korkmaz&#8217;\u0131n aile yak\u0131n\u0131, &#8220;B\u00f6lgemizin k\u00f6kl\u00fc bir ailesiydi. O\u011flumun s\u0131n\u0131f arkada\u015f\u0131yd\u0131 babas\u0131 \u00e7ok de\u011ferli bir abim. Maalesef elim bir kazada kaybettik. En son bir d\u00fc\u011f\u00fcn\u00fcm\u00fcz vard\u0131 ard\u0131ndan bir cenaze vard\u0131 o zaman g\u00f6r\u00fc\u015fm\u00fc\u015ft\u00fck. Ailesine \u2018Cuma g\u00fcn\u00fc gelece\u011fim&#8217; diyor. Kargo u\u00e7a\u011f\u0131 pilotuydu. Yeni r\u00fctbe takm\u0131\u015ft\u0131 yarbay olmu\u015ftu. B\u00fcy\u00fck\u00e7ekmece&#8217;miz kan a\u011fl\u0131yor \u015fu anda. Pilot olmak \u00e7ocuklu hayaliydi. Maalesef kaybettik&#8221; dedi.\u00a0<\/p>\n<p><strong>&#8216;DAYICIM D\u0130YE A\u00c7ARDI HEP TELEFONU&#8217;<\/strong><\/p>\n<p>Yarbay Korkmaz&#8217;\u0131n day\u0131s\u0131 Ayd\u0131n Devrim ise, &#8220;En son Pazar g\u00fcn\u00fc konu\u015fmu\u015ftum. O\u011flunun do\u011fum g\u00fcn\u00fcyd\u00fc. Day\u0131c\u0131m diye a\u00e7ard\u0131 hep telefonu. Vatan\u0131n\u0131 milletini seven biriydi. Yeni yarbayd\u0131. Vatan\u0131m\u0131z sa\u011f olsun. Di\u011fer ailelere de sab\u0131r diliyorum&#8221; ifadelerini kulland\u0131.<\/p>\n<p><strong>\u015eEH\u0130T P\u0130LOT USLU 4 AY SONRA BABA OLACAKTI<\/strong>\u00a0<\/p>\n<p>Hava Pilot Serdar Uslu&#8217;nun \u015fehadet haberi, Yenig\u00fcn Mahallesi&#8217;nde bulunan baba oca\u011f\u0131na ula\u015ft\u0131. Baba oca\u011f\u0131na haberi, \u0130neg\u00f6l Kaymakam\u0131 Eren Arslan, Garnizon Komutan\u0131 Albay \u0130brahim Feyzi B\u00fc\u011fd\u00fcz, Yeni\u015fehir Belediye Ba\u015fkan\u0131 Ercan \u00d6zel ile verdi. Askeri erkan\u0131n yan\u0131 s\u0131ra haberi alan yak\u0131nlar\u0131 ve mahalle sakinleri geldi.<\/p>\n<div>\n<div><img decoding=\"async\" src=\"https:\/\/kamucalisani.net\/wp-content\/uploads\/2025\/11\/turkiye-agliyor-sehitlerin-hikayeleri-yurekleri-yakti-pilot-olmak-cocukluk-hayaliydi-2-XlkvgyYN.jpg\"\/><\/img><\/div>\n<\/div>\n<p>\u015eehit Hava Pilot Serdar Uslu&#8217;nun e\u015fi G\u00f6knur Uslu&#8217;nun hamile oldu\u011fu \u015eehit Serdar Uslu&#8217;nun 4 ay sonra baba olaca\u011f\u0131 \u00f6\u011frenildi.<\/p>\n<div>\n<div><img decoding=\"async\" src=\"https:\/\/kamucalisani.net\/wp-content\/uploads\/2025\/11\/turkiye-agliyor-sehitlerin-hikayeleri-yurekleri-yakti-pilot-olmak-cocukluk-hayaliydi-3-6jj3VZ8j.jpg\"\/><\/img><\/div>\n<\/div>\n<p><em><strong>\u015eehit Hava Pilot Serdar Uslu<\/strong><\/em><\/p>\n<p>Uslu&#8217;nun ailesinin ya\u015fad\u0131\u011f\u0131 apartman\u0131n 3&#8217;\u00fcnc\u00fc kat\u0131nda bulunan eve T\u00fcrk bayra\u011f\u0131 as\u0131ld\u0131. Ayr\u0131ca, sa\u011fl\u0131k ekipleri evin \u00f6n\u00fcnde haz\u0131r bekletildi.<\/p>\n<div>\n<div><img decoding=\"async\" src=\"https:\/\/kamucalisani.net\/wp-content\/uploads\/2025\/11\/turkiye-agliyor-sehitlerin-hikayeleri-yurekleri-yakti-pilot-olmak-cocukluk-hayaliydi-4-AnjgCKnU.jpg\"\/><\/img><\/div>\n<\/div>\n<p><em><strong>\u015eehit Hava Pilot Serdar Uslu<\/strong><\/em><\/p>\n<p>\u00a0<\/p>\n<p><strong>&#8220;GE\u00c7EN SENE EVLENM\u0130\u015eT\u0130&#8221;<\/strong><\/p>\n<p>\u015eehit olan Hava Pilot \u00dcste\u011fmen C\u00fcneyt Kandemir&#8217;in (31) \u015fehadet haberi, Ankara&#8217;n\u0131n Yenimahalle il\u00e7esindeki babaevine ula\u015ft\u0131. C\u00fcneyt Kandemir&#8217;in babas\u0131 Adil Kandemir&#8217;in (58) ticaretle u\u011fra\u015ft\u0131\u011f\u0131 ve emekli oldu\u011fu, annesi Canan Kandemir&#8217;in de \u00f6\u011fretmenlikten emekli oldu\u011fu \u00f6\u011frenildi.<\/p>\n<div>\n<div><img decoding=\"async\" src=\"https:\/\/kamucalisani.net\/wp-content\/uploads\/2025\/11\/turkiye-agliyor-sehitlerin-hikayeleri-yurekleri-yakti-pilot-olmak-cocukluk-hayaliydi-5-SNlugXhv.jpg\"\/><\/img><\/div>\n<\/div>\n<p><em><strong>Hava Pilot \u00dcste\u011fmen C\u00fcneyt Kandemir<\/strong><\/em><\/p>\n<p>\u015eehit Pilot C\u00fcneyt&#8217;in e\u015fi Defne Kandemir ile 1 sene \u00f6nce evlendi\u011fi ve Kayseri&#8217;de ya\u015fad\u0131klar\u0131 \u00f6\u011frenildi.<\/p>\n<div>\n<div><img decoding=\"async\" src=\"https:\/\/kamucalisani.net\/wp-content\/uploads\/2025\/11\/turkiye-agliyor-sehitlerin-hikayeleri-yurekleri-yakti-pilot-olmak-cocukluk-hayaliydi-6-6WTjGQF3.jpg\"\/><\/img><\/div>\n<\/div>\n<p>G\u00f6zya\u015flar\u0131 i\u00e7inde konu\u015fan baba Adil Kandemir, &#8220;Pilot o\u011flum C\u00fcneyt Kandemir ve 20 \u015fehide, hepsine rahmet diliyorum. Mekanlar\u0131 cennet olsun. Evlad\u0131m\u0131z, vatan i\u00e7in hepsi cennete gidecek. \u00c7ok \u00fczg\u00fcn\u00fcm. Ge\u00e7en sene evlenmi\u015fti. Hayallerinin hepsini ger\u00e7ekle\u015ftirdi k\u0131sa bir s\u00fcrede. Bu sene Japonya&#8217;ya gitti geldi, gezdi. D\u00fcnyan\u0131n etraf\u0131n\u0131 gezecekti ama k\u0131smet olmad\u0131. Di\u011fer askerlerimize nasip olur in\u015fallah. Vatan i\u00e7in var\u0131z, evlad\u0131m da vatan i\u00e7in \u015fehit oldu&#8221; dedi.<\/p>\n<div>\n<div><img decoding=\"async\" src=\"https:\/\/kamucalisani.net\/wp-content\/uploads\/2025\/11\/turkiye-agliyor-sehitlerin-hikayeleri-yurekleri-yakti-pilot-olmak-cocukluk-hayaliydi-7-sdfRPRs2.jpg\"\/><\/img><\/div>\n<\/div>\n<p><\/p>\n<p>Kaynak :\u00a0<span style=\"background-color: rgb(255, 249, 236); color: rgb(55, 58, 60); font-size: 14px;\">http:\/\/www.milliyet.com.tr\/gundem\/turkiye-agliyor-sehitlerin-hikayeleri-yurekleri-yakti-pilot-olmak-cocukluk-hayaliydi-7481783<\/span><\/p>\n","protected":false},"excerpt":{"rendered":"<p>T\u00fcrk Silahl\u0131 Kuvvetleri&#8217;ne ait askeri kargo u\u00e7a\u011f\u0131n\u0131n G\u00fcrcistan&#8217;da d\u00fc\u015fmesi T\u00fcrkiye&#8217;yi yasa bo\u011fdu. T\u00fcrkiye \u015eehitlerine a\u011flarken, \u015eehitlerin hikayeleri ise y\u00fcrekleri da\u011fl\u0131yor.<\/p>\n","protected":false},"author":1,"featured_media":137291,"comment_status":"open","ping_status":"open","sticky":false,"template":"","format":"standard","meta":{"footnotes":""},"categories":[3],"tags":[439,9226,3271,2130,9227],"class_list":["post-137290","post","type-post","status-publish","format-standard","has-post-thumbnail","hentry","category-guncel","tag-baba","tag-hava-pilot","tag-kan","tag-sehit","tag-yarbay"],"_links":{"self":[{"href":"https:\/\/kamucalisani.net\/index.php\/wp-json\/wp\/v2\/posts\/137290","targetHints":{"allow":["GET"]}}],"collection":[{"href":"https:\/\/kamucalisani.net\/index.php\/wp-json\/wp\/v2\/posts"}],"about":[{"href":"https:\/\/kamucalisani.net\/index.php\/wp-json\/wp\/v2\/types\/post"}],"author":[{"embeddable":true,"href":"https:\/\/kamucalisani.net\/index.php\/wp-json\/wp\/v2\/users\/1"}],"replies":[{"embeddable":true,"href":"https:\/\/kamucalisani.net\/index.php\/wp-json\/wp\/v2\/comments?post=137290"}],"version-history":[{"count":1,"href":"https:\/\/kamucalisani.net\/index.php\/wp-json\/wp\/v2\/posts\/137290\/revisions"}],"predecessor-version":[{"id":137300,"href":"https:\/\/kamucalisani.net\/index.php\/wp-json\/wp\/v2\/posts\/137290\/revisions\/137300"}],"wp:featuredmedia":[{"embeddable":true,"href":"https:\/\/kamucalisani.net\/index.php\/wp-json\/wp\/v2\/media\/137291"}],"wp:attachment":[{"href":"https:\/\/kamucalisani.net\/index.php\/wp-json\/wp\/v2\/media?parent=137290"}],"wp:term":[{"taxonomy":"category","embeddable":true,"href":"https:\/\/kamucalisani.net\/index.php\/wp-json\/wp\/v2\/categories?post=137290"},{"taxonomy":"post_tag","embeddable":true,"href":"https:\/\/kamucalisani.net\/index.php\/wp-json\/wp\/v2\/tags?post=137290"}],"curies":[{"name":"wp","href":"https:\/\/api.w.org\/{rel}","templated":true}]}}