{"id":137342,"date":"2025-11-12T12:06:09","date_gmt":"2025-11-12T12:06:09","guid":{"rendered":"https:\/\/kamucalisani.net\/?p=137342"},"modified":"2025-11-12T12:06:09","modified_gmt":"2025-11-12T12:06:09","slug":"istanbulda-garip-olay-basibos-at-vatandaslari-kovaladi-bizi-gorur-gormez-uzerimize-kostu","status":"publish","type":"post","link":"https:\/\/kamucalisani.net\/index.php\/2025\/11\/12\/istanbulda-garip-olay-basibos-at-vatandaslari-kovaladi-bizi-gorur-gormez-uzerimize-kostu\/","title":{"rendered":"\u0130stanbul&#8217;da garip olay! Ba\u015f\u0131bo\u015f at vatanda\u015flar\u0131 kovalad\u0131: &#8216;Bizi g\u00f6r\u00fcr g\u00f6rmez \u00fczerimize ko\u015ftu&#8217;"},"content":{"rendered":"<p><p>Olay, 10 Kas\u0131m g\u00fcn\u00fc \u00dcmraniye&#8217;de meydana geldi. Edinilen bilgilere g\u00f6re, ba\u015f\u0131bo\u015f bir at vatanda\u015flar\u0131 uzun s\u00fcre boyunca kovalad\u0131. Ba\u015f\u0131bo\u015f at\u0131n \u00e7evrede ko\u015fup d\u00fckkanlara girmeye \u00e7al\u0131\u015fmas\u0131 ise pani\u011fe neden oldu. Ko\u015fturmaca s\u0131ras\u0131nda yolda giden bebek arabal\u0131 bir ki\u015finin korkuyla ka\u00e7mas\u0131 dikkat \u00e7ekerken, \u00e7evrede bulunan vatanda\u015flar ise durumu merakl\u0131 bak\u0131\u015flarla izledi. At\u0131n kovalad\u0131\u011f\u0131 ki\u015filer ilk ba\u015fta \u00e7ok tedirgin olsalar da, g\u00f6r\u00fcnt\u00fcleri izledikten sonra olay\u0131 e\u011flenceli bulduklar\u0131n\u0131 dile getirdiler.<\/p>\n<p><strong>&#8220;OLAY SIRASINDA \u00c7OK KORKTUK AMA \u015eU AN D\u00dc\u015e\u00dcND\u00dc\u011e\u00dcMDE KOM\u0130K GEL\u0130YOR&#8221;<\/strong><\/p>\n<p>At\u0131n kovalad\u0131\u011f\u0131 Azize \u00d6zt\u00fcrk, &#8220;10 Kas\u0131m g\u00fcn\u00fc ger\u00e7ekle\u015fti. Biz t\u00f6ren i\u00e7in at getirildi\u011fini zannederek yan\u0131na gittik, hem t\u00f6rene kat\u0131lal\u0131m hem de at\u0131 g\u00f6relim diye. Me\u011fer at ka\u00e7m\u0131\u015f, bizi g\u00f6r\u00fcr g\u00f6rmez de \u00fczerimize ko\u015fmaya ba\u015flad\u0131. O an tek akl\u0131ma gelen \u015fey ka\u00e7mak oldu. Tabii olay s\u0131ras\u0131nda \u00e7ok korktuk ama bir yandan da e\u011flenceli anlar ortaya \u00e7\u0131kt\u0131. \u015eu an d\u00fc\u015f\u00fcnd\u00fc\u011f\u00fcmde komik geliyor. Kimseye bir \u015fey olmad\u0131 ama san\u0131r\u0131m kalabal\u0131\u011f\u0131 g\u00f6r\u00fcnce heyecanland\u0131. Bizim i\u00e7in g\u00fczel bir an\u0131 oldu diyebilirim&#8221; dedi.<\/p>\n<p><strong>&#8220;\u0130LERDE MANEVRA YAPARAK ATTAN KA\u00c7TIK, SONRA D\u0130\u011eER ARKADA\u015eLARIMIZI DA B\u0130RAZ KOVALADI&#8221;<\/strong><\/p>\n<p>Ya\u011f\u0131z \u00d6zt\u00fcrk de kovalamaca s\u0131ras\u0131nda refleks olarak e\u015fini korumaya \u00e7al\u0131\u015ft\u0131\u011f\u0131n\u0131 dile getirerek, &#8220;At burada i\u015fletmemizin \u00f6n\u00fcnde e\u015fimle bizi birlikte kovalad\u0131. Koruma i\u00e7g\u00fcd\u00fcs\u00fcyle ona zarar gelmemesi i\u00e7in e\u015fimle at\u0131n aras\u0131na girdim. Sonra ileride manevra yaparak attan ka\u00e7t\u0131k, akabinde di\u011fer arkada\u015flar\u0131m\u0131z\u0131 da biraz kovalad\u0131. \u00c7ok \u015f\u00fck\u00fcr bize bir \u015fey olmad\u0131. Sonras\u0131nda videolar\u0131 tekrar izleyince e\u011flenceli anlar ya\u015fad\u0131k&#8221; dedi.<\/p>\n<div>\n<div><img decoding=\"async\" src=\"https:\/\/kamucalisani.net\/wp-content\/uploads\/2025\/11\/istanbulda-garip-olay-basibos-at-vatandaslari-kovaladi-bizi-gorur-gormez-uzerimize-kostu-0-WtvEPe65.jpg\"\/><\/img><\/div>\n<\/div>\n<p><strong>&#8220;DI\u015eARDAN KEY\u0130FL\u0130 G\u00d6Z\u00dcK\u00dcYOR AMA ATIN YANINA G\u0130D\u0130NCE DEVASA B\u0130R FARK OLUYOR&#8221;<\/strong><\/p>\n<p>\u0130\u015fletme sahibi Fatih D\u00f6nmez ise, ya\u015fanan kovalamacadan \u00f6t\u00fcr\u00fc \u00e7evredeki vatanda\u015flar\u0131n pani\u011fe kap\u0131ld\u0131\u011f\u0131n\u0131 s\u00f6yleyerek, &#8220;Restoranda arkada\u015f\u0131mla beraber yemek yerken at g\u00f6rd\u00fc\u011f\u00fcn\u00fc s\u00f6yledi. Hatta bizim arkada\u015flar\u0131 da kovalad\u0131\u011f\u0131n\u0131 g\u00f6rd\u00fcm. 10 Kas\u0131m oldu\u011fu i\u00e7in onunla ilgili bir etkinlik oldu\u011funu d\u00fc\u015f\u00fcnm\u00fc\u015fler. Ben onlar\u0131n ka\u00e7t\u0131\u011f\u0131n\u0131 g\u00f6r\u00fcnce yard\u0131mc\u0131 olmak i\u00e7in yanlar\u0131na geldim. \u00c7\u00fcnk\u00fc burada bebek arabal\u0131 bir han\u0131mefendi de vard\u0131, burada birka\u00e7 tur att\u0131. O ara ben de nasibimi ald\u0131m tabii. D\u0131\u015fardan keyifli g\u00f6z\u00fck\u00fcyor ama at\u0131n yan\u0131na gidince devasa bir fark oluyor. Kamerada g\u00f6r\u00fcnen sadece belli bir k\u0131sm\u0131; \u015fu alanda yakla\u015f\u0131k 4 tur att\u0131k. En son markete girmesinden korktuk, insanlar da tedirgin oldu&#8221; \u015feklinde konu\u015ftu.<\/p>\n\n<p><\/p>\n<p>Kaynak :\u00a0<span style=\"background-color: rgb(255, 249, 236); color: rgb(55, 58, 60); font-size: 14px;\">http:\/\/www.milliyet.com.tr\/gundem\/istanbulda-garip-olay-basibos-at-vatandaslari-kovaladi-bizi-gorur-gormez-uzerimize-kostu-7481843<\/span><\/p>\n","protected":false},"excerpt":{"rendered":"<p>\u0130stanbul \u00dcmraniye&#8217;de ba\u015f\u0131bo\u015f gezen at, vatanda\u015flar\u0131 dakikalarca kovalad\u0131. Ya\u015fanan bu s\u0131ra d\u0131\u015f\u0131 olay kar\u015f\u0131s\u0131nda vatanda\u015flar hem korku dolu hem de e\u011flenceli anlar ya\u015fad\u0131.<\/p>\n","protected":false},"author":1,"featured_media":137343,"comment_status":"open","ping_status":"open","sticky":false,"template":"","format":"standard","meta":{"footnotes":""},"categories":[3],"tags":[9235],"class_list":["post-137342","post","type-post","status-publish","format-standard","has-post-thumbnail","hentry","category-guncel","tag-atin"],"_links":{"self":[{"href":"https:\/\/kamucalisani.net\/index.php\/wp-json\/wp\/v2\/posts\/137342","targetHints":{"allow":["GET"]}}],"collection":[{"href":"https:\/\/kamucalisani.net\/index.php\/wp-json\/wp\/v2\/posts"}],"about":[{"href":"https:\/\/kamucalisani.net\/index.php\/wp-json\/wp\/v2\/types\/post"}],"author":[{"embeddable":true,"href":"https:\/\/kamucalisani.net\/index.php\/wp-json\/wp\/v2\/users\/1"}],"replies":[{"embeddable":true,"href":"https:\/\/kamucalisani.net\/index.php\/wp-json\/wp\/v2\/comments?post=137342"}],"version-history":[{"count":1,"href":"https:\/\/kamucalisani.net\/index.php\/wp-json\/wp\/v2\/posts\/137342\/revisions"}],"predecessor-version":[{"id":137345,"href":"https:\/\/kamucalisani.net\/index.php\/wp-json\/wp\/v2\/posts\/137342\/revisions\/137345"}],"wp:featuredmedia":[{"embeddable":true,"href":"https:\/\/kamucalisani.net\/index.php\/wp-json\/wp\/v2\/media\/137343"}],"wp:attachment":[{"href":"https:\/\/kamucalisani.net\/index.php\/wp-json\/wp\/v2\/media?parent=137342"}],"wp:term":[{"taxonomy":"category","embeddable":true,"href":"https:\/\/kamucalisani.net\/index.php\/wp-json\/wp\/v2\/categories?post=137342"},{"taxonomy":"post_tag","embeddable":true,"href":"https:\/\/kamucalisani.net\/index.php\/wp-json\/wp\/v2\/tags?post=137342"}],"curies":[{"name":"wp","href":"https:\/\/api.w.org\/{rel}","templated":true}]}}