{"id":137362,"date":"2025-11-12T12:42:10","date_gmt":"2025-11-12T12:42:10","guid":{"rendered":"https:\/\/kamucalisani.net\/?p=137362"},"modified":"2025-11-12T12:42:10","modified_gmt":"2025-11-12T12:42:10","slug":"ayni-gun-iki-kahraman-dusen-kargo-ucaginda-kahreden-tesaduf","status":"publish","type":"post","link":"https:\/\/kamucalisani.net\/index.php\/2025\/11\/12\/ayni-gun-iki-kahraman-dusen-kargo-ucaginda-kahreden-tesaduf\/","title":{"rendered":"Ayn\u0131 g\u00fcn, iki kahraman! D\u00fc\u015fen kargo u\u00e7a\u011f\u0131nda kahreden tesad\u00fcf"},"content":{"rendered":"<p><p>Azerbaycan&#8217;dan T\u00fcrkiye&#8217;ye gelmek \u00fczere havalanan T\u00fcrk Silahl\u0131 Kuvvetleri&#8217;ne ait C-130 tipi askeri kargo u\u00e7a\u011f\u0131n\u0131n G\u00fcrcistan-Azerbaycan s\u0131n\u0131r\u0131nda d\u00fc\u015fmesi sonucu \u015fehit olan 20 askeri personelin i\u00e7erisinde yer alan Bursal\u0131 Hava U\u00e7ak Bak\u0131m Astsubay Ba\u015f\u00e7avu\u015f Ramazan Ya\u011f\u0131z&#8217;\u0131n \u015fehadet haberinin ate\u015fi Harmanc\u0131k il\u00e7esi \u00c7atals\u00f6\u011f\u00fct Mahallesindeki baba oca\u011f\u0131na d\u00fc\u015ft\u00fc.<\/p>\n<div>\n<div><img decoding=\"async\" src=\"https:\/\/kamucalisani.net\/wp-content\/uploads\/2025\/11\/ayni-gun-iki-kahraman-dusen-kargo-ucaginda-kahreden-tesaduf-0-NxssVYE1.jpg\"\/><\/img><\/div>\n<\/div>\n<p>\u015eehidin evinin bulundu\u011fu soka\u011fa T\u00fcrk bayraklar\u0131 as\u0131l\u0131rken, k\u00f6yde b\u00fcy\u00fck bir h\u00fcz\u00fcn hakim oldu.<\/p>\n<div>\n<div><img decoding=\"async\" src=\"https:\/\/kamucalisani.net\/wp-content\/uploads\/2025\/11\/ayni-gun-iki-kahraman-dusen-kargo-ucaginda-kahreden-tesaduf-0-NxssVYE1.jpg\"\/><\/img><\/div>\n<\/div>\n<p><strong>\u00c7OCUKLUK ARKADA\u015eINI PAYLA\u015eTI SAATLER SONRA \u015eEHADET HABER\u0130 GELD\u0130 <\/strong><\/p>\n<p>\u015eehit Ramazan Ya\u011f\u0131z&#8217;\u0131n, 3 y\u0131l \u00f6nce 9 Kas\u0131m 2025 tarihinde yine ayn\u0131 k\u00f6yden arkada\u015f\u0131 Piyade Astsubay K\u0131demli \u00c7avu\u015f Emre Sevin\u00e7&#8217;i sosyal medya hesab\u0131nda &#8220;\u015eehadetinin sene-i devriyesinde mekan\u0131n cennet olsun yi\u011fidim&#8221; yazarak and\u0131\u011f\u0131, payla\u015f\u0131m\u0131ndan sadece birka\u00e7 saat sonra kendisinin \u015fehit d\u00fc\u015ft\u00fc\u011f\u00fc \u00f6\u011frenildi.<\/p>\n<div>\n<div><img decoding=\"async\" src=\"https:\/\/kamucalisani.net\/wp-content\/uploads\/2025\/11\/ayni-gun-iki-kahraman-dusen-kargo-ucaginda-kahreden-tesaduf-2-Qwgb8O5J.jpg\"\/><\/img><\/div>\n<\/div>\n<p>K\u00f6yl\u00fcler, iki kahraman\u0131n ayn\u0131 g\u00fcn, \u00fc\u00e7 y\u0131l arayla \u015fehadet \u015ferbetini i\u00e7mesinin kaderin ac\u0131 bir tesad\u00fcf\u00fc oldu\u011funu s\u00f6yledi.<\/p>\n<p>\u00a0<\/p>\n<p><strong>&#8220;\u015eEH\u0130D\u0130M\u0130Z\u0130N EMANET\u0130NE B\u0130Z SAH\u0130P \u00c7IKACA\u011eIZ&#8221; <\/strong><\/p>\n<p>\u015eehit Ramazan&#8217;\u0131n babas\u0131n\u0131 1991 y\u0131l\u0131nda kaybetti\u011fini ve babas\u0131z b\u00fcy\u00fcd\u00fc\u011f\u00fcn\u00fc belirten \u00c7atals\u00f6\u011f\u00fct Mahalle Muhtar\u0131 Adnan \u00c7akmak, g\u00f6z ya\u015flar\u0131na hakim olamad\u0131,<\/p>\n<p>&#8220;Maalesef yine 11&#8217;inci ay\u0131n 11&#8217;inde 3 y\u0131l sonra bir \u015fehidimiz daha oldu. \u00c7ok \u00fczg\u00fcn\u00fcz, karde\u015fimiz yetim b\u00fcy\u00fcd\u00fc. Allah ahiretini g\u00fczel etsin. Kendisi sevecen, insan sevdal\u0131s\u0131, vatan sevdal\u0131s\u0131yd\u0131. F\u0131rsat bulduk\u00e7a buralara gelirdi. Zaten babas\u0131n\u0131n mezar\u0131 da burada. Fazla izni olmuyordu ama oldu\u011funda da buraya gelirdi. U\u00e7a\u011fa binmeden 3 y\u0131l \u00f6nce yine k\u00f6y\u00fcm\u00fcz\u00fcn evlad\u0131 Emre Sevin\u00e7&#8217;in Pen\u00e7e Kilit Harekat\u0131&#8217;nda \u015fehadetinin sene devriyesinde anmak i\u00e7in payla\u015f\u0131m yapm\u0131\u015ft\u0131. Saatler sonra onun da u\u00e7ak kazas\u0131nda \u015fehit oldu\u011funu duyduk. \u00c7ok \u00fcz\u00fcld\u00fck, kelimeler bo\u011faz\u0131mda d\u00fc\u011f\u00fcmleniyor. Evli iki \u00e7ocuk babas\u0131yd\u0131. Bundan sonra biz emanetlerine sahip \u00e7\u0131kaca\u011f\u0131z. K\u00f6y\u00fcm\u00fcz\u00fc bayraklarla donatt\u0131k. \u0130n\u015fallah onu burada g\u00fczel bir \u015fekilde u\u011furlayaca\u011f\u0131z&#8221; ifadelerinde bulundu.<\/p>\n<div>\n<div><img decoding=\"async\" src=\"https:\/\/kamucalisani.net\/wp-content\/uploads\/2025\/11\/ayni-gun-iki-kahraman-dusen-kargo-ucaginda-kahreden-tesaduf-3-y1mj4AF6.jpg\"\/><\/img><\/div>\n<\/div>\n<p>\u00a0<\/p>\n<p><strong>&#8220;\u015eEH\u0130D\u0130M\u0130Z\u0130N FOTO\u011eRAFINI PAYLA\u015eTI, 3-4 SAAT SONRA KEND\u0130 \u015eEHADET HABER\u0130 GELD\u0130&#8221; <\/strong><\/p>\n<p>\u015eehit Ramazan Ya\u011f\u0131z&#8217;\u0131n akrabas\u0131 olan ve ayn\u0131 zamanda Eng\u00fcrek K\u00f6y\u00fc K\u00fclt\u00fcr ve Yard\u0131mla\u015fma Dernek Ba\u015fkan\u0131 Recep Kocaba\u015f ise &#8220;Ramazan \u00e7ok sevdi\u011fimiz bir karde\u015fimiz. Dernekle ilgili \u2018a\u011fabey \u00fczerimize d\u00fc\u015fen ne varsa ben yapmaya haz\u0131r\u0131m&#8217; derdi. Haberleri izlerken altyaz\u0131da u\u00e7ak d\u00fc\u015ft\u00fc\u011f\u00fcn\u00fc g\u00f6rd\u00fc\u011f\u00fcm\u00fcz anda haber almaya \u00e7al\u0131\u015ft\u0131k. Tabi ac\u0131 habere ula\u015ft\u0131k. Y\u00fcre\u011fimiz ci\u011ferimiz yan\u0131yor. Allah t\u00fcm \u015fehitlerimizin mekan\u0131n\u0131 cennet eylesin. Yine 11&#8217;inci ay\u0131n 11&#8217;inde Emre Sevin\u00e7 karde\u015fimiz \u015fehit oldu. Ramazan karde\u015fimizin \u015fehadet haberi de ayn\u0131 tarihte gelmesi bizleri derinden \u00fczd\u00fc. Sabah kendi yapt\u0131\u011f\u0131 payla\u015f\u0131mda Emre&#8217;nin sene devriyesinde foto\u011fraf\u0131n\u0131 payla\u015f\u0131yor. 4 saat sonra da \u015fehadet haberini ald\u0131k. \u00c7ok ac\u0131 bir durum bizler i\u00e7in. Vatan\u0131m\u0131z\u0131n ba\u015f\u0131 sa\u011f olsun&#8221; \u015feklinde konu\u015ftu.<\/p>\n\n<p><\/p>\n<p>Kaynak :\u00a0<span style=\"background-color: rgb(255, 249, 236); color: rgb(55, 58, 60); font-size: 14px;\">http:\/\/www.milliyet.com.tr\/gundem\/ayni-gun-iki-kahraman-dusen-kargo-ucaginda-kahreden-tesaduf-7481848<\/span><\/p>\n","protected":false},"excerpt":{"rendered":"<p>Azerbaycan&#8217;da u\u00e7a\u011fa binmeden sadece birka\u00e7 saat \u00f6nce, 3 y\u0131l evvel \u015fehit olan k\u00f6yl\u00fcs\u00fc ve \u00e7ocukluk arkada\u015f\u0131 Piyade Astsubay K\u0131demli \u00c7avu\u015f Emre Sevin\u00e7&#8217;i sosyal medyada payla\u015farak anan Astsubay Ramazan Ya\u011f\u0131z, kaderin ac\u0131 bir tesad\u00fcf\u00fcyle ayn\u0131 tarihte \u015fehit d\u00fc\u015ft\u00fc. Ac\u0131 haberin ard\u0131ndan k\u00f6y halk\u0131 meydan\u0131 bayraklarla donatarak \u015fehitlerinin yas\u0131n\u0131 tuttu.<\/p>\n","protected":false},"author":1,"featured_media":137363,"comment_status":"open","ping_status":"open","sticky":false,"template":"","format":"standard","meta":{"footnotes":""},"categories":[3],"tags":[439,7147,165,9236,2130],"class_list":["post-137362","post","type-post","status-publish","format-standard","has-post-thumbnail","hentry","category-guncel","tag-baba","tag-ramazan","tag-saat","tag-sehadet-haberi","tag-sehit"],"_links":{"self":[{"href":"https:\/\/kamucalisani.net\/index.php\/wp-json\/wp\/v2\/posts\/137362","targetHints":{"allow":["GET"]}}],"collection":[{"href":"https:\/\/kamucalisani.net\/index.php\/wp-json\/wp\/v2\/posts"}],"about":[{"href":"https:\/\/kamucalisani.net\/index.php\/wp-json\/wp\/v2\/types\/post"}],"author":[{"embeddable":true,"href":"https:\/\/kamucalisani.net\/index.php\/wp-json\/wp\/v2\/users\/1"}],"replies":[{"embeddable":true,"href":"https:\/\/kamucalisani.net\/index.php\/wp-json\/wp\/v2\/comments?post=137362"}],"version-history":[{"count":1,"href":"https:\/\/kamucalisani.net\/index.php\/wp-json\/wp\/v2\/posts\/137362\/revisions"}],"predecessor-version":[{"id":137368,"href":"https:\/\/kamucalisani.net\/index.php\/wp-json\/wp\/v2\/posts\/137362\/revisions\/137368"}],"wp:featuredmedia":[{"embeddable":true,"href":"https:\/\/kamucalisani.net\/index.php\/wp-json\/wp\/v2\/media\/137363"}],"wp:attachment":[{"href":"https:\/\/kamucalisani.net\/index.php\/wp-json\/wp\/v2\/media?parent=137362"}],"wp:term":[{"taxonomy":"category","embeddable":true,"href":"https:\/\/kamucalisani.net\/index.php\/wp-json\/wp\/v2\/categories?post=137362"},{"taxonomy":"post_tag","embeddable":true,"href":"https:\/\/kamucalisani.net\/index.php\/wp-json\/wp\/v2\/tags?post=137362"}],"curies":[{"name":"wp","href":"https:\/\/api.w.org\/{rel}","templated":true}]}}