{"id":137456,"date":"2025-11-12T15:12:09","date_gmt":"2025-11-12T15:12:09","guid":{"rendered":"https:\/\/kamucalisani.net\/?p=137456"},"modified":"2025-11-12T15:12:09","modified_gmt":"2025-11-12T15:12:09","slug":"rtukun-yeni-uyeleri-belli-oldu-iste-secilen-iki-isim","status":"publish","type":"post","link":"https:\/\/kamucalisani.net\/index.php\/2025\/11\/12\/rtukun-yeni-uyeleri-belli-oldu-iste-secilen-iki-isim\/","title":{"rendered":"RT\u00dcK\u2019\u00fcn yeni \u00fcyeleri belli oldu! \u0130\u015fte se\u00e7ilen iki isim\u2026"},"content":{"rendered":"<p><p>TBMM Genel Kurulu, RT\u00dcK&#8217;de AK Parti ve MHP grubuna d\u00fc\u015fen 2 yeni \u00fcyeyi belirlemek i\u00e7in Meclis Ba\u015fkan Vekili Tekin Bing\u00f6l ba\u015fkanl\u0131\u011f\u0131nda topland\u0131.<\/p>\n<p>G\u00fcndem d\u0131\u015f\u0131 konu\u015fmalar\u0131n ard\u0131ndan AK Parti&#8217;nin, Genel Kurul g\u00fcndem ve \u00e7al\u0131\u015fma takvimine ili\u015fkin TBMM Ba\u015fkanl\u0131\u011f\u0131&#8217;na sundu\u011fu \u00f6nergeye ge\u00e7ildi. Oylan\u0131p kabul edilen \u00f6nergeyle; RT\u00dcK \u00fcye se\u00e7iminin tamamlanmas\u0131yla Genel Kurul\u2019un kapanmas\u0131na karar verildi. Ard\u0131ndan se\u00e7imlere ge\u00e7ildi. Se\u00e7imler sonucunda; AK Parti&#8217;nin aday\u0131 RT\u00dcK eski ba\u015fkan yard\u0131mc\u0131s\u0131 Orhan \u00d6zdemir ile MHP&#8217;nin aday\u0131 RT\u00dcK Kamuoyu, Yay\u0131n Ara\u015ft\u0131rmalar\u0131 ve \u00d6l\u00e7me Dairesi Ba\u015fkan\u0131 Fatma \u00c7eliker, RT\u00dcK \u00fcyeli\u011fine se\u00e7ildi.<\/p>\n<p><strong>GENEL KURUL KAPANDI<\/strong><\/p>\n<p>RT\u00dcK \u00fcye se\u00e7imlerinin tamamlanmas\u0131yla birlikte Meclis Ba\u015fkan Vekili Tekin Bing\u00f6l, birle\u015fimi 13 Kas\u0131m Per\u015fembe g\u00fcn\u00fc toplanmak \u00fczere kapatt\u0131.<\/p>\n\n<p><\/p>\n<p>Kaynak :\u00a0<span style=\"background-color: rgb(255, 249, 236); color: rgb(55, 58, 60); font-size: 14px;\">http:\/\/www.milliyet.com.tr\/gundem\/rtukun-yeni-uyeleri-belli-oldu-iste-secilen-iki-isim-7481971<\/span><\/p>\n","protected":false},"excerpt":{"rendered":"<p>TBMM Genel Kurulu&#8217;nda yap\u0131lan oylama ile Orhan \u00d6zdemir ile Fatma \u00c7eliker, Radyo ve Televizyon \u00dcst Kurulu \u00fcyeli\u011fine se\u00e7ildi.<\/p>\n","protected":false},"author":1,"featured_media":137457,"comment_status":"open","ping_status":"open","sticky":false,"template":"","format":"standard","meta":{"footnotes":""},"categories":[3],"tags":[186,8751],"class_list":["post-137456","post","type-post","status-publish","format-standard","has-post-thumbnail","hentry","category-guncel","tag-baskan","tag-rtuk"],"_links":{"self":[{"href":"https:\/\/kamucalisani.net\/index.php\/wp-json\/wp\/v2\/posts\/137456","targetHints":{"allow":["GET"]}}],"collection":[{"href":"https:\/\/kamucalisani.net\/index.php\/wp-json\/wp\/v2\/posts"}],"about":[{"href":"https:\/\/kamucalisani.net\/index.php\/wp-json\/wp\/v2\/types\/post"}],"author":[{"embeddable":true,"href":"https:\/\/kamucalisani.net\/index.php\/wp-json\/wp\/v2\/users\/1"}],"replies":[{"embeddable":true,"href":"https:\/\/kamucalisani.net\/index.php\/wp-json\/wp\/v2\/comments?post=137456"}],"version-history":[{"count":1,"href":"https:\/\/kamucalisani.net\/index.php\/wp-json\/wp\/v2\/posts\/137456\/revisions"}],"predecessor-version":[{"id":137458,"href":"https:\/\/kamucalisani.net\/index.php\/wp-json\/wp\/v2\/posts\/137456\/revisions\/137458"}],"wp:featuredmedia":[{"embeddable":true,"href":"https:\/\/kamucalisani.net\/index.php\/wp-json\/wp\/v2\/media\/137457"}],"wp:attachment":[{"href":"https:\/\/kamucalisani.net\/index.php\/wp-json\/wp\/v2\/media?parent=137456"}],"wp:term":[{"taxonomy":"category","embeddable":true,"href":"https:\/\/kamucalisani.net\/index.php\/wp-json\/wp\/v2\/categories?post=137456"},{"taxonomy":"post_tag","embeddable":true,"href":"https:\/\/kamucalisani.net\/index.php\/wp-json\/wp\/v2\/tags?post=137456"}],"curies":[{"name":"wp","href":"https:\/\/api.w.org\/{rel}","templated":true}]}}