{"id":137487,"date":"2025-11-12T16:00:09","date_gmt":"2025-11-12T16:00:09","guid":{"rendered":"https:\/\/kamucalisani.net\/?p=137487"},"modified":"2025-11-12T16:00:09","modified_gmt":"2025-11-12T16:00:09","slug":"afyonkarahisarda-fabrikada-patlama-10-kisi-yaralandi","status":"publish","type":"post","link":"https:\/\/kamucalisani.net\/index.php\/2025\/11\/12\/afyonkarahisarda-fabrikada-patlama-10-kisi-yaralandi\/","title":{"rendered":"Afyonkarahisar&#8217;da fabrikada patlama: 10 ki\u015fi yaraland\u0131"},"content":{"rendered":"<p><p>Organize Sanayi B\u00f6lgesi&#8217;ndeki ya\u011f fabrikas\u0131n\u0131n kazan dairesinde patlama meydana geldi. \u0130hbar \u00fczerine b\u00f6lgeye sa\u011fl\u0131k, polis, itfaiye ve AFAD ekipleri sevk edildi. Yaralanan 1&#8217;i a\u011f\u0131r 10 ki\u015fi, ambulanslarla kentteki hastanelere kald\u0131r\u0131ld\u0131.<\/p>\n<p>\u00a0Afyonkarahisar&#8217;da ya\u011f fabrikas\u0131nda meydana gelen patlamada 10 ki\u015fi yaraland\u0131. Organize Sanayi B\u00f6lgesi&#8217;ndeki ya\u011f fabrikas\u0131n\u0131n kazan dairesinde hen\u00fcz bilinmeyen nedenle patlama meydana geldi.<\/p>\n<p>\u0130hbar \u00fczerine b\u00f6lgeye sa\u011fl\u0131k, polis, itfaiye ve AFAD ekipleri sevk edildi. Yaralanan 1&#8217;i a\u011f\u0131r 10 ki\u015fi ambulanslarla kentteki hastanelere kald\u0131r\u0131ld\u0131.<\/p>\n<p>Olayla ilgili b\u00f6lgede ba\u015flat\u0131lan inceleme s\u00fcr\u00fcyor.<\/p>\n<p><strong>&#8220;MAK\u0130NE VE EK\u0130PMAN BAKIMI SIRASINDA GER\u00c7EKLE\u015eEN B\u0130R DURUM&#8221; <\/strong><\/p>\n<p>Afyonkarahisar Vali Yard\u0131mc\u0131s\u0131 \u0130hsan Ayranc\u0131, AFAD \u0130l M\u00fcd\u00fcr\u00fc Ali Alt\u0131ndal, \u0130l Sa\u011fl\u0131k M\u00fcd\u00fcr\u00fc Hakk\u0131 \u00d6zt\u00fcrk ve yetkililer, fabrikada incelemede bulundu.<\/p>\n<p>Ayranc\u0131, incelemenin ard\u0131ndan gazetecilere, patlaman\u0131n kazan dairesinde kullan\u0131lan gazdan kaynakland\u0131\u011f\u0131n\u0131 s\u00f6yledi. Yaral\u0131lardan birinin durumunun daha ciddi oldu\u011funu ancak hayati tehlikesi bulunmad\u0131\u011f\u0131n\u0131 belirten Ayranc\u0131, \u015f\u00f6yle konu\u015ftu:<\/p>\n<p>&#8220;Di\u011fer yaral\u0131lar\u0131m\u0131z da iyi durumda. Olay\u0131n ard\u0131ndan 5 ambulans, 4 AFAD ekibimiz ve 5 itfaiye arac\u0131m\u0131z h\u0131zl\u0131 bir \u015fekilde i\u015f yerine intikal etti. \u015eu an i\u00e7in fabrikam\u0131zda olumsuz bir durum yok. Faaliyette olmayan bir fabrikayd\u0131. Makine ve ekipman bak\u0131m\u0131 s\u0131ras\u0131nda ger\u00e7ekle\u015fen bir durum maalesef. Gerekli tahkikatlar ba\u015flat\u0131ld\u0131. Bu \u00e7al\u0131\u015fman\u0131n ard\u0131ndan sonu\u00e7 ortaya \u00e7\u0131kacakt\u0131r.&#8221;<\/p>\n<div>\n<div><img decoding=\"async\" src=\"https:\/\/kamucalisani.net\/wp-content\/uploads\/2025\/11\/afyonkarahisarda-fabrikada-patlama-10-kisi-yaralandi-0-tqZKkUhI.jpg\"\/><\/img><\/div>\n<\/div>\n<p>\u00a0<\/p>\n<p>\u00a0<\/p>\n<p>\u00a0<\/p>\n<p>\u00a0<\/p>\n\n<p><\/p>\n<p>Kaynak :\u00a0<span style=\"background-color: rgb(255, 249, 236); color: rgb(55, 58, 60); font-size: 14px;\">http:\/\/www.milliyet.com.tr\/gundem\/afyonkarahisarda-fabrikada-patlama-10-kisi-yaralandi-7482002<\/span><\/p>\n","protected":false},"excerpt":{"rendered":"<p>Afyonkarahisar&#8217;da ya\u011f fabrikas\u0131nda meydana gelen patlamada 10 ki\u015fi yaraland\u0131.<\/p>\n","protected":false},"author":1,"featured_media":137488,"comment_status":"open","ping_status":"open","sticky":false,"template":"","format":"standard","meta":{"footnotes":""},"categories":[3],"tags":[87],"class_list":["post-137487","post","type-post","status-publish","format-standard","has-post-thumbnail","hentry","category-guncel","tag-durum"],"_links":{"self":[{"href":"https:\/\/kamucalisani.net\/index.php\/wp-json\/wp\/v2\/posts\/137487","targetHints":{"allow":["GET"]}}],"collection":[{"href":"https:\/\/kamucalisani.net\/index.php\/wp-json\/wp\/v2\/posts"}],"about":[{"href":"https:\/\/kamucalisani.net\/index.php\/wp-json\/wp\/v2\/types\/post"}],"author":[{"embeddable":true,"href":"https:\/\/kamucalisani.net\/index.php\/wp-json\/wp\/v2\/users\/1"}],"replies":[{"embeddable":true,"href":"https:\/\/kamucalisani.net\/index.php\/wp-json\/wp\/v2\/comments?post=137487"}],"version-history":[{"count":1,"href":"https:\/\/kamucalisani.net\/index.php\/wp-json\/wp\/v2\/posts\/137487\/revisions"}],"predecessor-version":[{"id":137490,"href":"https:\/\/kamucalisani.net\/index.php\/wp-json\/wp\/v2\/posts\/137487\/revisions\/137490"}],"wp:featuredmedia":[{"embeddable":true,"href":"https:\/\/kamucalisani.net\/index.php\/wp-json\/wp\/v2\/media\/137488"}],"wp:attachment":[{"href":"https:\/\/kamucalisani.net\/index.php\/wp-json\/wp\/v2\/media?parent=137487"}],"wp:term":[{"taxonomy":"category","embeddable":true,"href":"https:\/\/kamucalisani.net\/index.php\/wp-json\/wp\/v2\/categories?post=137487"},{"taxonomy":"post_tag","embeddable":true,"href":"https:\/\/kamucalisani.net\/index.php\/wp-json\/wp\/v2\/tags?post=137487"}],"curies":[{"name":"wp","href":"https:\/\/api.w.org\/{rel}","templated":true}]}}