{"id":137495,"date":"2025-11-12T16:12:11","date_gmt":"2025-11-12T16:12:11","guid":{"rendered":"https:\/\/kamucalisani.net\/?p=137495"},"modified":"2025-11-12T16:12:11","modified_gmt":"2025-11-12T16:12:11","slug":"ankarada-kritik-zirve-erdogan-ile-bahceli-bir-araya-geliyor","status":"publish","type":"post","link":"https:\/\/kamucalisani.net\/index.php\/2025\/11\/12\/ankarada-kritik-zirve-erdogan-ile-bahceli-bir-araya-geliyor\/","title":{"rendered":"Ankara&#8217;da kritik zirve! Erdo\u011fan ile Bah\u00e7eli bir araya geliyor"},"content":{"rendered":"<p><p>\u0130leti\u015fim Ba\u015fkan\u0131 Burhanettin Duran, Cumhurba\u015fkan\u0131 Recep Tayyip Erdo\u011fan&#8217;\u0131n bug\u00fcn saat 18.00&#8217;de MHP Genel Ba\u015fkan\u0131 Devlet Bah\u00e7eli&#8217;yi ziyaret edece\u011fini duyurdu. \u0130leti\u015fim Ba\u015fkan\u0131 Burhanettin Duran, sosyal medya hesab\u0131ndan yapt\u0131\u011f\u0131 a\u00e7\u0131klamada, &#8220;Cumhurba\u015fkan\u0131m\u0131z Say\u0131n Recep Tayyip Erdo\u011fan, bug\u00fcn saat 18.00\u2019de Milliyet\u00e7i Hareket Partisi Genel Ba\u015fkan\u0131 Say\u0131n Devlet Bah\u00e7eli\u2019yi ziyaret edeceklerdir. Ziyaret, Say\u0131n Devlet Bah\u00e7eli\u2019nin Ankara\u2019daki konutunda ger\u00e7ekle\u015fecektir&#8221; dedi.<\/p>\n<p>\u00a0<\/p>\n\n<p><\/p>\n<p>Kaynak :\u00a0<span style=\"background-color: rgb(255, 249, 236); color: rgb(55, 58, 60); font-size: 14px;\">http:\/\/www.milliyet.com.tr\/gundem\/ankarada-kritik-zirve-erdogan-ile-bahceli-bir-araya-geliyor-7481849<\/span><\/p>\n","protected":false},"excerpt":{"rendered":"<p>Cumhurba\u015fkan\u0131 Recep Tayyip Erdo\u011fan, MHP Genel Ba\u015fkan\u0131 Devlet Bah\u00e7eli&#8217;yi konutunda ziyaret edecek.<\/p>\n","protected":false},"author":1,"featured_media":137496,"comment_status":"open","ping_status":"open","sticky":false,"template":"","format":"standard","meta":{"footnotes":""},"categories":[3],"tags":[],"class_list":["post-137495","post","type-post","status-publish","format-standard","has-post-thumbnail","hentry","category-guncel"],"_links":{"self":[{"href":"https:\/\/kamucalisani.net\/index.php\/wp-json\/wp\/v2\/posts\/137495","targetHints":{"allow":["GET"]}}],"collection":[{"href":"https:\/\/kamucalisani.net\/index.php\/wp-json\/wp\/v2\/posts"}],"about":[{"href":"https:\/\/kamucalisani.net\/index.php\/wp-json\/wp\/v2\/types\/post"}],"author":[{"embeddable":true,"href":"https:\/\/kamucalisani.net\/index.php\/wp-json\/wp\/v2\/users\/1"}],"replies":[{"embeddable":true,"href":"https:\/\/kamucalisani.net\/index.php\/wp-json\/wp\/v2\/comments?post=137495"}],"version-history":[{"count":1,"href":"https:\/\/kamucalisani.net\/index.php\/wp-json\/wp\/v2\/posts\/137495\/revisions"}],"predecessor-version":[{"id":137497,"href":"https:\/\/kamucalisani.net\/index.php\/wp-json\/wp\/v2\/posts\/137495\/revisions\/137497"}],"wp:featuredmedia":[{"embeddable":true,"href":"https:\/\/kamucalisani.net\/index.php\/wp-json\/wp\/v2\/media\/137496"}],"wp:attachment":[{"href":"https:\/\/kamucalisani.net\/index.php\/wp-json\/wp\/v2\/media?parent=137495"}],"wp:term":[{"taxonomy":"category","embeddable":true,"href":"https:\/\/kamucalisani.net\/index.php\/wp-json\/wp\/v2\/categories?post=137495"},{"taxonomy":"post_tag","embeddable":true,"href":"https:\/\/kamucalisani.net\/index.php\/wp-json\/wp\/v2\/tags?post=137495"}],"curies":[{"name":"wp","href":"https:\/\/api.w.org\/{rel}","templated":true}]}}