{"id":137599,"date":"2025-11-12T18:42:09","date_gmt":"2025-11-12T18:42:09","guid":{"rendered":"https:\/\/kamucalisani.net\/?p=137599"},"modified":"2025-11-12T18:42:09","modified_gmt":"2025-11-12T18:42:09","slug":"cocukluk-arkadasiyla-ayni-gun-sehit-dusmustu-sehit-ramazan-yagizin-ailesi-taziyeleri-kabul-etti","status":"publish","type":"post","link":"https:\/\/kamucalisani.net\/index.php\/2025\/11\/12\/cocukluk-arkadasiyla-ayni-gun-sehit-dusmustu-sehit-ramazan-yagizin-ailesi-taziyeleri-kabul-etti\/","title":{"rendered":"\u00c7ocukluk arkada\u015f\u0131yla ayn\u0131 g\u00fcn \u015fehit d\u00fc\u015fm\u00fc\u015ft\u00fc\u2026 \u015eehit Ramazan Ya\u011f\u0131z&#8217;\u0131n ailesi taziyeleri kabul etti"},"content":{"rendered":"<p><p>K\u00fc\u00e7\u00fckbal\u0131kl\u0131 Mahallesi&#8217;ndeki baba evinin \u00f6n\u00fcnde kurulan \u00e7ad\u0131rda taziyeleri kabul eden anne Ay\u015fe Ya\u011f\u0131z ile ablas\u0131 Fidan Ya\u011f\u0131z, duygusal anlar ya\u015fad\u0131.<\/p>\n<p>\u015eehidin day\u0131s\u0131 Hasan H\u00fcseyin Ya\u011f\u0131z, AA muhabirine, \u015fehit Ramazan Ya\u011f\u0131z&#8217;\u0131n \u00e7ok iyi bir insan oldu\u011funu belirterek, \u00fcz\u00fcnt\u00fcs\u00fc nedeniyle konu\u015famayacak durumda oldu\u011funu s\u00f6yledi.<\/p>\n<p>\u015eehidin di\u011fer day\u0131s\u0131 Bayram Ya\u011f\u0131z da ye\u011feninin \u00e7evresi taraf\u0131ndan \u00e7ok sevildi\u011fini dile getirdi.<\/p>\n<p>Pen\u00e7e-Kilit Operasyonu b\u00f6lgesinde 11 Kas\u0131m 2022&#8217;de ter\u00f6r \u00f6rg\u00fct\u00fc mensuplar\u0131nca a\u00e7\u0131lan taciz ate\u015fi sonucu \u015fehit olan Piyade Astsubay K\u0131demli \u00c7avu\u015f Emre Sevin\u00e7&#8217;in babas\u0131 Mehmet Sevin\u00e7 de aralar\u0131nda 10 ya\u015f fark bulunan \u015fehit Ramazan Ya\u011f\u0131z ile \u015fehit o\u011flu Emre Sevin\u00e7&#8217;in a\u011fabey-karde\u015f gibi olduklar\u0131n\u0131 vurgulad\u0131.<\/p>\n<p>Bu arada, \u015fehit Hava U\u00e7ak Bak\u0131m Astsubay Ba\u015f\u00e7avu\u015f Ya\u011f\u0131z&#8217;\u0131n babas\u0131 Selami Ya\u011f\u0131z&#8217;\u0131n uzun s\u00fcre \u00f6nce hayat\u0131n\u0131 kaybetti\u011fi \u00f6\u011frenildi.<\/p>\n<div>\n<div><img decoding=\"async\" src=\"https:\/\/kamucalisani.net\/wp-content\/uploads\/2025\/11\/cocukluk-arkadasiyla-ayni-gun-sehit-dusmustu-sehit-ramazan-yagizin-ailesi-taziyeleri-kabul-etti-0-iAIkgYNG.jpg\"\/><\/img><\/div>\n<\/div>\n<p><\/p>\n<p>Kaynak :\u00a0<span style=\"background-color: rgb(255, 249, 236); color: rgb(55, 58, 60); font-size: 14px;\">http:\/\/www.milliyet.com.tr\/gundem\/cocukluk-arkadasiyla-ayni-gun-sehit-dusmustu-sehit-ramazan-yagizin-ailesi-taziyeleri-kabul-etti-7482065<\/span><\/p>\n","protected":false},"excerpt":{"rendered":"<p>Askeri kargo u\u00e7a\u011f\u0131n\u0131n G\u00fcrcistan-Azerbaycan s\u0131n\u0131r\u0131nda d\u00fc\u015fmesi sonucu \u015fehit olan Hava U\u00e7ak Bak\u0131m Astsubay Ba\u015f\u00e7avu\u015f Ramazan Ya\u011f\u0131z&#8217;\u0131n Bursa&#8217;n\u0131n Osmangazi il\u00e7esinde ya\u015fayan ailesini \u00e7ok say\u0131da ki\u015fi ziyaret ederek taziyelerini iletti.<\/p>\n","protected":false},"author":1,"featured_media":137600,"comment_status":"open","ping_status":"open","sticky":false,"template":"","format":"standard","meta":{"footnotes":""},"categories":[3],"tags":[2130,8370],"class_list":["post-137599","post","type-post","status-publish","format-standard","has-post-thumbnail","hentry","category-guncel","tag-sehit","tag-yagiz"],"_links":{"self":[{"href":"https:\/\/kamucalisani.net\/index.php\/wp-json\/wp\/v2\/posts\/137599","targetHints":{"allow":["GET"]}}],"collection":[{"href":"https:\/\/kamucalisani.net\/index.php\/wp-json\/wp\/v2\/posts"}],"about":[{"href":"https:\/\/kamucalisani.net\/index.php\/wp-json\/wp\/v2\/types\/post"}],"author":[{"embeddable":true,"href":"https:\/\/kamucalisani.net\/index.php\/wp-json\/wp\/v2\/users\/1"}],"replies":[{"embeddable":true,"href":"https:\/\/kamucalisani.net\/index.php\/wp-json\/wp\/v2\/comments?post=137599"}],"version-history":[{"count":1,"href":"https:\/\/kamucalisani.net\/index.php\/wp-json\/wp\/v2\/posts\/137599\/revisions"}],"predecessor-version":[{"id":137602,"href":"https:\/\/kamucalisani.net\/index.php\/wp-json\/wp\/v2\/posts\/137599\/revisions\/137602"}],"wp:featuredmedia":[{"embeddable":true,"href":"https:\/\/kamucalisani.net\/index.php\/wp-json\/wp\/v2\/media\/137600"}],"wp:attachment":[{"href":"https:\/\/kamucalisani.net\/index.php\/wp-json\/wp\/v2\/media?parent=137599"}],"wp:term":[{"taxonomy":"category","embeddable":true,"href":"https:\/\/kamucalisani.net\/index.php\/wp-json\/wp\/v2\/categories?post=137599"},{"taxonomy":"post_tag","embeddable":true,"href":"https:\/\/kamucalisani.net\/index.php\/wp-json\/wp\/v2\/tags?post=137599"}],"curies":[{"name":"wp","href":"https:\/\/api.w.org\/{rel}","templated":true}]}}