{"id":137615,"date":"2025-11-12T19:06:09","date_gmt":"2025-11-12T19:06:09","guid":{"rendered":"https:\/\/kamucalisani.net\/?p=137615"},"modified":"2025-11-12T19:06:09","modified_gmt":"2025-11-12T19:06:09","slug":"bakan-ersoy-ahiskali-turklere-iliskin-paylasimda-bulundu","status":"publish","type":"post","link":"https:\/\/kamucalisani.net\/index.php\/2025\/11\/12\/bakan-ersoy-ahiskali-turklere-iliskin-paylasimda-bulundu\/","title":{"rendered":"Bakan Ersoy &#8216;Ah\u0131skal\u0131 T\u00fcrkler&#8217;e ili\u015fkin payla\u015f\u0131mda bulundu"},"content":{"rendered":"<p><p>K\u00fclt\u00fcr ve Turizm Bakan\u0131 Mehmet Nuri Ersoy, &#8220;Ah\u0131skal\u0131 karde\u015flerimiz, ortak tarihimizin, dostlu\u011fumuzun ve karde\u015fli\u011fimizin en g\u00fc\u00e7l\u00fc simgelerindendir. T\u00fcrkiye olarak, onlar\u0131n kimliklerini \u00f6zg\u00fcrce koruyabilmeleri, k\u00fclt\u00fcrel miraslar\u0131n\u0131 ya\u015fatabilmeleri ve bulunduklar\u0131 \u00fclkelerde huzur i\u00e7inde ya\u015famalar\u0131 i\u00e7in her zaman yanlar\u0131nda olduk, olmaya da devam edece\u011fiz.&#8221; ifadelerini kulland\u0131.<\/p>\n<p>Ersoy, NSosyal hesab\u0131ndaki payla\u015f\u0131m\u0131nda, Cumhurba\u015fkan\u0131 Recep Tayyip Erdo\u011fan&#8217;\u0131n D\u00fcnya Ah\u0131skal\u0131 T\u00fcrkler Birli\u011fi (DAT\u00dcB) Genel Ba\u015fkan\u0131 Ziyatdin \u0130smihano\u011flu Kassanov ve beraberindeki heyeti kabul\u00fcnde yer ald\u0131klar\u0131n\u0131 belirtti.<\/p>\n<p><em>Bakan Ersoy, \u015funlar\u0131 kaydetti:<\/em><\/p>\n<p>&#8220;Ah\u0131skal\u0131 karde\u015flerimiz, ortak tarihimizin, dostlu\u011fumuzun ve karde\u015fli\u011fimizin en g\u00fc\u00e7l\u00fc simgelerindendir. T\u00fcrkiye olarak, onlar\u0131n kimliklerini \u00f6zg\u00fcrce koruyabilmeleri, k\u00fclt\u00fcrel miraslar\u0131n\u0131 ya\u015fatabilmeleri ve bulunduklar\u0131 \u00fclkelerde huzur i\u00e7inde ya\u015famalar\u0131 i\u00e7in her zaman yanlar\u0131nda olduk, olmaya da devam edece\u011fiz. T\u0130KA ve YTB arac\u0131l\u0131\u011f\u0131yla y\u00fcr\u00fctt\u00fc\u011f\u00fcm\u00fcz projelerle Ah\u0131skal\u0131 soyda\u015flar\u0131m\u0131z\u0131n e\u011fitimden tar\u0131ma, k\u00fclt\u00fcrden bar\u0131nmaya kadar pek \u00e7ok alanda desteklenmesini sa\u011fl\u0131yoruz. Yunus Emre Enstit\u00fcm\u00fcz\u00fcn faaliyetleri ise k\u00fclt\u00fcrel etkile\u015fimi ve karde\u015flik ba\u011flar\u0131n\u0131 daha da g\u00fc\u00e7lendiriyor.&#8221;<\/p>\n\n<p><\/p>\n<p>Kaynak :\u00a0<span style=\"background-color: rgb(255, 249, 236); color: rgb(55, 58, 60); font-size: 14px;\">http:\/\/www.milliyet.com.tr\/gundem\/bakan-ersoy-ahiskali-turklere-iliskin-paylasimda-bulundu-7482072<\/span><\/p>\n","protected":false},"excerpt":{"rendered":"<p>K\u00fclt\u00fcr ve Turizm Bakan\u0131 Mehmet Nuri Ersoy, &#8216;Ah\u0131skal\u0131 T\u00fcrkler&#8217;e ili\u015fkin sosyal medyadan payla\u015f\u0131mda bulundu. \u0130\u015fte o detaylar&#8230;<\/p>\n","protected":false},"author":1,"featured_media":137616,"comment_status":"open","ping_status":"open","sticky":false,"template":"","format":"standard","meta":{"footnotes":""},"categories":[3],"tags":[836],"class_list":["post-137615","post","type-post","status-publish","format-standard","has-post-thumbnail","hentry","category-guncel","tag-kultur"],"_links":{"self":[{"href":"https:\/\/kamucalisani.net\/index.php\/wp-json\/wp\/v2\/posts\/137615","targetHints":{"allow":["GET"]}}],"collection":[{"href":"https:\/\/kamucalisani.net\/index.php\/wp-json\/wp\/v2\/posts"}],"about":[{"href":"https:\/\/kamucalisani.net\/index.php\/wp-json\/wp\/v2\/types\/post"}],"author":[{"embeddable":true,"href":"https:\/\/kamucalisani.net\/index.php\/wp-json\/wp\/v2\/users\/1"}],"replies":[{"embeddable":true,"href":"https:\/\/kamucalisani.net\/index.php\/wp-json\/wp\/v2\/comments?post=137615"}],"version-history":[{"count":1,"href":"https:\/\/kamucalisani.net\/index.php\/wp-json\/wp\/v2\/posts\/137615\/revisions"}],"predecessor-version":[{"id":137617,"href":"https:\/\/kamucalisani.net\/index.php\/wp-json\/wp\/v2\/posts\/137615\/revisions\/137617"}],"wp:featuredmedia":[{"embeddable":true,"href":"https:\/\/kamucalisani.net\/index.php\/wp-json\/wp\/v2\/media\/137616"}],"wp:attachment":[{"href":"https:\/\/kamucalisani.net\/index.php\/wp-json\/wp\/v2\/media?parent=137615"}],"wp:term":[{"taxonomy":"category","embeddable":true,"href":"https:\/\/kamucalisani.net\/index.php\/wp-json\/wp\/v2\/categories?post=137615"},{"taxonomy":"post_tag","embeddable":true,"href":"https:\/\/kamucalisani.net\/index.php\/wp-json\/wp\/v2\/tags?post=137615"}],"curies":[{"name":"wp","href":"https:\/\/api.w.org\/{rel}","templated":true}]}}