{"id":137644,"date":"2025-11-12T19:54:10","date_gmt":"2025-11-12T19:54:10","guid":{"rendered":"https:\/\/kamucalisani.net\/?p=137644"},"modified":"2025-11-12T19:54:10","modified_gmt":"2025-11-12T19:54:10","slug":"kktc-cumhurbaskani-erhurman-ilk-resmi-ziyaretini-turkiyeye-yapmak-uzere-adadan-ayrildi","status":"publish","type":"post","link":"https:\/\/kamucalisani.net\/index.php\/2025\/11\/12\/kktc-cumhurbaskani-erhurman-ilk-resmi-ziyaretini-turkiyeye-yapmak-uzere-adadan-ayrildi\/","title":{"rendered":"KKTC Cumhurba\u015fkan\u0131 Erh\u00fcrman, ilk resmi ziyaretini T\u00fcrkiye&#8217;ye yapmak \u00fczere Ada&#8217;dan ayr\u0131ld\u0131"},"content":{"rendered":"<p><p>Cumhurba\u015fkan\u0131 Erh\u00fcrman&#8217;\u0131, T\u00fcrkiye&#8217;ye KKTC Cumhuriyet Meclisi Ba\u015fkan\u0131 Ziya \u00d6zt\u00fcrkler, Ba\u015fbakan \u00dcnal \u00dcstel, G\u00fcvenlik Kuvvetleri Komutan\u0131 T\u00fcmgeneral \u0130lker G\u00f6rg\u00fcl\u00fc, bakanlar ve di\u011fer yetkililer u\u011furlad\u0131.<\/p>\n<p>Erh\u00fcrman&#8217;a ziyaretinde e\u015fi Nilden Bekta\u015f Erh\u00fcrman&#8217;\u0131n da e\u015flik edece\u011fi \u00f6\u011frenildi.<\/p>\n<p>KKTC Cumhurba\u015fkan\u0131 Tufan Erh\u00fcrman&#8217;\u0131n T\u00fcrkiye&#8217;ye yapaca\u011f\u0131 ilk resmi ziyareti kapsam\u0131nda ba\u015fta Cumhurba\u015fkan\u0131 Recep Tayyip Erdo\u011fan olmak \u00fczere, TBMM Ba\u015fkan\u0131 Numan Kurtulmu\u015f ve D\u0131\u015fi\u015fleri Bakan\u0131 Hakan Fidan ile ikili g\u00f6r\u00fc\u015fmelere kat\u0131lmas\u0131 bekleniyor.<\/p>\n<p>Erh\u00fcrman ile birlikte T\u00fcrkiye&#8217;ye giden KKTC heyetinde, M\u00fcste\u015far Mehmet Dana, \u00d6zel Kalem M\u00fcd\u00fcr\u00fc Mustafa Erg\u00fcven ile Bas\u0131n ve Halkla \u0130li\u015fkiler Sorumlusu T\u00fcnay Mertek\u00e7i bulunuyor.<\/p>\n\n<p><\/p>\n<p>Kaynak :\u00a0<span style=\"background-color: rgb(255, 249, 236); color: rgb(55, 58, 60); font-size: 14px;\">http:\/\/www.milliyet.com.tr\/gundem\/kktc-cumhurbaskani-erhurman-ilk-resmi-ziyaretini-turkiyeye-yapmak-uzere-adadan-ayrildi-7482083<\/span><\/p>\n","protected":false},"excerpt":{"rendered":"<p>Kuzey K\u0131br\u0131s T\u00fcrk Cumhuriyeti (KKTC) Cumhurba\u015fkan\u0131 Tufan Erh\u00fcrman, ilk resmi ziyaretini T\u00fcrkiye&#8217;ye yapmak \u00fczere Ada&#8217;dan ayr\u0131ld\u0131.<\/p>\n","protected":false},"author":1,"featured_media":137645,"comment_status":"open","ping_status":"open","sticky":false,"template":"","format":"standard","meta":{"footnotes":""},"categories":[3],"tags":[8519],"class_list":["post-137644","post","type-post","status-publish","format-standard","has-post-thumbnail","hentry","category-guncel","tag-erhurman"],"_links":{"self":[{"href":"https:\/\/kamucalisani.net\/index.php\/wp-json\/wp\/v2\/posts\/137644","targetHints":{"allow":["GET"]}}],"collection":[{"href":"https:\/\/kamucalisani.net\/index.php\/wp-json\/wp\/v2\/posts"}],"about":[{"href":"https:\/\/kamucalisani.net\/index.php\/wp-json\/wp\/v2\/types\/post"}],"author":[{"embeddable":true,"href":"https:\/\/kamucalisani.net\/index.php\/wp-json\/wp\/v2\/users\/1"}],"replies":[{"embeddable":true,"href":"https:\/\/kamucalisani.net\/index.php\/wp-json\/wp\/v2\/comments?post=137644"}],"version-history":[{"count":1,"href":"https:\/\/kamucalisani.net\/index.php\/wp-json\/wp\/v2\/posts\/137644\/revisions"}],"predecessor-version":[{"id":137646,"href":"https:\/\/kamucalisani.net\/index.php\/wp-json\/wp\/v2\/posts\/137644\/revisions\/137646"}],"wp:featuredmedia":[{"embeddable":true,"href":"https:\/\/kamucalisani.net\/index.php\/wp-json\/wp\/v2\/media\/137645"}],"wp:attachment":[{"href":"https:\/\/kamucalisani.net\/index.php\/wp-json\/wp\/v2\/media?parent=137644"}],"wp:term":[{"taxonomy":"category","embeddable":true,"href":"https:\/\/kamucalisani.net\/index.php\/wp-json\/wp\/v2\/categories?post=137644"},{"taxonomy":"post_tag","embeddable":true,"href":"https:\/\/kamucalisani.net\/index.php\/wp-json\/wp\/v2\/tags?post=137644"}],"curies":[{"name":"wp","href":"https:\/\/api.w.org\/{rel}","templated":true}]}}