{"id":138084,"date":"2025-11-13T14:54:10","date_gmt":"2025-11-13T14:54:10","guid":{"rendered":"https:\/\/kamucalisani.net\/?p=138084"},"modified":"2025-11-13T14:54:10","modified_gmt":"2025-11-13T14:54:10","slug":"edirnede-depreme-dayaniksiz-lise-binasinin-yikilmasina-karar-verildi","status":"publish","type":"post","link":"https:\/\/kamucalisani.net\/index.php\/2025\/11\/13\/edirnede-depreme-dayaniksiz-lise-binasinin-yikilmasina-karar-verildi\/","title":{"rendered":"Edirne&#8217;de &#8216;depreme dayan\u0131ks\u0131z&#8217; lise binas\u0131n\u0131n y\u0131k\u0131lmas\u0131na karar verildi"},"content":{"rendered":"<p><p>Kentte, \u2018Anadolu Lisesi\u2019 stat\u00fcs\u00fcyle e\u011fitim vermeye ba\u015flayan ilk e\u011fitim kurumu olma \u00f6zelli\u011fini ta\u015f\u0131yan, 1980 y\u0131l\u0131nda e\u011fitim ve \u00f6\u011fretime ba\u015flayan Y\u0131ld\u0131r\u0131m Beyaz\u0131t Anadolu Lisesi\u2019nin binas\u0131na, depreme dayan\u0131ks\u0131z ve riskli yap\u0131 raporu verildi. Milli E\u011fitim Bakanl\u0131\u011f\u0131\u2019nca yapt\u0131r\u0131lan et\u00fct \u00e7al\u0131\u015fmas\u0131nda olumsuz rapor verilen binan\u0131n y\u0131k\u0131lmas\u0131na karar verilirken, \u00f6\u011frencilerin yeni bina yap\u0131lana kadar ge\u00e7ici olarak 1\u2019nci Murat Anadolu Lisesi\u2019nde e\u011fitime devam edece\u011fi belirtildi. Okuldan yap\u0131lan a\u00e7\u0131klamada, 17 Kas\u0131m Pazartesi g\u00fcn\u00fcnden itibaren 1\u2019inci Murat Anadolu Lisesi\u2019nde e\u011fitime devam edilece\u011fi a\u00e7\u0131kland\u0131.<\/p>\n<p><strong>\u2018RAPOR YEN\u0130 \u00c7IKTI, YIKIM KARARI ALINDI\u2019<\/strong><\/p>\n<p>Konuyla ilgili a\u00e7\u0131klama yapan Edirne Valisi Yunus Sezer, \u00fcniversite arac\u0131l\u0131\u011f\u0131yla Milli E\u011fitim Bakanl\u0131\u011f\u0131\u2019n\u0131n s\u00f6z konusu et\u00fct \u00e7al\u0131\u015fmas\u0131n\u0131 yapt\u0131rd\u0131\u011f\u0131n\u0131 belirterek, \u201cDeprem dayan\u0131kl\u0131l\u0131\u011f\u0131yla ilgili yap\u0131lan \u00e7al\u0131\u015fmalar\u0131n sonucu yeni \u00e7\u0131kt\u0131. Daha bize ge\u00e7en hafta ula\u015ft\u0131. Dolay\u0131s\u0131yla buran\u0131n da y\u0131k\u0131lmas\u0131 karar\u0131 al\u0131nd\u0131. Bununla ilgili olarak Milli E\u011fitim M\u00fcd\u00fcrl\u00fc\u011f\u00fcm\u00fcz \u00f6\u011frencilerimizi ta\u015f\u0131ma noktas\u0131nda bir \u00e7al\u0131\u015fma y\u00fcr\u00fctt\u00fcler. B\u00fcy\u00fck ihtimalle buray\u0131 yeni bina yap\u0131lana kadar 1. Murat Anadolu Lisesi\u2019ne ta\u015f\u0131yaca\u011f\u0131z ge\u00e7ici olarak, \u00e7\u00fcnk\u00fc orada \u00f6\u011frenci say\u0131m\u0131z \u00e7ok az. Buradaki y\u0131k\u0131m i\u015flemlerini de tamamlay\u0131p in\u015fallah yat\u0131r\u0131m program\u0131n\u0131 al\u0131p oradaki liseyi de yeniden aya\u011fa kald\u0131raca\u011f\u0131z. Ama bir taraftan da buradaki birinci Murat Lisesi&#8217;ndeki de bo\u015f kapasitemiz var. Malumunuz oray\u0131 da daha yeni restore ettirdik. Burada da in\u015fallah iki lisemiz burada devam edecekler, bu yeni okul yap\u0131lana kadar\u201d dedi.<\/p>\n\n<p><\/p>\n<p>Kaynak :\u00a0<span style=\"background-color: rgb(255, 249, 236); color: rgb(55, 58, 60); font-size: 14px;\">http:\/\/www.milliyet.com.tr\/gundem\/edirnede-depreme-dayaniksiz-lise-binasinin-yikilmasina-karar-verildi-7482647<\/span><\/p>\n","protected":false},"excerpt":{"rendered":"<p>Edirne&#8217;de Y\u0131ld\u0131r\u0131m Beyaz\u0131t Anadolu Lisesi\u2019nin 45 y\u0131ll\u0131k e\u011fitim binas\u0131n\u0131n, depreme dayan\u0131ks\u0131z ve riskli yap\u0131 oldu\u011fu gerek\u00e7esiyle y\u0131k\u0131lmas\u0131na karar verildi.<\/p>\n","protected":false},"author":1,"featured_media":138085,"comment_status":"open","ping_status":"open","sticky":false,"template":"","format":"standard","meta":{"footnotes":""},"categories":[3],"tags":[1641,530,524],"class_list":["post-138084","post","type-post","status-publish","format-standard","has-post-thumbnail","hentry","category-guncel","tag-anadolu","tag-egitim","tag-yapi"],"_links":{"self":[{"href":"https:\/\/kamucalisani.net\/index.php\/wp-json\/wp\/v2\/posts\/138084","targetHints":{"allow":["GET"]}}],"collection":[{"href":"https:\/\/kamucalisani.net\/index.php\/wp-json\/wp\/v2\/posts"}],"about":[{"href":"https:\/\/kamucalisani.net\/index.php\/wp-json\/wp\/v2\/types\/post"}],"author":[{"embeddable":true,"href":"https:\/\/kamucalisani.net\/index.php\/wp-json\/wp\/v2\/users\/1"}],"replies":[{"embeddable":true,"href":"https:\/\/kamucalisani.net\/index.php\/wp-json\/wp\/v2\/comments?post=138084"}],"version-history":[{"count":1,"href":"https:\/\/kamucalisani.net\/index.php\/wp-json\/wp\/v2\/posts\/138084\/revisions"}],"predecessor-version":[{"id":138086,"href":"https:\/\/kamucalisani.net\/index.php\/wp-json\/wp\/v2\/posts\/138084\/revisions\/138086"}],"wp:featuredmedia":[{"embeddable":true,"href":"https:\/\/kamucalisani.net\/index.php\/wp-json\/wp\/v2\/media\/138085"}],"wp:attachment":[{"href":"https:\/\/kamucalisani.net\/index.php\/wp-json\/wp\/v2\/media?parent=138084"}],"wp:term":[{"taxonomy":"category","embeddable":true,"href":"https:\/\/kamucalisani.net\/index.php\/wp-json\/wp\/v2\/categories?post=138084"},{"taxonomy":"post_tag","embeddable":true,"href":"https:\/\/kamucalisani.net\/index.php\/wp-json\/wp\/v2\/tags?post=138084"}],"curies":[{"name":"wp","href":"https:\/\/api.w.org\/{rel}","templated":true}]}}