{"id":138850,"date":"2025-11-15T11:24:44","date_gmt":"2025-11-15T11:24:44","guid":{"rendered":"https:\/\/kamucalisani.net\/?p=138850"},"modified":"2025-11-15T11:24:44","modified_gmt":"2025-11-15T11:24:44","slug":"canli-besiktasta-rafa-silva-krizi-serdal-adali-ve-sergen-yalcin-aciklamalarda-bulunuyor","status":"publish","type":"post","link":"https:\/\/kamucalisani.net\/index.php\/2025\/11\/15\/canli-besiktasta-rafa-silva-krizi-serdal-adali-ve-sergen-yalcin-aciklamalarda-bulunuyor\/","title":{"rendered":"CANLI | Be\u015fikta\u015f&#8217;ta Rafa Silva krizi! Serdal Adal\u0131 ve Sergen Yal\u00e7\u0131n a\u00e7\u0131klamalarda bulunuyor"},"content":{"rendered":"<p><p>\u00a0<\/p>\n<p>Be\u015fikta\u015f&#8217;\u0131n Portekizli y\u0131ld\u0131z\u0131 Rafa Silva&#8217;n\u0131n tak\u0131mdaki gelece\u011fi merak ediliyordu. Futbolu b\u0131rakmak iste\u011fini dile getiren y\u0131ld\u0131z futbolcu i\u00e7in Ba\u015fkan Serdal Adal\u0131 devreye girmi\u015f ve g\u00f6r\u00fc\u015fmelerde bulunmu\u015ftu.<\/p>\n<p>Siyah-beyazl\u0131larda Ba\u015fkan Serdal Adal\u0131 ve Teknik Direkt\u00f6r Sergen Yal\u00e7\u0131n, Nevzat Demir Tesisleri\u2019nde d\u00fczenlenen bas\u0131n toplant\u0131s\u0131nda g\u00fcndemdeki konular hakk\u0131nda a\u00e7\u0131klamalarda bulunuyor.<\/p>\n<p>\u00a0<\/p>\n\n<p><\/p>\n<p>Kaynak :\u00a0<span style=\"background-color: rgb(255, 249, 236); color: rgb(55, 58, 60); font-size: 14px;\">http:\/\/www.milliyet.com.tr\/skorer\/canli-besiktasta-rafa-silva-krizi-serdal-adali-ve-sergen-yalcin-aciklamalarda-bulunuyor-7483740<\/span><\/p>\n","protected":false},"excerpt":{"rendered":"<p>Be\u015fikta\u015f&#8217;ta Rafa Silva&#8217;n\u0131n gelece\u011fi merak edilirken Ba\u015fkan Serdal Adal\u0131 ve Teknik Direkt\u00f6r Sergen Yal\u00e7\u0131n bas\u0131n toplant\u0131s\u0131nda a\u00e7\u0131klamalarda bulunuyor.<\/p>\n","protected":false},"author":1,"featured_media":138851,"comment_status":"open","ping_status":"open","sticky":false,"template":"","format":"standard","meta":{"footnotes":""},"categories":[7],"tags":[],"class_list":["post-138850","post","type-post","status-publish","format-standard","has-post-thumbnail","hentry","category-spor"],"_links":{"self":[{"href":"https:\/\/kamucalisani.net\/index.php\/wp-json\/wp\/v2\/posts\/138850","targetHints":{"allow":["GET"]}}],"collection":[{"href":"https:\/\/kamucalisani.net\/index.php\/wp-json\/wp\/v2\/posts"}],"about":[{"href":"https:\/\/kamucalisani.net\/index.php\/wp-json\/wp\/v2\/types\/post"}],"author":[{"embeddable":true,"href":"https:\/\/kamucalisani.net\/index.php\/wp-json\/wp\/v2\/users\/1"}],"replies":[{"embeddable":true,"href":"https:\/\/kamucalisani.net\/index.php\/wp-json\/wp\/v2\/comments?post=138850"}],"version-history":[{"count":1,"href":"https:\/\/kamucalisani.net\/index.php\/wp-json\/wp\/v2\/posts\/138850\/revisions"}],"predecessor-version":[{"id":138852,"href":"https:\/\/kamucalisani.net\/index.php\/wp-json\/wp\/v2\/posts\/138850\/revisions\/138852"}],"wp:featuredmedia":[{"embeddable":true,"href":"https:\/\/kamucalisani.net\/index.php\/wp-json\/wp\/v2\/media\/138851"}],"wp:attachment":[{"href":"https:\/\/kamucalisani.net\/index.php\/wp-json\/wp\/v2\/media?parent=138850"}],"wp:term":[{"taxonomy":"category","embeddable":true,"href":"https:\/\/kamucalisani.net\/index.php\/wp-json\/wp\/v2\/categories?post=138850"},{"taxonomy":"post_tag","embeddable":true,"href":"https:\/\/kamucalisani.net\/index.php\/wp-json\/wp\/v2\/tags?post=138850"}],"curies":[{"name":"wp","href":"https:\/\/api.w.org\/{rel}","templated":true}]}}