{"id":139133,"date":"2025-11-15T20:54:09","date_gmt":"2025-11-15T20:54:09","guid":{"rendered":"https:\/\/kamucalisani.net\/?p=139133"},"modified":"2025-11-15T20:54:09","modified_gmt":"2025-11-15T20:54:09","slug":"disisleri-bakani-hakan-fidan-acikladi-turk-askeri-gazzeye-gidecek-mi-hangi-adimlar-atilacak","status":"publish","type":"post","link":"https:\/\/kamucalisani.net\/index.php\/2025\/11\/15\/disisleri-bakani-hakan-fidan-acikladi-turk-askeri-gazzeye-gidecek-mi-hangi-adimlar-atilacak\/","title":{"rendered":"D\u0131\u015fi\u015fleri Bakan\u0131 Hakan Fidan a\u00e7\u0131klad\u0131! T\u00fcrk askeri Gazze\u2019ye gidecek mi? Hangi ad\u0131mlar at\u0131lacak?"},"content":{"rendered":"<p><p>D\u0131\u015fi\u015fleri Bakan\u0131 Hakan Fidan, canl\u0131 yay\u0131nda \u00fcndeme ili\u015fkin \u00f6nemli a\u00e7\u0131klamalarda bulundu. \u0130\u015fte D\u0131\u015fi\u015fleri Hakan Fidan&#8217;\u0131n konu\u015fmas\u0131ndan sat\u0131r ba\u015flar\u0131;<\/p>\n<p>\u00d6ncelikle milli tak\u0131m\u0131m\u0131z\u0131 b\u00fct\u00fcn kalbimle tebrik ediyorum. Ger\u00e7ekten b\u00fcy\u00fck bir ba\u015far\u0131 imza att\u0131lar in\u015fallah bu ba\u015far\u0131 kupay\u0131 alana kadar b\u00f6yle devam eder.<br \/>Asl\u0131nda, T\u00fcrkiye&#8217;nin son y\u0131llarda ortaya koydu\u011fu d\u0131\u015f politikadaki performans, g\u00fcvenilir ortak olma \u00f6zelli\u011fi, bir\u00e7ok konuda ger\u00e7i T\u00fcrkiye&#8217;yi i\u015f birli\u011fi aranan bir akt\u00f6r haline getirmi\u015f durumda.<\/p>\n<p>Malumunuz, ge\u00e7ti\u011fimiz Eyl\u00fcl ay\u0131nda, Eyl\u00fcl ay\u0131n\u0131n 23&#8217;\u00fcnde New York&#8217;ta, Birle\u015fmi\u015f Milletler&#8217;de Cumhurba\u015fkan\u0131m\u0131z Trump&#8217;la bir araya geldi, di\u011fer yedi \u00fclke, M\u00fcsl\u00fcman devlet \u00fclke ba\u015fkan\u0131yla beraber. Daha sonra 25 Eyl\u00fcl&#8217;de bir Washington ziyaretimiz oldu. Cumhurba\u015fkan\u0131m\u0131z Say\u0131n Trump taraf\u0131ndan a\u011f\u0131rland\u0131. Orada, gerek kendileri ba\u015f ba\u015fa gerek heyetler aras\u0131 g\u00f6r\u00fc\u015fmelerde T\u00fcrkiye-Amerika ikili ili\u015fkileri ve b\u00f6lge ili\u015fkilerine ili\u015fkin \u00e7ok ciddi konular konu\u015fuldu.<\/p>\n<p>\u015eimdi, bu seyahat esnas\u0131nda da a\u00e7\u0131k\u00e7as\u0131 iki \u00fclke a\u00e7\u0131s\u0131ndan ve b\u00f6lgemiz a\u00e7\u0131s\u0131ndan, k\u00fcresel bar\u0131\u015f ve istikrar a\u00e7\u0131s\u0131ndan \u00f6nemli olan konular tekrar g\u00fcndeme geldi. \u015eimdi haritay\u0131 ortaya koydu\u011funuz zaman g\u00f6receksiniz ki T\u00fcrkiye&#8217;nin kuzeyinde Ukrayna-Rusya sava\u015f\u0131 devam ediyor. O bizim i\u00e7in de Amerika i\u00e7in de \u00f6nemli. Kuzeydo\u011fumuzda, Kafkaslar&#8217;da donmu\u015f bir sava\u015f\u0131n bar\u0131\u015fa do\u011fru evrilmek \u00fczere olan bir kal\u0131c\u0131 bar\u0131\u015f \u015feyi var. Buna Amerika&#8217;da biliyorsunuz yak\u0131ndan ilgi g\u00f6steriyor. Washington&#8217;da Ermenistan-Azerbaycan bar\u0131\u015f anla\u015fmas\u0131n\u0131n paraflanmas\u0131na ev sahipli\u011fi yapm\u0131\u015flard\u0131.<\/p>\n<p>Hemen onun g\u00fcneyinde \u0130ran var. \u0130ran bizim kom\u015fumuz. Bir\u00e7ok a\u00e7\u0131dan ili\u015fkilerimiz \u00f6nemli ama Amerika&#8217;n\u0131n da \u0130ran&#8217;la uzun s\u00fcredir devam eden bir n\u00fckleer problemi var. Onun biraz daha g\u00fcneyinde indi\u011finiz zaman Irak meselesi var. Irak&#8217;la Amerika&#8217;daki hikayesini biliyorsunuz sava\u015f. Sonra Suriye dosyas\u0131. Bunlar yak\u0131n co\u011frafyam\u0131zla ilgili hem Amerika&#8217;n\u0131n hem bizim son derece ilgi g\u00f6sterdi\u011fimiz konular ve oralarda belirli bir anlay\u0131\u015f birli\u011finin, koordinasyonun sa\u011flanmas\u0131 gerekiyor ki menfaatlerimizi \u00e7ok daha iyi koruyal\u0131m, daha iyi ilerletelim, daha az maliyet \u00f6deyelim, daha fazla faydalanal\u0131m.<\/p>\n<p>Di\u011fer taraftan, tabii en can yak\u0131c\u0131 konulardan biri Gazze meselesi. Gazze meselesinde Eyl\u00fcl 23&#8217;ten itibaren 8 M\u00fcsl\u00fcman \u00fclkenin devlet ba\u015fkan\u0131n\u0131n Trump&#8217;la bir araya gelip olu\u015fturdu\u011fu anlay\u0131\u015f birli\u011finin \u015fu anda geldi\u011fi bir nokta var. Bu tabii kolay bir i\u015f de\u011fil. \u00c7ok yak\u0131ndan takip edilmesi gerekiyor. T\u0131kanan konular\u0131n a\u00e7\u0131lmas\u0131 gerekiyor. \u00c7ok fazla t\u0131kanma alanlar\u0131 olabiliyor. A\u015fama a\u015fama g\u00f6t\u00fcr\u00fclmesi gerekiyor. Bunun i\u00e7in de yap\u0131lan \u00e7al\u0131\u015fmalar var. Bunun da g\u00f6zden ge\u00e7irilmesi gerekiyordu. Beyaz Saray&#8217;da yetkililerle yap\u0131lan g\u00f6r\u00fc\u015fmelerde Suriye meselesi ba\u015fta olmak \u00fczere Filistin, Ukrayna gibi a\u011f\u0131rl\u0131kl\u0131 konular g\u00f6r\u00fc\u015f\u00fcld\u00fc.<\/p>\n<p><strong>SDG&#8217;N\u0130N ENTEGRASYONU<\/strong><\/p>\n<p>Bu Amerikal\u0131larla konu\u015ftu\u011fumuz \u00f6nemli bir konu. Yani belli bir anlay\u0131\u015f birli\u011fi i\u00e7erisinde bunun ilerletilmesi gerekiyor. Biliyorsunuz, Amerikan sistemi i\u00e7erisinde b\u00f6lgeye angaje olurken, \u00f6zellikle DAE\u015e&#8217;le m\u00fccadele bahanesi \u00fczerinden, burada olu\u015fturulmu\u015f belli mekanizmalar, belli siyasi yat\u0131r\u0131mlar ve belli bir perspektif var \u00f6nceki iktidarlar d\u00f6neminden bug\u00fcne kadar ta\u015f\u0131nm\u0131\u015f. \u015eimdi bunu geriye do\u011fru sard\u0131rmak, belli bir noktada b\u00fct\u00fcn akt\u00f6rlerin menfaatine olacak \u015fekilde nihayetlendirmek bir dikkat, intizam ve sab\u0131r istiyor. Yani onu ince ince \u00f6rerek, diplomatik olarak g\u00f6t\u00fcrmemiz gerekiyor. Hep ben s\u00f6yl\u00fcyorum, yani diplomatlar meseleye \u00e7\u00f6z\u00fcm getirmezlerse, sorun askerlerin ve istihbarat\u00e7\u0131lar\u0131n omzuna d\u00fc\u015f\u00fcyor. Biz g\u00fcvenlik ve ekonomik olarak daha fazla maliyet \u00f6demek zorunda kal\u0131yoruz. Onun i\u00e7in s\u00f6zle yapabilece\u011fimiz, hikmetle yapabilece\u011fimiz \u015feyleri yap\u0131p di\u011fer karde\u015flerimizin, arkada\u015flar\u0131m\u0131z\u0131n omzuna daha az y\u00fck d\u00fc\u015fmesini sa\u011flamam\u0131z gerekiyor. \u015eimdi burada \u015eam&#8217;la YPG aras\u0131ndaki g\u00f6r\u00fc\u015fmelerin gidi\u015fat\u0131 \u00f6nemli. Bu g\u00f6r\u00fc\u015fmeler bir ara ink\u0131ta\u011fa u\u011frad\u0131 malumunuz, \u00f6zellikle \u0130srail&#8217;in g\u00fcneye m\u00fcdahalesinden sonra, b\u00f6lgede olan birtak\u0131m geli\u015fmelerden dolay\u0131 ink\u0131ta\u011fa u\u011frad\u0131. \u015eimdi Amerikal\u0131lar\u0131n ve bizlerin de en b\u00fcy\u00fck \u015fu anda birincil meselesi \u0130srail&#8217;in Suriye i\u00e7in bir tehdit olmaktan \u00e7\u0131kmas\u0131n\u0131 sa\u011flamak ve Suriye&#8217;nin de \u0130srail i\u00e7in bir tehdit olmamas\u0131 ve herkesin birbirinin toprak b\u00fct\u00fcnl\u00fc\u011f\u00fcne ve egemenli\u011fine dikkat etti\u011fi bir yer. \u015eu anda Suriye&#8217;nin topraklar\u0131n\u0131n bir k\u0131sm\u0131 i\u015fgal alt\u0131nda, bu i\u015fgalin son bulmas\u0131 gerekiyor ve Suriye&#8217;nin geri kalan\u0131n\u0131 tehdit eden bir yakla\u015f\u0131m i\u00e7erisinde de olunmamas\u0131 laz\u0131m.<\/p>\n<p><strong>ABD&#8217;N\u0130N \u0130SRA\u0130L&#8217;E BASKIYI ARTIRMASI \u00d6NEML\u0130<\/strong><\/p>\n<p>\u0130srail&#8217;in b\u00f6lgeye \u00f6zellikle Suriye faaliyetlerine ili\u015fkin konu\u015farak ABD-\u0130srail ili\u015fkilerine de\u011finerek \u015f\u00f6yle konu\u015ftu: Amerikal\u0131larla belli bir ili\u015fki y\u00fcr\u00fctmek, koordinasyonu y\u00fcr\u00fctmek, \u00f6zellikle \u0130srail&#8217;e y\u00f6nelik politik bask\u0131y\u0131 art\u0131rmak a\u00e7\u0131s\u0131ndan da fevkalade \u00f6nemli. \u015eimdi YPG&#8217;nin \u015eam&#8217;la y\u00fcr\u00fctt\u00fc\u011f\u00fc g\u00f6r\u00fc\u015fmelerin belli bir noktaya evrilmesini bekliyoruz. Yani \u015fu anda y\u00fcr\u00fct\u00fclen m\u00fczakereler var, g\u00f6r\u00fc\u015fmeler var. Amerikal\u0131larla yap\u0131lan g\u00f6r\u00fc\u015fmeler var, bizim yapt\u0131\u011f\u0131m\u0131z g\u00f6r\u00fc\u015fmeler var. Bunlar\u0131n hepsinin bir noktada bir yere evrilmesi i\u00e7in \u00e7al\u0131\u015f\u0131yoruz.<\/p>\n<p><strong>SUR\u0130YE&#8217;N\u0130N GELECE\u011e\u0130 NASIL \u015eEK\u0130LLENECEK?<\/strong><\/p>\n<p>Tabii Suriye&#8217;de T\u00fcrkiye&#8217;nin eme\u011fi, ortaya koydu\u011fu \u00e7aba, gerek istikrar, gerek m\u00fcltecilerin geri d\u00f6n\u00fc\u015f\u00fc i\u00e7in, bu yeni y\u00f6netimin uluslararas\u0131 me\u015fruiyet sa\u011flamas\u0131 i\u00e7in ortaya koydu\u011fu \u00e7aba, yani tarihte \u00f6rne\u011fine az rastlan\u0131r \u00e7abalardan biri. A\u00e7\u0131k\u00e7as\u0131, burada tabii olay\u0131 yak\u0131ndan takip eden \u00fclkeler, T\u00fcrkiye&#8217;nin burada asl\u0131nda ne kadar ahlaki ve onurlu bir d\u0131\u015f politika izledi\u011fini g\u00f6r\u00fcyorlar. Bir taraftan Suriye&#8217;nin menfaatini, toprak b\u00fct\u00fcnl\u00fc\u011f\u00fcn\u00fc, halk\u0131n\u0131n refah\u0131n\u0131, bar\u0131\u015f\u0131 d\u00fc\u015f\u00fcn\u00fcrken, di\u011fer taraftan kendisiyle ilgili konular\u0131 da olabildi\u011fince geri planda tutup bunu b\u00f6lge \u00fclkeleriyle beraber g\u00f6t\u00fcrme meselesi, ancak T\u00fcrkiye gibi uzun stratejik k\u00fclt\u00fcr tarihi olan, bunu yapacak derinli\u011fi olan \u00fclkelerin izleyebilece\u011fi d\u0131\u015f politika hamleleri.<\/p>\n<p>Bunu da bilenler biliyor. Dolay\u0131s\u0131yla T\u00fcrkiye&#8217;nin orada olmas\u0131ndan daha normal bir \u015fey yok. Yani bu sorunlar\u0131n tespiti, te\u015fhisi, \u00fcstlenilmesi, y\u00fcklenilmesi, ileri ta\u015f\u0131nmas\u0131 sadece T\u00fcrkiye&#8217;nin lehine de\u011fil. T\u00fcrkiye&#8217;nin d\u0131\u015f politikadaki en b\u00fcy\u00fck fark\u0131, bir konuya yakla\u015ft\u0131\u011f\u0131 zaman sadece kendi lehi i\u00e7in yakla\u015fm\u0131yor. Di\u011fer, kendisi i\u00e7in ne istiyorsa, bu bizim inanc\u0131m\u0131zdan gelen bir \u015fey. B\u00f6lgedeki di\u011fer \u00fclkeler i\u00e7in de ayn\u0131 \u015feyi isteyip, beraber menfaatimizi ilerletelim konusu var.<\/p>\n<p>Suriye&#8217;de de \u00e7ok fazla meydan okuma var Hikmet Bey. Ger\u00e7ekten zaman zaman da tart\u0131\u015f\u0131yoruz, g\u00f6r\u00fcyoruz. Devam eden \u00e7ok fazla sorun alanlar\u0131 var. O sorun alanlar\u0131n\u0131n belli bir sistematik i\u00e7erisinde, teker teker \u00fcstesinden gelinmesi b\u00fcy\u00fck bir b\u00f6lgesel ve uluslararas\u0131 \u00e7aba istiyor. Baz\u0131 akt\u00f6rlerin b\u0131rak\u0131n destek vermesini, yani k\u00f6stek olmas\u0131nlar yeter dedi\u011finiz bir noktadas\u0131n\u0131z. Yani \u00fclke kendi kendine geli\u015febilecek. Dolay\u0131s\u0131yla temel akt\u00f6rlerle bir fikir birli\u011fi, bir anlay\u0131\u015f birli\u011fi olmas\u0131 fevkalade \u00f6nemli. Dedi\u011fim gibi, yani T\u00fcrkiye&#8217;nin orada olmas\u0131ndan daha normal bir \u015fey yok.<\/p>\n<p>Yani belli bir anlay\u0131\u015f birli\u011fi i\u00e7erisinde bunun ilerletilmesi gerekiyor. Biliyorsunuz, Amerikan sistemi i\u00e7erisinde b\u00f6lgeye angaje olurken, \u00f6zellikle DEA\u015e&#8217;la m\u00fccadele manesi \u00fczerinden, burada olu\u015fturulmu\u015f belli mekanizmalar, belli siyasi yat\u0131r\u0131mlar ve belli bir perspektif var. \u00d6nceki iktidarlar d\u00f6neminden bug\u00fcne kadar ta\u015f\u0131nm\u0131\u015f. \u015eimdi bunu geriye do\u011fru sard\u0131rmak, belli bir noktada b\u00fct\u00fcn akt\u00f6rlerin menfaatine olacak \u015fekilde nihayetlendirmek bir dikkat, intizam ve sab\u0131r istiyor. Yani onu ince ince \u00f6rerek diplomatik olarak g\u00f6t\u00fcrmemiz gerekiyor. Hep ben s\u00f6yl\u00fcyorum, yani diplomatlar meseleye \u00e7\u00f6z\u00fcm getirmezlerse, sorun askerlerin ve istihbarat\u00e7\u0131lar\u0131n omuzuna d\u00fc\u015f\u00fcyor. Biz g\u00fcvenlik ve ekonomik olarak daha fazla maliyet \u00f6demek zorunda kal\u0131yoruz. Onun i\u00e7in s\u00f6zle yapabilece\u011fimiz, hikmetle yapabilece\u011fimiz \u015feyleri yap\u0131p, di\u011fer karde\u015flerimizin, arkada\u015flar\u0131m\u0131z\u0131n omuzuna daha az y\u00fck d\u00fc\u015fmesini sa\u011flamam\u0131z gerekiyor.<\/p>\n<p>\u015eimdi burada, \u015eam&#8217;la YPG aras\u0131ndaki g\u00f6r\u00fc\u015fmelerin gidi\u015fat\u0131 \u00f6nemli. Bu g\u00f6r\u00fc\u015fmeler bir ara ink\u0131taya u\u011frad\u0131 malumunuz, \u00f6zellikle \u0130srail&#8217;in g\u00fcneye m\u00fcdahalesinden sonra, b\u00f6lgede olan birtak\u0131m geli\u015fmelerden dolay\u0131 ink\u0131taya u\u011frad\u0131. \u015eimdi Amerikal\u0131lar\u0131n ve bizlerin de en b\u00fcy\u00fck \u015fu anda birincil meselesi, \u0130srail&#8217;in Suriye i\u00e7in bir tehdit olmaktan \u00e7\u0131kmas\u0131n\u0131 sa\u011flamak ve Suriye&#8217;nin de \u0130srail i\u00e7in bir tehdit olmamas\u0131 ve herkesin birbirinin toprak b\u00fct\u00fcnl\u00fc\u011f\u00fcne ve egemenli\u011fine dikkat etti\u011fi bir yer. \u015eu anda Suriye topraklar\u0131n\u0131n bir k\u0131sm\u0131 i\u015fgal alt\u0131nda. Bu i\u015fgalin son bulmas\u0131 gerekiyor ve Suriye&#8217;nin geri kalan\u0131 tehdit eden bir yakla\u015f\u0131m i\u00e7erisinde de olunmamas\u0131 laz\u0131m. Bu noktada Amerika&#8217;n\u0131n Suriye&#8217;deki d\u00fczeni, refah\u0131 ve istikrar\u0131 destekliyor olmas\u0131 fevkalade \u00f6nemli.<\/p>\n<p><strong>T\u00dcRK\u0130YE GAZZE&#8217;YE ASKER G\u00d6NDERECEK M\u0130?<\/strong><\/p>\n<p>Ba\u015fkomutan\u0131m\u0131z Cumhurba\u015fkan\u0131m\u0131z, ordular\u0131n nihayetinde hareket emrini verecek makam. Buradaki olu\u015fan irade, gerekli \u015fartlar\u0131n olu\u015fmas\u0131 durumunda, T\u00fcrkiye Gazze&#8217;de elini ta\u015f\u0131n alt\u0131na koymaya haz\u0131rd\u0131r ve asker g\u00f6nderme de dahil olmak \u00fczere her t\u00fcrl\u00fc konuda \u00fczerine d\u00fc\u015feni b\u00fcy\u00fck bir sorumluluk duygusu ile yapacakt\u0131r. Bu bizim uluslararas\u0131 topluma bu konuda verdi\u011fimiz en net mesaj. Bunu ortaklar\u0131m\u0131za da s\u00f6yl\u00fcyoruz, dostlar\u0131m\u0131za da s\u00f6yl\u00fcyoruz, ilgili akt\u00f6rlere de s\u00f6yl\u00fcyoruz.<\/p>\n<p>\u015eimdi yaln\u0131z burada \u015f\u00f6yle bir s\u00fcre\u00e7 devam ediyor. Onu yak\u0131ndan takip ediyordur ilgili arkada\u015flar\u0131m\u0131z, karde\u015flerimiz. \u015eimdi \u015fu anda \u00fczerinde tart\u0131\u015f\u0131lan, konu\u015fulan bir Birle\u015fmi\u015f Milletler G\u00fcvenlik Konseyi karar tasla\u011f\u0131 var. Bu taslak de\u011fi\u015fiyor, evriliyor, tart\u0131\u015f\u0131l\u0131yor. S\u00f6z\u00fcn\u00fc etti\u011finiz istikrar g\u00fcc\u00fc, esas itibar\u0131yla Trump Bar\u0131\u015f Plan\u0131&#8217;nda yer almakta olan iki kurumdan biri. Bunun hayata ge\u00e7erken hangi net yetkilere sahip olaca\u011f\u0131 ve i\u015fleyi\u015fi nas\u0131l olaca\u011f\u0131 konusuna ili\u015fkin bir uluslararas\u0131 hukuk metni te\u015fkil edecek bir karar tasla\u011f\u0131 \u00fczerinde tart\u0131\u015f\u0131l\u0131yor. \u015eimdi en ba\u015fta biz bu konular\u0131 tart\u0131\u015f\u0131rken iki g\u00f6r\u00fc\u015f vard\u0131: Bir g\u00f6r\u00fc\u015f buna ihtiya\u00e7 var diyordu. Bir di\u011fer g\u00f6r\u00fc\u015f de tamam, ihtiya\u00e7 var ama olmasa da asl\u0131nda olamasa da bir araya geliriz, bir istikrar g\u00fcc\u00fc kurabiliriz, madem hani bar\u0131\u015f anla\u015fmas\u0131n\u0131n ruhunda ve \u015feklinde anla\u015ft\u0131k, buna hani bir \u015fey verilebilir. \u015eimdi bu tasla\u011f\u0131n \u015fu anda G\u00fcvenlik Konseyi&#8217;nde tart\u0131\u015f\u0131l\u0131yor olmas\u0131 tabii g\u00fcc\u00fcn hayata ge\u00e7mesini m\u00fcmk\u00fcn k\u0131lm\u0131yor.<\/p>\n<p><strong>GAZZE&#8217;DEK\u0130 ATE\u015eKES \u0130HLALLER\u0130<br \/><\/strong><br \/>Gazze&#8217;de ate\u015fkesten bu yana 300 ki\u015fi \u00f6ld\u00fc. Gazze&#8217;yi y\u00f6netecek isimler belli.<\/p>\n<p>Birle\u015fmi\u015f Milletler G\u00fcvenlik Konseyi&#8217;nin be\u015f daimi, on ge\u00e7ici \u00fcyesi var. \u015eu anda biz bunlar\u0131n ikisinde de de\u011filiz; zaten daimi de\u011filiz, on ge\u00e7ici \u00fcye \u00fclke aras\u0131nda da de\u011filiz ama bize yak\u0131n \u00fclkeler var. Trump&#8217;la bulu\u015fan sekiz \u00fclkenin liderlerinin temsilcileri olarak bir araya geldi\u011fimizde, bunun gidi\u015fat\u0131na ili\u015fkin birtak\u0131m tercihlerimiz, tekliflerimiz ve d\u00fczeltmelerimiz oluyor. \u0130lk \u00f6nce kendi aram\u0131zda konu\u015fuyoruz, ard\u0131ndan bunlar\u0131 G\u00fcvenlik Konseyi&#8217;ndeki akt\u00f6rlere iletiyoruz. G\u00fcvenlik Konseyi&#8217;ne Avrupa&#8217;dan, Orta Do\u011fu&#8217;dan ve ba\u015fka \u00fclkelerden gelen telkinler var. Bu telkinlerin hepsi \u015fu anda harmanlan\u0131yor. \u0130lk \u00f6nce bir taslak ortaya konuyor, bu sessizlik s\u00fcrecine al\u0131n\u0131yor. Ge\u00e7en hafta bir G\u00fcvenlik Konseyi \u00fcyesi bu sessizlik s\u00fcrecini k\u0131rarak yeni bir teklif getirdi. Daha sonra bu da k\u0131r\u0131ld\u0131, ba\u015fka bir \u00fclke ba\u015fka bir teklif sundu. \u015eu anda devam eden s\u00fcre\u00e7 bu \u015fekilde i\u015fliyor.<\/p>\n<p>Amerika&#8217;n\u0131n bu konuda yapt\u0131\u011f\u0131 \u00e7al\u0131\u015fmalar var ve bizimle isti\u015fare i\u00e7erisindeler. Taslaklar s\u00fcrekli olarak evriliyor. Bu a\u015famalar ge\u00e7tikten sonra \u00f6zellikle Bar\u0131\u015f Komisyonu ve Uluslararas\u0131 \u0130stikrar G\u00fcc\u00fc hayata ge\u00e7ecek.<\/p>\n<p>\u0130stikrar g\u00fcc\u00fcyle ilgili erken \u00e7al\u0131\u015fmalar ba\u015flat\u0131lm\u0131\u015f durumda. Amerikal\u0131lar\u0131n koordine etti\u011fi ve \u0130srail&#8217;le birlikte kurdu\u011fu bir Sivil-Askeri \u0130\u015fbirli\u011fi Merkezi var. Amerikal\u0131lar, Trump \u00fczerinden bar\u0131\u015f anla\u015fmas\u0131na sahip \u00e7\u0131kt\u0131klar\u0131 i\u00e7in, s\u00fcrecin \u00f6n\u00fcne \u00e7\u0131kan engellerin \u00e7\u00f6z\u00fclmesi amac\u0131yla bir mekanizma geli\u015ftiriyorlar. Bu sahiplenme a\u00e7\u0131s\u0131ndan \u00f6nemli bir ad\u0131m. \u015earm El \u015eeyh&#8217;teki t\u00f6renden hemen sonra bu merkezi kurdular.<\/p>\n<p>Merkez \u00fc\u00e7 temel i\u015flev y\u00fcr\u00fct\u00fcyor:<\/p>\n<p>Uluslararas\u0131 \u0130stikrar G\u00fcc\u00fc&#8217;n\u00fcn nas\u0131l \u015fekillenece\u011fine ve hangi \u00fclkelerin yer alabilece\u011fine ili\u015fkin erken tart\u0131\u015fmalar yapmak. Bu tart\u0131\u015fmalar kamuoyu d\u0131\u015f\u0131nda y\u00fcr\u00fct\u00fcl\u00fcyor.<\/p>\n<p>Devam eden ate\u015fkesin uygulanmas\u0131na y\u00f6nelik roller \u00fcstlenmek.<\/p>\n<p>Ba\u015fka \u00fclkeleri davet ederek s\u00fcre\u00e7le ilgili yeni de\u011ferlendirmeler yapmak.<\/p>\n<p>Bu \u00e7al\u0131\u015fmalar, Gazze&#8217;de ate\u015fkes ve insani yard\u0131mlar\u0131n ard\u0131ndan at\u0131lan ikinci kurumsal somut ad\u0131m niteli\u011finde. \u0130stikrar G\u00fcc\u00fc&#8217;n\u00fcn n\u00fcvesini olu\u015fturacak bir s\u00fcre\u00e7 i\u015fliyor. Amerikal\u0131lar, &#8220;Gazze&#8217;ye Amerikan askeri girmeyecek&#8221; ve &#8220;Uluslararas\u0131 \u0130stikrar G\u00fcc\u00fc&#8217;ne Amerikan askeri verilmeyecek&#8221; a\u00e7\u0131klamalar\u0131n\u0131 yapt\u0131. Ancak bar\u0131\u015f anla\u015fmas\u0131n\u0131 ilerletme konusunda koordinasyonu sa\u011flayacak mekanizmalar\u0131 hayata ge\u00e7irme iradeleri s\u00fcr\u00fcyor. Bu kapsamda askeri makamlar\u0131m\u0131z aras\u0131nda yak\u0131n diyalog devam ediyor.<\/p>\n<p><strong>&#8220;F35 MESELES\u0130 \u00c7\u00d6Z\u00dcL\u00dcYOR&#8221;<\/strong><\/p>\n<p>25 Eyl\u00fcl&#8217;de Cumhurba\u015fkan\u0131m\u0131zla Say\u0131n Trump Beyaz Saray&#8217;da bir araya geldiklerinde Say\u0131n Trump bir irade beyan\u0131nda bulundu. Cumhurba\u015fkan\u0131m\u0131za olan sayg\u0131s\u0131, g\u00fcveni, yani bunu hi\u00e7 b\u00f6yle d\u00fc\u015f\u00fcnmeden, dedi ki bu CAATSA bizim aram\u0131zda olmamas\u0131 gereken bir \u015fey. Bunu kald\u0131rmam\u0131z laz\u0131m. Bunun talimat\u0131n\u0131 da kendi b\u00fcrokrasisine verdi.<\/p>\n<p>Orada \u015f\u00f6yle bir problem alan\u0131m\u0131z var bizim. CAATSA biliyorsunuz Kongre&#8217;den ge\u00e7irilmi\u015f bir yasa. Ve bu yasa ben zaman zaman meslekta\u015f\u0131m Marco Rubio ile de konu\u015furken \u015f\u00f6yle diyor: &#8220;Ben diyor senat\u00f6rd\u00fcm, yasa \u00e7\u0131kartan taraftayd\u0131m. \u015eimdi pratisyen oldum, idare taraf\u0131na geldim. D\u0131\u015fi\u015fleri Bakan\u0131y\u0131m. Ba\u015fkan bana bir talimat verdi, bunu hayata ge\u00e7irin diyor. Ben \u015fimdi d\u00f6n\u00fcp metne bak\u0131yorum. Ya \u00f6yle bir metin yazm\u0131\u015f\u0131z ki idare bir yere k\u0131m\u0131ldayamas\u0131n diye.&#8221;<\/p>\n<p>Sistemi kilitlemek dedikleri. \u0130dare bir yere k\u0131m\u0131ldayamas\u0131n diye \u00f6yle bir metinle her \u015feyi \u015fey yapm\u0131\u015f\u0131z diyor. \u015eimdi burada tabii ki hani derler ya demokrasilerde \u00e7are t\u00fckenmez diye, bizim aram\u0131zdaki ili\u015fkilerde niyet iyi oldu\u011fu s\u00fcrece \u00e7are aray\u0131\u015f\u0131 t\u00fckenmez. Bu konuda in\u015fallah Cumhurba\u015fkan\u0131m\u0131z\u0131n da yani bu konuda irade koydu\u011fu birtak\u0131m \u00e7\u00f6z\u00fcm konular\u0131 var. Onlar\u0131 zaman\u0131 geldik\u00e7e kamuoyuyla payla\u015faca\u011f\u0131z zaten. Ama \u00f6nemli olan \u015fudur: Amerika&#8217;n\u0131n Biden&#8217;dan farkl\u0131 olarak bunu \u00e7\u00f6zmeye niyeti var. Say\u0131n Trump&#8217;\u0131n bu konuda verdi\u011fi talimat var, koydu\u011fu irade var. Bu konu takip ediliyor. Biz de takip ediyoruz. \u0130n\u015fallah en k\u0131sa s\u00fcrede \u00e7\u00f6zece\u011fiz.&#8221;<\/p>\n\n<p><\/p>\n<p>Kaynak :\u00a0<span style=\"background-color: rgb(255, 249, 236); color: rgb(55, 58, 60); font-size: 14px;\">http:\/\/www.milliyet.com.tr\/gundem\/disisleri-bakani-hakan-fidan-acikladi-turk-askeri-gazzeye-gidecek-mi-hangi-adimlar-atilacak-7483904<\/span><\/p>\n","protected":false},"excerpt":{"rendered":"<p>D\u0131\u015fi\u015fleri Bakan\u0131 Hakan Fidan, A Haber&#8217;de g\u00fcndeme dair \u00f6nemli a\u00e7\u0131klamalarda bulundu. Ter\u00f6rs\u00fcz T\u00fcrkiye s\u00fcrecinde son durum ne, T\u00fcrk askeri Gazze\u2019ye gidecek mi? Ankara hangi ad\u0131mlar\u0131 atacak? \u0130\u015fte detaylar&#8230;<\/p>\n","protected":false},"author":1,"featured_media":139134,"comment_status":"open","ping_status":"open","sticky":false,"template":"","format":"standard","meta":{"footnotes":""},"categories":[3],"tags":[4109,852,1822,232,222],"class_list":["post-139133","post","type-post","status-publish","format-standard","has-post-thumbnail","hentry","category-guncel","tag-amerika","tag-bas","tag-onemli","tag-suriye","tag-ulke"],"_links":{"self":[{"href":"https:\/\/kamucalisani.net\/index.php\/wp-json\/wp\/v2\/posts\/139133","targetHints":{"allow":["GET"]}}],"collection":[{"href":"https:\/\/kamucalisani.net\/index.php\/wp-json\/wp\/v2\/posts"}],"about":[{"href":"https:\/\/kamucalisani.net\/index.php\/wp-json\/wp\/v2\/types\/post"}],"author":[{"embeddable":true,"href":"https:\/\/kamucalisani.net\/index.php\/wp-json\/wp\/v2\/users\/1"}],"replies":[{"embeddable":true,"href":"https:\/\/kamucalisani.net\/index.php\/wp-json\/wp\/v2\/comments?post=139133"}],"version-history":[{"count":1,"href":"https:\/\/kamucalisani.net\/index.php\/wp-json\/wp\/v2\/posts\/139133\/revisions"}],"predecessor-version":[{"id":139135,"href":"https:\/\/kamucalisani.net\/index.php\/wp-json\/wp\/v2\/posts\/139133\/revisions\/139135"}],"wp:featuredmedia":[{"embeddable":true,"href":"https:\/\/kamucalisani.net\/index.php\/wp-json\/wp\/v2\/media\/139134"}],"wp:attachment":[{"href":"https:\/\/kamucalisani.net\/index.php\/wp-json\/wp\/v2\/media?parent=139133"}],"wp:term":[{"taxonomy":"category","embeddable":true,"href":"https:\/\/kamucalisani.net\/index.php\/wp-json\/wp\/v2\/categories?post=139133"},{"taxonomy":"post_tag","embeddable":true,"href":"https:\/\/kamucalisani.net\/index.php\/wp-json\/wp\/v2\/tags?post=139133"}],"curies":[{"name":"wp","href":"https:\/\/api.w.org\/{rel}","templated":true}]}}