{"id":139157,"date":"2025-11-15T22:00:12","date_gmt":"2025-11-15T22:00:12","guid":{"rendered":"https:\/\/kamucalisani.net\/?p=139157"},"modified":"2025-11-15T22:00:12","modified_gmt":"2025-11-15T22:00:12","slug":"domenico-tedesconun-basari-sirri-ortaya-cikti-kalbi-italyan-akli-alman","status":"publish","type":"post","link":"https:\/\/kamucalisani.net\/index.php\/2025\/11\/15\/domenico-tedesconun-basari-sirri-ortaya-cikti-kalbi-italyan-akli-alman\/","title":{"rendered":"Domenico Tedesco\u2019nun ba\u015far\u0131 s\u0131rr\u0131 ortaya \u00e7\u0131kt\u0131: Kalbi \u0130talyan, akl\u0131 Alman!"},"content":{"rendered":"<p><p>Fenerbah\u00e7e Teknik Direkt\u00f6r\u00fc Domenico Tedesco\u2019nun ba\u015far\u0131y\u0131 yakalamas\u0131nda \u00f6nemli bir detay ortaya \u00e7\u0131kt\u0131. Sar\u0131-lacivertlilerin iki ekolden de bir hocas\u0131 var. Gen\u00e7 \u00e7al\u0131\u015ft\u0131r\u0131c\u0131 \u0130talya\u2019da do\u011farken, k\u00fc\u00e7\u00fck ya\u015fta Almanya\u2019ya gitti. Bu y\u00fczden de Tedesco i\u00e7in bazen \u0130talyan bazen de Alman hoca ifadesi kullan\u0131l\u0131yor.<\/p>\n<p><strong>E\u011e\u0130T\u0130M\u0130N\u0130 ALMANYA\u2019DA ALDI<\/strong><\/p>\n<p>Sar\u0131-lacivertlilerin teknik patronu \u0130talya\u2019da do\u011fmas\u0131na ra\u011fmen, teknik direkt\u00f6rl\u00fck dahil t\u00fcm e\u011fitimini Almanya\u2019da ald\u0131. Tedesco\u2019nun d\u00fc\u015f\u00fcnce yap\u0131s\u0131n\u0131 \u00e7al\u0131\u015fma arkada\u015flar\u0131na sordu\u011fumuzda verdikleri cevap \u2018D\u00fc\u015f\u00fcnce yap\u0131s\u0131 Alman\u2019 oldu. Ard\u0131ndan ise ayn\u0131 soruyu gen\u00e7 \u00e7al\u0131\u015ft\u0131r\u0131c\u0131ya y\u00f6neltti\u011fimizde ise \u201c\u0130talyan. Ailem oral\u0131. Ben de orada do\u011fdum\u2019 yan\u0131t\u0131n\u0131 verdi. Dolay\u0131s\u0131yla Fenerbah\u00e7e\u2019nin iki ekolden de bir teknik direkt\u00f6r\u00fc var&#8230; Tedesco\u2019nun kalbi \u0130talyan, akl\u0131 Alman&#8230;<\/p>\n<p>\u0130yi bir sentez yakalayan Tedesco, \u00f6zellikle daha \u00f6nce Bel\u00e7ika Milli Tak\u0131m\u0131 d\u00f6neminde bir\u00e7ok kul\u00fcb\u00fcn dikkatini \u00e7ekerken, Fenerbah\u00e7e\u2019de de sorunlar\u0131n arkas\u0131na s\u0131\u011f\u0131nmadan sadece sahay\u0131 d\u00fc\u015f\u00fcnd\u00fc b\u00f6ylece hem oyuncular\u0131n hem taraftarlar\u0131n g\u00fcvenini kazand\u0131.<\/p>\n\n<p><\/p>\n<p>Kaynak :\u00a0<span style=\"background-color: rgb(255, 249, 236); color: rgb(55, 58, 60); font-size: 14px;\">http:\/\/www.milliyet.com.tr\/skorer\/domenico-tedesconun-basari-sirri-ortaya-cikti-kalbi-italyan-akli-alman-7483923<\/span><\/p>\n","protected":false},"excerpt":{"rendered":"<p>Fenerbah\u00e7e ile ba\u015far\u0131l\u0131 bir seri yakalayan Domenico Tedesco\u2019nun s\u0131rr\u0131 ortaya \u00e7\u0131kt\u0131. \u0130talyan hocan\u0131n Almanya&#8217;da e\u011fitim almas\u0131n\u0131n d\u00fc\u015f\u00fcnce yap\u0131s\u0131nda olduk\u00e7a etki eden bir fakt\u00f6r oldu\u011fu \u00f6\u011frenildi.<\/p>\n","protected":false},"author":1,"featured_media":139158,"comment_status":"open","ping_status":"open","sticky":false,"template":"","format":"standard","meta":{"footnotes":""},"categories":[7],"tags":[990,8730],"class_list":["post-139157","post","type-post","status-publish","format-standard","has-post-thumbnail","hentry","category-spor","tag-alman","tag-tedesco"],"_links":{"self":[{"href":"https:\/\/kamucalisani.net\/index.php\/wp-json\/wp\/v2\/posts\/139157","targetHints":{"allow":["GET"]}}],"collection":[{"href":"https:\/\/kamucalisani.net\/index.php\/wp-json\/wp\/v2\/posts"}],"about":[{"href":"https:\/\/kamucalisani.net\/index.php\/wp-json\/wp\/v2\/types\/post"}],"author":[{"embeddable":true,"href":"https:\/\/kamucalisani.net\/index.php\/wp-json\/wp\/v2\/users\/1"}],"replies":[{"embeddable":true,"href":"https:\/\/kamucalisani.net\/index.php\/wp-json\/wp\/v2\/comments?post=139157"}],"version-history":[{"count":1,"href":"https:\/\/kamucalisani.net\/index.php\/wp-json\/wp\/v2\/posts\/139157\/revisions"}],"predecessor-version":[{"id":139159,"href":"https:\/\/kamucalisani.net\/index.php\/wp-json\/wp\/v2\/posts\/139157\/revisions\/139159"}],"wp:featuredmedia":[{"embeddable":true,"href":"https:\/\/kamucalisani.net\/index.php\/wp-json\/wp\/v2\/media\/139158"}],"wp:attachment":[{"href":"https:\/\/kamucalisani.net\/index.php\/wp-json\/wp\/v2\/media?parent=139157"}],"wp:term":[{"taxonomy":"category","embeddable":true,"href":"https:\/\/kamucalisani.net\/index.php\/wp-json\/wp\/v2\/categories?post=139157"},{"taxonomy":"post_tag","embeddable":true,"href":"https:\/\/kamucalisani.net\/index.php\/wp-json\/wp\/v2\/tags?post=139157"}],"curies":[{"name":"wp","href":"https:\/\/api.w.org\/{rel}","templated":true}]}}