{"id":139219,"date":"2025-11-16T07:07:36","date_gmt":"2025-11-16T07:07:36","guid":{"rendered":"https:\/\/kamucalisani.net\/?p=139219"},"modified":"2025-11-16T07:07:36","modified_gmt":"2025-11-16T07:07:36","slug":"fatihte-zehirlenme-faciasinda-gozalti-sayisi-artti-uzerinde-durulan-suphe","status":"publish","type":"post","link":"https:\/\/kamucalisani.net\/index.php\/2025\/11\/16\/fatihte-zehirlenme-faciasinda-gozalti-sayisi-artti-uzerinde-durulan-suphe\/","title":{"rendered":"Fatih\u2019te zehirlenme facias\u0131nda g\u00f6zalt\u0131 say\u0131s\u0131 artt\u0131! \u00dczerinde durulan \u015f\u00fcphe"},"content":{"rendered":"<p><p>Polis ve sa\u011fl\u0131k ekiplerinin g\u00fcn boyu s\u00fcren ara\u015ft\u0131rmalar\u0131nda, otelde insan sa\u011fl\u0131\u011f\u0131na zararl\u0131 maddeler i\u00e7erebilen bir ila\u00e7 kullan\u0131ld\u0131\u011f\u0131 iddias\u0131 \u00f6ne \u00e7\u0131kt\u0131. Otel tamamen bo\u015falt\u0131l\u0131rken, 2\u2019si ila\u00e7lama \u015firketi \u00e7al\u0131\u015fan\u0131 olmak \u00fczere toplam 7 ki\u015fi g\u00f6zalt\u0131na al\u0131nd\u0131.<br \/>Al\u0131nan numuneler analiz i\u00e7in laboratuvara g\u00f6nderildi.<\/p>\n<p><strong>\u0130STANBUL\u2019DA KORKUN\u00c7 \u00d6L\u00dcM Z\u0130NC\u0130R\u0130<\/strong><\/p>\n<p>Almanya&#8217;dan 9 Kas\u0131m&#8217;da \u0130stanbul&#8217;a gelen ve Fatih&#8217;te bir otelde konaklayan Servet ve \u00c7i\u011fdem B\u00f6cek ile \u00e7ocuklar\u0131 Kadir Muhammet (6) ve Masal (3), mide bulant\u0131s\u0131 ve kusma \u015fikayetleri \u00fczerine 12 Kas\u0131m&#8217;da hastaneye kald\u0131r\u0131lm\u0131\u015f, \u00e7ocuklar t\u00fcm m\u00fcdahaleye ra\u011fmen kurtar\u0131lamam\u0131\u015ft\u0131.<\/p>\n<div>\n<div><img decoding=\"async\" src=\"https:\/\/kamucalisani.net\/wp-content\/uploads\/2025\/11\/fatihte-zehirlenme-faciasinda-gozalti-sayisi-artti-uzerinde-durulan-suphe-0-wLT7VxUL.jpg\"\/><\/img><\/div>\n<\/div>\n<p>B\u00f6cek ailesinde 2 \u00e7ocu\u011fun ard\u0131ndan \u00f6nceki g\u00fcn, anne \u00c7i\u011fdem B\u00f6cek de hayat\u0131n\u0131 kaybetti. Ard\u0131ndan B\u00f6cek ailesinin kald\u0131\u011f\u0131 otelde sabah saatlerinde 2 ki\u015fi rahats\u0131zlanarak hastaneye kald\u0131r\u0131ld\u0131. Polis ekipleri sabah erken saatlerde otele gelerek incelemelerde bulundu. Otelde ila\u00e7lama yap\u0131ld\u0131\u011f\u0131 belirlendi. Bunun \u00fczerine \u0130l Sa\u011fl\u0131k M\u00fcd\u00fcrl\u00fc\u011f\u00fc ile Fatih \u0130l\u00e7e Tar\u0131m ve Orman M\u00fcd\u00fcrl\u00fc\u011f\u00fc ekipleri de otelde denetim yapt\u0131.<\/p>\n<p><strong>OTEL\u0130N G\u0130R\u0130\u015e KATINDA \u0130LA\u00c7LAMA YAPILMI\u015e<\/strong><\/p>\n<p>Yap\u0131lan denetimlerde, otelde ila\u00e7lama s\u0131ras\u0131nda kullan\u0131lan malzemelere dair bilgi ve belgelerin topland\u0131\u011f\u0131, ila\u00e7laman\u0131n otelin giri\u015f kat\u0131nda, tek bir odada yap\u0131ld\u0131\u011f\u0131 \u00f6\u011frenildi.<\/p>\n<div>\n<div><img decoding=\"async\" src=\"https:\/\/kamucalisani.net\/wp-content\/uploads\/2025\/11\/fatihte-zehirlenme-faciasinda-gozalti-sayisi-artti-uzerinde-durulan-suphe-1-8t9rPQDG.jpg\"\/><\/img><\/div>\n<\/div>\n<p><strong>\u00dcZER\u0130NDE DURULAN \u015e\u00dcPHE <\/strong><\/p>\n<p>\u0130la\u00e7lamada kullan\u0131lan maddelerden baz\u0131lar\u0131n\u0131n insan sa\u011fl\u0131\u011f\u0131na zararl\u0131 olabilecek, tar\u0131m alanlar\u0131nda kullan\u0131lan maddeler ta\u015f\u0131d\u0131\u011f\u0131 \u015f\u00fcphesi \u00fczerinde duruluyor.<\/p>\n<p>Al\u0131nan numuneler, analiz edilecek. Ayr\u0131ca, turistlerin otelin d\u00f6rd\u00fcnc\u00fc kat\u0131nda, hayat\u0131n\u0131 kaybeden ailenin ise birinci katta kald\u0131\u011f\u0131 \u00f6\u011frenildi. Yap\u0131lan incelemelerin ard\u0131ndan 1 otel \u00e7al\u0131\u015fan\u0131 ve 2 ila\u00e7lama \u015firketi \u00e7al\u0131\u015fan\u0131 g\u00f6zalt\u0131na al\u0131nd\u0131. Olayla ilgili g\u00f6zalt\u0131na al\u0131nanlar\u0131n say\u0131s\u0131 7&#8217;e y\u00fckseldi.<\/p>\n<p><strong>POL\u0130S\u0130N \u0130NCELEMES\u0130 SONA ERD\u0130<\/strong><\/p>\n<p>Polisin oteldeki incelemeleri g\u00fcn boyunca s\u00fcrd\u00fc. Ekipler, otelde detayl\u0131 incelemeler yaparken, \u00e7al\u0131\u015fmalar ak\u015fam saatlerinde sona erdi. \u00d6te yandan oteldeki m\u00fc\u015fteriler de tahliye edilerek otel bo\u015falt\u0131ld\u0131.<\/p>\n<div>\n<div><img decoding=\"async\" src=\"https:\/\/kamucalisani.net\/wp-content\/uploads\/2025\/11\/fatihte-zehirlenme-faciasinda-gozalti-sayisi-artti-uzerinde-durulan-suphe-2-7WlZx27A.jpg\"\/><\/img><\/div>\n<\/div>\n<p><strong>ANNE \u00c7\u0130\u011eDEM B\u00d6CEK&#8217;\u0130N \u0130FADES\u0130 ORTAYA \u00c7IKTI <\/strong><\/p>\n<p>Soru\u015fturma kapsam\u0131nda, \u00f6len anne \u00c7i\u011fdem B\u00f6cek ile tedavisi devam etti\u011fi s\u0131rada g\u00f6r\u00fc\u015fme yap\u0131larak ifadesine ba\u015fvuruldu\u011fu ortaya \u00e7\u0131kt\u0131.<\/p>\n<p>\u00c7i\u011fdem B\u00f6cek ifadesinde, e\u015fi ve \u00e7ocuklar\u0131yla 9 Kas\u0131m&#8217;da turistik ama\u00e7l\u0131 \u0130stanbul&#8217;a geldiklerini ve Harbour Suit Otel&#8217;de konaklamaya ba\u015flad\u0131klar\u0131n\u0131, ak\u015fam otel yak\u0131n\u0131nda bir restoranda e\u015fiyle birlikte kebap yediklerini, \u00e7ocuklar\u0131n ise makarna yediklerini anlatt\u0131.<\/p>\n<div>\n<div><img decoding=\"async\" src=\"https:\/\/kamucalisani.net\/wp-content\/uploads\/2025\/11\/fatihte-zehirlenme-faciasinda-gozalti-sayisi-artti-uzerinde-durulan-suphe-3-YON7tzLq.jpg\"\/><\/img><\/div>\n<\/div>\n<p>10 Kas\u0131m sabah\u0131 otel yak\u0131n\u0131nda e\u015fiyle birlikte \u00e7orba i\u00e7tiklerini, \u00e7ocuklar\u0131n\u0131n ise po\u011fa\u00e7a yediklerini, ak\u015fam e\u015fiyle birlikte yine otel yak\u0131nlar\u0131nda k\u0131ymal\u0131 pide yediklerini, \u00e7ocuklar\u0131n da sucuklu-ka\u015farl\u0131 pizza yediklerini bildiren B\u00f6cek, 11 Kas\u0131m sabah\u0131 ise e\u015finin d\u0131\u015far\u0131dan po\u011fa\u00e7a ve simit al\u0131p geldi\u011fini ve otelde kahvalt\u0131 yapt\u0131klar\u0131n\u0131 s\u00f6yledi.<\/p>\n<p>Ayn\u0131 g\u00fcn 16.00 s\u0131ralar\u0131nda ailece Ortak\u00f6y Camisi&#8217;nin yan taraf\u0131nda kirli sakall\u0131 k\u0131r sa\u00e7l\u0131 ve \u015fapka takan 45-50&#8217;li ya\u015flarda bir adam\u0131n tablac\u0131 tezgah\u0131ndan birer tane midye yediklerini belirten B\u00f6cek, daha sonra Dereboyu Caddesi&#8217;nde bulunan &#8220;G**** Kokore\u00e7 Midye&#8221; isimli restoranda \u00e7orba i\u00e7tiklerini, devam\u0131nda \u00e7ocuklar\u0131n\u0131n sucuk-ekmek yediklerini, e\u015finin kokore\u00e7 yedi\u011fini, o\u011flu Kadir Muhammet&#8217;in kokore\u00e7ten sadece bir \u0131s\u0131r\u0131k ald\u0131\u011f\u0131n\u0131, kendisinin de tavuk tantuni yedi\u011fini aktard\u0131. Daha sonra Fatih&#8217;te H*** S*** Bazaar isimli d\u00fckkandan lokum ald\u0131klar\u0131n\u0131 ve hep birlikte lokum yediklerini beyan etti.<\/p>\n<p><strong>&#8220;\u00c7OCUKLARA PROB\u0130YOT\u0130KTEN BA\u015eKA TEDAV\u0130 UYGULANMADI&#8221;<\/strong><\/p>\n<p>\u00c7i\u011fdem B\u00f6cek, 12 Kas\u0131m gece 01.00 s\u0131ralar\u0131nda mide bulant\u0131s\u0131na uyand\u0131klar\u0131n\u0131 ancak sabah saat 09.00 s\u0131ralar\u0131nda Bezmialem Hastanesi&#8217;ne gittiklerini, e\u015fiyle kendisine serum tak\u0131ld\u0131\u011f\u0131n\u0131, mide koruyucu ve a\u011fr\u0131 kesici ila\u00e7 yaz\u0131ld\u0131\u011f\u0131n\u0131, \u00e7ocuklar\u0131na Bezmialem Hastanesi&#8217;nde bak\u0131lmad\u0131\u011f\u0131 i\u00e7in \u00c7apa Hastanesi&#8217;ne gittiklerini, burada \u00e7ocuklar\u0131na probiyotik yaz\u0131ld\u0131\u011f\u0131n\u0131 ve ba\u015fka bir tedavi uygulanmad\u0131\u011f\u0131n\u0131 ifade etti.<\/p>\n<p>Ayn\u0131 g\u00fcn otele d\u00f6nd\u00fcklerini ve mide rahats\u0131zl\u0131\u011f\u0131ndan dolay\u0131 hi\u00e7bir \u015fey yemediklerini dile getiren B\u00f6cek, 13 Kas\u0131m 01.00 s\u0131ralar\u0131nda tekrar rahats\u0131zland\u0131klar\u0131 i\u00e7in otele ambulans \u00e7a\u011f\u0131rd\u0131klar\u0131n\u0131 ve hastaneye kald\u0131r\u0131ld\u0131klar\u0131n\u0131 bildirdi.<\/p>\n<div>\n<div><img decoding=\"async\" src=\"https:\/\/kamucalisani.net\/wp-content\/uploads\/2025\/11\/fatihte-zehirlenme-faciasinda-gozalti-sayisi-artti-uzerinde-durulan-suphe-4-4axnyAlG.jpg\"\/><\/img><\/div>\n<\/div>\n<p><strong>OTEL SAH\u0130B\u0130 VE \u0130LA\u00c7LAMA \u015e\u0130RKET\u0130 HAKKINDA SU\u00c7 KAYITLARI ORTAYA \u00c7IKTI <\/strong><\/p>\n<p>Soru\u015fturma kapsam\u0131nda g\u00f6zalt\u0131na al\u0131nan otel sahibi H.O.\u2019nun \u201ckasten yaralama\u201d ve \u201ckar\u015f\u0131l\u0131ks\u0131z yararlanma\u201d su\u00e7lar\u0131ndan iki kayd\u0131 bulundu\u011fu belirlendi. \u0130la\u00e7lama \u015firketi sahibinin o\u011flunun ise \u201ctaksirle yaralama\u201d, \u201cdoland\u0131r\u0131c\u0131l\u0131k\u201d ve \u201chayvan\u0131 tehlike yaratacak \u015fekilde serbest b\u0131rakma\u201d su\u00e7lar\u0131ndan \u00fc\u00e7 ayr\u0131 kayd\u0131 oldu\u011fu tespit edildi. \u015eirket \u00e7al\u0131\u015fan\u0131 D.C.\u2019nin herhangi bir su\u00e7 kayd\u0131na rastlanmad\u0131.<\/p>\n<p>Polisin oteldeki incelemesi tamamland\u0131. Lobideki e\u015fyalar\u0131 kontrol eden ekipler, baz\u0131lar\u0131n\u0131 laboratuvar analizine g\u00f6nderdi. Otelde kalan m\u00fc\u015fteriler ise ba\u015fka otellere yerle\u015ftirildi.<\/p>\n<p><strong>M\u0130DYE VE KOKORE\u00c7 ESNAFININ \u0130FADELER\u0130 ALINDI <\/strong><\/p>\n<p>Midyelerin temin edildi\u011fi ki\u015fi H.S., \u00e7al\u0131\u015ft\u0131\u011f\u0131 i\u015f yerindeki garson S.Y. ve a\u015f\u00e7\u0131 E.E., midyeyi haz\u0131rlayan F.A., midye tezg\u00e2h\u0131 sahibi M.K. ile bir kafede garsonluk yapan \u00d6.T.\u2019nin \u201cbilgi sahibi\u201d s\u0131fat\u0131yla ifadeleri al\u0131nd\u0131.<\/p>\n<p><strong>ESNAF SU\u00c7LAMALARI REDDETT\u0130 <\/strong><\/p>\n<p>G\u00f6zalt\u0131ndaki seyyar sat\u0131c\u0131lar ve di\u011fer esnaflar, b\u00f6lgede uzun s\u00fcredir \u00e7al\u0131\u015ft\u0131klar\u0131n\u0131, \u00fcr\u00fcnlerinin taze oldu\u011funu ve iddialar\u0131 kabul etmediklerini ifade ettiler.<\/p>\n<div>\n<div><img decoding=\"async\" src=\"https:\/\/kamucalisani.net\/wp-content\/uploads\/2025\/11\/fatihte-zehirlenme-faciasinda-gozalti-sayisi-artti-uzerinde-durulan-suphe-5-8GRZLDQg.jpg\"\/><\/img><\/div>\n<\/div>\n<p><strong>AFAD \u00d6L\u00c7\u00dcMLER\u0130NDE OLUMSUZLU\u011eA RASTLANMADI <\/strong><\/p>\n<p>11 Kas\u0131m\u2019da saat 17.00 civar\u0131nda otelde ila\u00e7lama yap\u0131ld\u0131\u011f\u0131 belirlenen soru\u015fturmada, AFAD\u2019\u0131n ger\u00e7ekle\u015ftirdi\u011fi \u00f6l\u00e7\u00fcmlerde herhangi bir tehlikeli bulguya rastlanmad\u0131\u011f\u0131 a\u00e7\u0131kland\u0131.<\/p>\n\n<p><\/p>\n<p>Kaynak :\u00a0<span style=\"background-color: rgb(255, 249, 236); color: rgb(55, 58, 60); font-size: 14px;\">http:\/\/www.milliyet.com.tr\/gundem\/fatihte-zehirlenme-faciasinda-gozalti-sayisi-artti-uzerinde-durulan-suphe-7484024<\/span><\/p>\n","protected":false},"excerpt":{"rendered":"<p>Fatih\u2019te bir otelde ya\u015fanan esrarengiz \u00f6l\u00fcm zinciri ara\u015ft\u0131r\u0131l\u0131yor. Konaklama i\u00e7in geldikleri otelde rahats\u0131zlanan B\u00f6cek ailesinin iki \u00e7ocu\u011fu \u00f6nceki g\u00fcn, anne \u00c7i\u011fdem B\u00f6cek ise d\u00fcn sabah hayat\u0131n\u0131 kaybetti. Otel odalar\u0131nda yap\u0131lan incelemeler ise korkun\u00e7 bir ihtimali g\u00fcndeme ta\u015f\u0131d\u0131.<\/p>\n","protected":false},"author":1,"featured_media":139220,"comment_status":"open","ping_status":"open","sticky":false,"template":"","format":"standard","meta":{"footnotes":""},"categories":[3],"tags":[4582,7372,1202,4754,9344],"class_list":["post-139219","post","type-post","status-publish","format-standard","has-post-thumbnail","hentry","category-guncel","tag-ilac","tag-kasim","tag-otel","tag-otelde","tag-yediklerini"],"_links":{"self":[{"href":"https:\/\/kamucalisani.net\/index.php\/wp-json\/wp\/v2\/posts\/139219","targetHints":{"allow":["GET"]}}],"collection":[{"href":"https:\/\/kamucalisani.net\/index.php\/wp-json\/wp\/v2\/posts"}],"about":[{"href":"https:\/\/kamucalisani.net\/index.php\/wp-json\/wp\/v2\/types\/post"}],"author":[{"embeddable":true,"href":"https:\/\/kamucalisani.net\/index.php\/wp-json\/wp\/v2\/users\/1"}],"replies":[{"embeddable":true,"href":"https:\/\/kamucalisani.net\/index.php\/wp-json\/wp\/v2\/comments?post=139219"}],"version-history":[{"count":1,"href":"https:\/\/kamucalisani.net\/index.php\/wp-json\/wp\/v2\/posts\/139219\/revisions"}],"predecessor-version":[{"id":139227,"href":"https:\/\/kamucalisani.net\/index.php\/wp-json\/wp\/v2\/posts\/139219\/revisions\/139227"}],"wp:featuredmedia":[{"embeddable":true,"href":"https:\/\/kamucalisani.net\/index.php\/wp-json\/wp\/v2\/media\/139220"}],"wp:attachment":[{"href":"https:\/\/kamucalisani.net\/index.php\/wp-json\/wp\/v2\/media?parent=139219"}],"wp:term":[{"taxonomy":"category","embeddable":true,"href":"https:\/\/kamucalisani.net\/index.php\/wp-json\/wp\/v2\/categories?post=139219"},{"taxonomy":"post_tag","embeddable":true,"href":"https:\/\/kamucalisani.net\/index.php\/wp-json\/wp\/v2\/tags?post=139219"}],"curies":[{"name":"wp","href":"https:\/\/api.w.org\/{rel}","templated":true}]}}