{"id":140092,"date":"2025-11-18T04:48:09","date_gmt":"2025-11-18T04:48:09","guid":{"rendered":"https:\/\/kamucalisani.net\/?p=140092"},"modified":"2025-11-18T04:48:09","modified_gmt":"2025-11-18T04:48:09","slug":"fenerbahcede-orta-saha-sorunu-tedescodan-degisiklik","status":"publish","type":"post","link":"https:\/\/kamucalisani.net\/index.php\/2025\/11\/18\/fenerbahcede-orta-saha-sorunu-tedescodan-degisiklik\/","title":{"rendered":"Fenerbah\u00e7e&#8217;de orta saha sorunu! Tedesco&#8217;dan de\u011fi\u015fiklik"},"content":{"rendered":"<p><p>Fenerbah\u00e7e\u2019de t\u00fcm g\u00f6zler milli aradan sonra oynanacak \u00fc\u00e7 ma\u00e7a \u00e7evrildi. Sar\u0131-lacivertliler s\u00f6z konusu d\u00f6nemde, ligde \u00c7aykur Rizespor ve Galatasaray, UEFA Avrupa Ligi\u2019nde de Ferencvaros ile kar\u015f\u0131la\u015facak. Teknik Direkt\u00f6r Domenico Tedesco kadro kurmakta \u00e7ok zorlanaca\u011f\u0131 m\u00fccadeleyi ise Avrupa\u2019da yapacak.<\/p>\n<p>Bunun nedeni ise \u0130smail Y\u00fcksek ve Fred\u2019in cezal\u0131, Sebastian Szymanski\u2019nin ise sakat olmas\u0131. Bunun yan\u0131nda Bartu\u011f Elmaz\u2019\u0131n da UEFA\u2019ya verilen kadroda yer almamas\u0131. Bu y\u00fczden Tedesco merkez orta sahay\u0131 kurmakta \u00e7ok zorlanacak.<\/p>\n<p>\u0130talyan teknik adam\u0131n ma\u00e7ta Asensio ve Alvarez\u2019i yan yana oynat\u0131p, \u00f6nlerinde de Anderson Talisca\u2019ya \u015fans vermenin planlar\u0131n\u0131 yapt\u0131\u011f\u0131 \u00f6\u011frenildi.<\/p>\n\n<p><\/p>\n<p>Kaynak :\u00a0<span style=\"background-color: rgb(255, 249, 236); color: rgb(55, 58, 60); font-size: 14px;\">http:\/\/www.milliyet.com.tr\/skorer\/fenerbahcede-orta-saha-sorunu-tedescodan-degisiklik-7485116<\/span><\/p>\n","protected":false},"excerpt":{"rendered":"<p>Son d\u00f6nemde birtak\u0131m sakatl\u0131klarla ve cezalarla kar\u015f\u0131la\u015fan Fenerbah\u00e7e&#8217;de teknik direkt\u00f6r Domenico Tedesco bu sorunu \u00e7\u00f6zmek i\u00e7in kadroda birtak\u0131m de\u011fi\u015fiklikler yapacak.<\/p>\n","protected":false},"author":1,"featured_media":140093,"comment_status":"open","ping_status":"open","sticky":false,"template":"","format":"standard","meta":{"footnotes":""},"categories":[7],"tags":[],"class_list":["post-140092","post","type-post","status-publish","format-standard","has-post-thumbnail","hentry","category-spor"],"_links":{"self":[{"href":"https:\/\/kamucalisani.net\/index.php\/wp-json\/wp\/v2\/posts\/140092","targetHints":{"allow":["GET"]}}],"collection":[{"href":"https:\/\/kamucalisani.net\/index.php\/wp-json\/wp\/v2\/posts"}],"about":[{"href":"https:\/\/kamucalisani.net\/index.php\/wp-json\/wp\/v2\/types\/post"}],"author":[{"embeddable":true,"href":"https:\/\/kamucalisani.net\/index.php\/wp-json\/wp\/v2\/users\/1"}],"replies":[{"embeddable":true,"href":"https:\/\/kamucalisani.net\/index.php\/wp-json\/wp\/v2\/comments?post=140092"}],"version-history":[{"count":1,"href":"https:\/\/kamucalisani.net\/index.php\/wp-json\/wp\/v2\/posts\/140092\/revisions"}],"predecessor-version":[{"id":140094,"href":"https:\/\/kamucalisani.net\/index.php\/wp-json\/wp\/v2\/posts\/140092\/revisions\/140094"}],"wp:featuredmedia":[{"embeddable":true,"href":"https:\/\/kamucalisani.net\/index.php\/wp-json\/wp\/v2\/media\/140093"}],"wp:attachment":[{"href":"https:\/\/kamucalisani.net\/index.php\/wp-json\/wp\/v2\/media?parent=140092"}],"wp:term":[{"taxonomy":"category","embeddable":true,"href":"https:\/\/kamucalisani.net\/index.php\/wp-json\/wp\/v2\/categories?post=140092"},{"taxonomy":"post_tag","embeddable":true,"href":"https:\/\/kamucalisani.net\/index.php\/wp-json\/wp\/v2\/tags?post=140092"}],"curies":[{"name":"wp","href":"https:\/\/api.w.org\/{rel}","templated":true}]}}