{"id":140107,"date":"2025-11-18T05:18:07","date_gmt":"2025-11-18T05:18:07","guid":{"rendered":"https:\/\/kamucalisani.net\/?p=140107"},"modified":"2025-11-18T05:18:07","modified_gmt":"2025-11-18T05:18:07","slug":"surec-komisyonunda-dinleme-faslinin-son-toplantisi","status":"publish","type":"post","link":"https:\/\/kamucalisani.net\/index.php\/2025\/11\/18\/surec-komisyonunda-dinleme-faslinin-son-toplantisi\/","title":{"rendered":"S\u00fcre\u00e7 Komisyonu\u2019nda dinleme fasl\u0131n\u0131n son toplant\u0131s\u0131"},"content":{"rendered":"<p><p><span><strong>EVR\u0130N G\u00dcVEND\u0130K \/ Ankara &#8211;<\/strong> <\/span>Daha \u00f6nce iki kez ertelenen Komisyonun 17.toplant\u0131s\u0131nda M\u0130T Ba\u015fkan\u0131 \u0130brahim Kal\u0131n, Milli Savunma Bakan\u0131 Ya\u015far G\u00fcler ve \u0130\u00e7i\u015fleri Bakan\u0131 Ali Yerlikaya s\u00fcrece y\u00f6nelik sahadaki son durum bilgilerini anlatacak ve milletvekillerinin sorular\u0131n\u0131 yan\u0131tlayacak. TBMM Ba\u015fkan\u0131 Numan Kurtulmu\u015f ba\u015fkanl\u0131\u011f\u0131nda saat 15.00\u2019de ba\u015flayacak toplant\u0131da ilk olarak \u0130\u00e7i\u015fleri Bakan\u0131 Yerlikaya, ard\u0131ndan da Milli Savunma Bakan\u0131 G\u00fcler ve M\u0130T Ba\u015fkan\u0131 Kal\u0131n s\u00fcrece ili\u015fkin sunum yapacak. Komisyon toplant\u0131s\u0131 bas\u0131na kapal\u0131 ger\u00e7ekle\u015ftirilecek. Dinleme fasl\u0131n\u0131 17. toplant\u0131yla tamamlamay\u0131 planlayan Komisyonun, PKK eleba\u015f\u0131 Abdullah \u00d6calan\u2019\u0131 dinleyip dinlemeyece\u011fi ve \u0130mral\u0131 ziyaretinde bulunup bulunmayaca\u011f\u0131 konusu ise belirsizli\u011fini koruyor. DEM Parti\u2019nin bug\u00fcn yap\u0131lacak toplant\u0131da bu y\u00f6ndeki talep ve \u00f6nerisini g\u00fcndeme getirebilece\u011fi kaydediliyor.<\/p>\n\n<p><\/p>\n<p>Kaynak :\u00a0<span style=\"background-color: rgb(255, 249, 236); color: rgb(55, 58, 60); font-size: 14px;\">http:\/\/www.milliyet.com.tr\/gundem\/surec-komisyonunda-dinleme-faslinin-son-toplantisi-7485118<\/span><\/p>\n","protected":false},"excerpt":{"rendered":"<p>Ter\u00f6rs\u00fcz T\u00fcrkiye hedefi kapsam\u0131nda kurulan TBMM Milli Dayan\u0131\u015fma Karde\u015flik ve Demokrasi Komisyonu, A\u011fustos ay\u0131 ba\u015f\u0131ndan bu yana s\u00fcrd\u00fcrd\u00fc\u011f\u00fc dinleme fasl\u0131n\u0131 bug\u00fcn yapaca\u011f\u0131 toplant\u0131 ile sonland\u0131racak.<\/p>\n","protected":false},"author":1,"featured_media":140108,"comment_status":"open","ping_status":"open","sticky":false,"template":"","format":"standard","meta":{"footnotes":""},"categories":[3],"tags":[],"class_list":["post-140107","post","type-post","status-publish","format-standard","has-post-thumbnail","hentry","category-guncel"],"_links":{"self":[{"href":"https:\/\/kamucalisani.net\/index.php\/wp-json\/wp\/v2\/posts\/140107","targetHints":{"allow":["GET"]}}],"collection":[{"href":"https:\/\/kamucalisani.net\/index.php\/wp-json\/wp\/v2\/posts"}],"about":[{"href":"https:\/\/kamucalisani.net\/index.php\/wp-json\/wp\/v2\/types\/post"}],"author":[{"embeddable":true,"href":"https:\/\/kamucalisani.net\/index.php\/wp-json\/wp\/v2\/users\/1"}],"replies":[{"embeddable":true,"href":"https:\/\/kamucalisani.net\/index.php\/wp-json\/wp\/v2\/comments?post=140107"}],"version-history":[{"count":1,"href":"https:\/\/kamucalisani.net\/index.php\/wp-json\/wp\/v2\/posts\/140107\/revisions"}],"predecessor-version":[{"id":140109,"href":"https:\/\/kamucalisani.net\/index.php\/wp-json\/wp\/v2\/posts\/140107\/revisions\/140109"}],"wp:featuredmedia":[{"embeddable":true,"href":"https:\/\/kamucalisani.net\/index.php\/wp-json\/wp\/v2\/media\/140108"}],"wp:attachment":[{"href":"https:\/\/kamucalisani.net\/index.php\/wp-json\/wp\/v2\/media?parent=140107"}],"wp:term":[{"taxonomy":"category","embeddable":true,"href":"https:\/\/kamucalisani.net\/index.php\/wp-json\/wp\/v2\/categories?post=140107"},{"taxonomy":"post_tag","embeddable":true,"href":"https:\/\/kamucalisani.net\/index.php\/wp-json\/wp\/v2\/tags?post=140107"}],"curies":[{"name":"wp","href":"https:\/\/api.w.org\/{rel}","templated":true}]}}