{"id":140139,"date":"2025-11-18T07:30:09","date_gmt":"2025-11-18T07:30:09","guid":{"rendered":"https:\/\/kamucalisani.net\/?p=140139"},"modified":"2025-11-18T07:30:09","modified_gmt":"2025-11-18T07:30:09","slug":"feribot-seferlerine-firtina-engeli","status":"publish","type":"post","link":"https:\/\/kamucalisani.net\/index.php\/2025\/11\/18\/feribot-seferlerine-firtina-engeli\/","title":{"rendered":"Feribot seferlerine &#8216;f\u0131rt\u0131na&#8217; engeli!"},"content":{"rendered":"<p><p>\u00c7anakkale Bo\u011faz\u0131 ile Adalar hatt\u0131nda yolcu ve ara\u00e7 ta\u015f\u0131mac\u0131l\u0131\u011f\u0131 yapan GESTA\u015e firmas\u0131, Ege Denizi&#8217;nin kuzeyindeki f\u0131rt\u0131na nedeniyle bug\u00fcn yap\u0131lmas\u0131 planlanan baz\u0131 feribot seferlerinin iptal edildi\u011fini duyurdu.<\/p>\n<p>Buna g\u00f6re; Geyikli-Bozcaada hatt\u0131nda tarifede bulunan t\u00fcm planl\u0131 seferler iptal edilirken; Geyikli&#8217;den saat 18.00 seferi, Bozcaada&#8217;dan saat 17.00 seferleri ek olarak ger\u00e7ekle\u015ftirilecek. Kabatepe-G\u00f6k\u00e7eada hatt\u0131nda yap\u0131lmas\u0131 planlanan t\u00fcm feribot seferleri ise iptal edildi.<\/p>\n<p>\u00a0<\/p>\n\n<p><\/p>\n<p>Kaynak :\u00a0<span style=\"background-color: rgb(255, 249, 236); color: rgb(55, 58, 60); font-size: 14px;\">http:\/\/www.milliyet.com.tr\/gundem\/feribot-seferlerine-firtina-engeli-7485199<\/span><\/p>\n","protected":false},"excerpt":{"rendered":"<p>\u00c7anakkale\u2019nin Bozcaada ve G\u00f6k\u00e7eada il\u00e7elerine bug\u00fcn yap\u0131lmas\u0131 planlanan baz\u0131 feribot seferleri, f\u0131rt\u0131na nedeniyle iptal edildi.<\/p>\n","protected":false},"author":1,"featured_media":140140,"comment_status":"open","ping_status":"open","sticky":false,"template":"","format":"standard","meta":{"footnotes":""},"categories":[3],"tags":[],"class_list":["post-140139","post","type-post","status-publish","format-standard","has-post-thumbnail","hentry","category-guncel"],"_links":{"self":[{"href":"https:\/\/kamucalisani.net\/index.php\/wp-json\/wp\/v2\/posts\/140139","targetHints":{"allow":["GET"]}}],"collection":[{"href":"https:\/\/kamucalisani.net\/index.php\/wp-json\/wp\/v2\/posts"}],"about":[{"href":"https:\/\/kamucalisani.net\/index.php\/wp-json\/wp\/v2\/types\/post"}],"author":[{"embeddable":true,"href":"https:\/\/kamucalisani.net\/index.php\/wp-json\/wp\/v2\/users\/1"}],"replies":[{"embeddable":true,"href":"https:\/\/kamucalisani.net\/index.php\/wp-json\/wp\/v2\/comments?post=140139"}],"version-history":[{"count":1,"href":"https:\/\/kamucalisani.net\/index.php\/wp-json\/wp\/v2\/posts\/140139\/revisions"}],"predecessor-version":[{"id":140141,"href":"https:\/\/kamucalisani.net\/index.php\/wp-json\/wp\/v2\/posts\/140139\/revisions\/140141"}],"wp:featuredmedia":[{"embeddable":true,"href":"https:\/\/kamucalisani.net\/index.php\/wp-json\/wp\/v2\/media\/140140"}],"wp:attachment":[{"href":"https:\/\/kamucalisani.net\/index.php\/wp-json\/wp\/v2\/media?parent=140139"}],"wp:term":[{"taxonomy":"category","embeddable":true,"href":"https:\/\/kamucalisani.net\/index.php\/wp-json\/wp\/v2\/categories?post=140139"},{"taxonomy":"post_tag","embeddable":true,"href":"https:\/\/kamucalisani.net\/index.php\/wp-json\/wp\/v2\/tags?post=140139"}],"curies":[{"name":"wp","href":"https:\/\/api.w.org\/{rel}","templated":true}]}}