{"id":140147,"date":"2025-11-18T07:42:10","date_gmt":"2025-11-18T07:42:10","guid":{"rendered":"https:\/\/kamucalisani.net\/?p=140147"},"modified":"2025-11-18T07:42:10","modified_gmt":"2025-11-18T07:42:10","slug":"kar-kalinligi-1-metreyi-asti-yogun-kar-yollari-kapatti-sicaklik-eksi-5-derece","status":"publish","type":"post","link":"https:\/\/kamucalisani.net\/index.php\/2025\/11\/18\/kar-kalinligi-1-metreyi-asti-yogun-kar-yollari-kapatti-sicaklik-eksi-5-derece\/","title":{"rendered":"Kar kal\u0131nl\u0131\u011f\u0131 1 metreyi a\u015ft\u0131! Yo\u011fun kar yollar\u0131 kapatt\u0131, s\u0131cakl\u0131k eksi 5 derece"},"content":{"rendered":"<p><p>\u015e\u0131rnak&#8217;\u0131n Beyt\u00fc\u015f\u015febap il\u00e7esinde ekiplerin kar mesaisi bu y\u0131l erken ba\u015flad\u0131. Kar kal\u0131nl\u0131\u011f\u0131n\u0131n yer yer 1metreyi ge\u00e7ti\u011fi Lisetayr\u0131 ve Tuzluca k\u00f6ylerinde ekipler yol a\u00e7ma \u00e7al\u0131\u015fmalar\u0131n\u0131 aral\u0131ks\u0131z s\u00fcrd\u00fcr\u00fcyor. \u0130l\u00e7e \u00d6zel \u0130dare ve belediye ekipleri karla m\u00fccadele \u00e7al\u0131\u015fmalar\u0131na 4 g\u00fcnd\u00fcr aral\u0131ks\u0131z devam ediyor. \u0130l\u00e7e Kaymakam\u0131 Mehmet Furkan Ta\u015fk\u0131ran&#8217;\u0131n talimat\u0131yla kentte kapal\u0131 k\u00f6y yolu kalmamas\u0131 i\u00e7in a\u011f\u0131r i\u015f makineleriyle yol a\u00e7an ekipler, kar ve tipi nedeniyle kapanan k\u00f6y yollar\u0131n\u0131 bir bir a\u00e7maya \u00e7al\u0131\u015f\u0131yor.<\/p>\n<p>Saha \u015fefi Cihat Akda\u011f ekiplerin koordineli \u00e7al\u0131\u015ft\u0131\u011f\u0131n\u0131 k\u0131sa s\u00fcrede t\u00fcm yollar\u0131n a\u00e7\u0131ld\u0131\u011f\u0131n\u0131 s\u00f6yledi. Akda\u011f, &#8221;\u0130l\u00e7emizde bu y\u0131l erken kar ya\u011f\u0131\u015f\u0131 meydana geldi. Bu y\u0131l ekiplerimiz haz\u0131r bekliyor. \u00c7ok \u015f\u00fck\u00fcr kaymakam\u0131m\u0131z s\u00fcrekli yan\u0131m\u0131zda ve m\u00fcd\u00fcrlerimizle beraber yollar\u0131m\u0131z\u0131 a\u00e7\u0131yoruz. Kar kal\u0131nl\u0131\u011f\u0131 baz\u0131 b\u00f6lgelerde 1 metreyi bile ge\u00e7iyor&#8221; dedi.<\/p>\n<p><strong>ERZ\u0130NCAN\u2019DA SO\u011eUK HAVA ETK\u0130L\u0130 OLDU: ARA\u00c7 CAMLARI BUZ TUTTU<\/strong><\/p>\n<p>Erzincan\u2019da y\u00fcksek kesimlerde etkili olan kar ya\u011f\u0131\u015f\u0131n\u0131n ard\u0131ndan gece saatlerinde hava s\u0131cakl\u0131\u011f\u0131 h\u0131zla d\u00fc\u015ft\u00fc. Sakaltutan Ge\u00e7idi\u2019nde s\u0131cakl\u0131k eksi 5 dereceye kadar inerken, kent merkezinde so\u011fuk hava nedeniyle bir\u00e7ok arac\u0131n cam\u0131 buz tuttu.<\/p>\n<p>Sabah erken saatlerde i\u015flerine gitmek i\u00e7in d\u0131\u015far\u0131 \u00e7\u0131kan vatanda\u015flar, ara\u00e7 camlar\u0131ndaki buzlar\u0131 temizlemek i\u00e7in uzun s\u00fcre u\u011fra\u015ft\u0131. Baz\u0131 vatanda\u015flar yakla\u015f\u0131k 5 dakika boyunca ara\u00e7lar\u0131n\u0131n \u0131s\u0131nmas\u0131n\u0131 ve camlar\u0131n \u00e7\u00f6z\u00fclmesini beklemek zorunda kald\u0131.<\/p>\n<div>\n<div><img decoding=\"async\" src=\"https:\/\/kamucalisani.net\/wp-content\/uploads\/2025\/11\/kar-kalinligi-1-metreyi-asti-yogun-kar-yollari-kapatti-sicaklik-eksi-5-derece-0-JawASOPq.jpg\"\/><\/img><\/div>\n<\/div>\n<p>So\u011fuk hava, b\u00f6lgedeki dereleri de etkiledi; baz\u0131 dere kenarlar\u0131nda k\u0131smi buzlanmalar olu\u015ftu.<\/p>\n<p>Meteoroloji 12. B\u00f6lge M\u00fcd\u00fcrl\u00fc\u011f\u00fc\u2019n\u00fcn de\u011ferlendirmelerine g\u00f6re, b\u00f6lgede hava az bulutlu ve a\u00e7\u0131k olacak. Gece ve sabah saatlerinde yer yer pus g\u00f6r\u00fclece\u011fi tahmin ediliyor.<\/p>\n\n<p><\/p>\n<p>Kaynak :\u00a0<span style=\"background-color: rgb(255, 249, 236); color: rgb(55, 58, 60); font-size: 14px;\">http:\/\/www.milliyet.com.tr\/gundem\/kar-kalinligi-1-metreyi-asti-yogun-kar-yollari-kapatti-sicaklik-eksi-5-derece-7485205<\/span><\/p>\n","protected":false},"excerpt":{"rendered":"<p>Meteoroloji bir\u00e7ok kenti uyarm\u0131\u015ft\u0131. \u015e\u0131rnak&#8217;ta son g\u00fcnlerde etkili olan ya\u011f\u0131\u015flar nedeni ile kar kal\u0131nl\u0131\u011f\u0131 1 metreyi a\u015ft\u0131. Ekipler, kapanan k\u00f6y yollar\u0131n\u0131 a\u00e7mak i\u00e7in \u00e7al\u0131\u015fmalar\u0131na devam ediyor. Erzincan\u2019da ise y\u00fcksek kesimlerde etkili olan kar ya\u011f\u0131\u015f\u0131n\u0131n ard\u0131ndan gece saatlerinde hava s\u0131cakl\u0131\u011f\u0131 h\u0131zla d\u00fc\u015ft\u00fc. Kent merkezinde so\u011fuk hava nedeniyle bir\u00e7ok arac\u0131n cam\u0131 buz tuttu.<\/p>\n","protected":false},"author":1,"featured_media":140148,"comment_status":"open","ping_status":"open","sticky":false,"template":"","format":"standard","meta":{"footnotes":""},"categories":[3],"tags":[322,421,714,1587],"class_list":["post-140147","post","type-post","status-publish","format-standard","has-post-thumbnail","hentry","category-guncel","tag-ekipler","tag-hava","tag-kar","tag-yol"],"_links":{"self":[{"href":"https:\/\/kamucalisani.net\/index.php\/wp-json\/wp\/v2\/posts\/140147","targetHints":{"allow":["GET"]}}],"collection":[{"href":"https:\/\/kamucalisani.net\/index.php\/wp-json\/wp\/v2\/posts"}],"about":[{"href":"https:\/\/kamucalisani.net\/index.php\/wp-json\/wp\/v2\/types\/post"}],"author":[{"embeddable":true,"href":"https:\/\/kamucalisani.net\/index.php\/wp-json\/wp\/v2\/users\/1"}],"replies":[{"embeddable":true,"href":"https:\/\/kamucalisani.net\/index.php\/wp-json\/wp\/v2\/comments?post=140147"}],"version-history":[{"count":1,"href":"https:\/\/kamucalisani.net\/index.php\/wp-json\/wp\/v2\/posts\/140147\/revisions"}],"predecessor-version":[{"id":140150,"href":"https:\/\/kamucalisani.net\/index.php\/wp-json\/wp\/v2\/posts\/140147\/revisions\/140150"}],"wp:featuredmedia":[{"embeddable":true,"href":"https:\/\/kamucalisani.net\/index.php\/wp-json\/wp\/v2\/media\/140148"}],"wp:attachment":[{"href":"https:\/\/kamucalisani.net\/index.php\/wp-json\/wp\/v2\/media?parent=140147"}],"wp:term":[{"taxonomy":"category","embeddable":true,"href":"https:\/\/kamucalisani.net\/index.php\/wp-json\/wp\/v2\/categories?post=140147"},{"taxonomy":"post_tag","embeddable":true,"href":"https:\/\/kamucalisani.net\/index.php\/wp-json\/wp\/v2\/tags?post=140147"}],"curies":[{"name":"wp","href":"https:\/\/api.w.org\/{rel}","templated":true}]}}