{"id":140373,"date":"2025-11-18T18:18:55","date_gmt":"2025-11-18T18:18:55","guid":{"rendered":"https:\/\/kamucalisani.net\/?p=140373"},"modified":"2025-11-18T18:18:55","modified_gmt":"2025-11-18T18:18:55","slug":"cesc-fabregastan-eski-galatasarayli-alvaro-morata-yorumu-dogru-bir-karardi","status":"publish","type":"post","link":"https:\/\/kamucalisani.net\/index.php\/2025\/11\/18\/cesc-fabregastan-eski-galatasarayli-alvaro-morata-yorumu-dogru-bir-karardi\/","title":{"rendered":"Cesc Fabregas&#8217;tan eski Galatasarayl\u0131 Alvaro Morata yorumu: Do\u011fru bir karard\u0131"},"content":{"rendered":"<p><p>Como Teknik Direkt\u00f6r\u00fc Cesc Fabregas, sezon ba\u015f\u0131nda Galatasaray&#8217;dan ayr\u0131ld\u0131ktan sonra tak\u0131ma katt\u0131klar\u0131 Alvaro Morata&#8217;n\u0131n etkisiz performans\u0131 hakk\u0131nda a\u00e7\u0131klamalarda bulundu.<\/p>\n<p>Fabregas, \u0130talyan ekibinde hen\u00fcz gol atamayan Morata&#8217;n\u0131n deste\u011fe ihtiyac\u0131 oldu\u011funu s\u00f6yledi.<\/p>\n<p><strong>&#8216;\u00c7OK YETENEKL\u0130 B\u0130R OYUNCU&#8217;<\/strong><\/p>\n<p>\u0130spanyol teknik adam, &#8220;Gol atam\u0131yor. Deste\u011fe ihtiyac\u0131 var. Biraz \u00fcz\u00fcc\u00fc bir d\u00f6nem ama \u00e7ok yetenekli bir oyuncu ve tekrar toparlayaca\u011f\u0131ndan eminim. Cagliari ma\u00e7\u0131nda hi\u00e7 de k\u00f6t\u00fc oynamad\u0131. Oyundan \u00e7\u0131karken alk\u0131\u015flanmas\u0131 da do\u011fru bir davran\u0131\u015ft\u0131.&#8221; dedi.<\/p>\n<p>Como formas\u0131 alt\u0131nda bu sezon 13 ma\u00e7ta gol atamayan Morata, sadece 1 asistle skora katk\u0131 sa\u011flad\u0131.<\/p>\n<p>Serie A&#8217;n\u0131n 11. haftas\u0131nda Como&#8217;nun Cagliari&#8217;yi konuk etti\u011fi ma\u00e7\u0131n 61. dakikas\u0131nda Alvaro Morata, bir pozisyonda topsuz alanda rakibi Mina&#8217;ya sert bir m\u00fcdahalede bulunmu\u015ftu.<\/p>\n<p><strong>&#8216;AL BEN\u0130 OYUNDAN&#8217;<\/strong><\/p>\n<p>Pozisyon sonras\u0131 sar\u0131 kart g\u00f6ren Morata, sinirlerine hakim olamayaca\u011f\u0131n\u0131 d\u00fc\u015f\u00fcn\u00fcnce teknik direkt\u00f6r Cesc Fabregas&#8217;tan kendisini oyundan almas\u0131n\u0131 istemi\u015fti.<\/p>\n<p>Morata&#8217;n\u0131n bu iste\u011fi \u00fczerine Cesc Fabregas, 63. dakikada Alvaro Morata&#8217;y\u0131 oyundan alarak Douvikas&#8217;\u0131 sahaya s\u00fcrm\u00fc\u015ft\u00fc.<\/p>\n\n<p><\/p>\n<p>Kaynak :\u00a0<span style=\"background-color: rgb(255, 249, 236); color: rgb(55, 58, 60); font-size: 14px;\">http:\/\/www.milliyet.com.tr\/skorer\/cesc-fabregastan-eski-galatasarayli-alvaro-morata-yorumu-dogru-bir-karardi-7485706<\/span><\/p>\n","protected":false},"excerpt":{"rendered":"<p>Sezon ba\u015f\u0131nda Galatasaray&#8217;dan Seri A ekibi Como&#8217;ya transfer olan Alvaro Morata ele\u015ftirilerin oda\u011f\u0131 olmu\u015ftu. \u0130talyan ekibinin hocas\u0131, \u0130spanyol golc\u00fc hakk\u0131nda \u00f6nemli a\u00e7\u0131klamalarda bulundu.<\/p>\n","protected":false},"author":1,"featured_media":140374,"comment_status":"open","ping_status":"open","sticky":false,"template":"","format":"standard","meta":{"footnotes":""},"categories":[7],"tags":[],"class_list":["post-140373","post","type-post","status-publish","format-standard","has-post-thumbnail","hentry","category-spor"],"_links":{"self":[{"href":"https:\/\/kamucalisani.net\/index.php\/wp-json\/wp\/v2\/posts\/140373","targetHints":{"allow":["GET"]}}],"collection":[{"href":"https:\/\/kamucalisani.net\/index.php\/wp-json\/wp\/v2\/posts"}],"about":[{"href":"https:\/\/kamucalisani.net\/index.php\/wp-json\/wp\/v2\/types\/post"}],"author":[{"embeddable":true,"href":"https:\/\/kamucalisani.net\/index.php\/wp-json\/wp\/v2\/users\/1"}],"replies":[{"embeddable":true,"href":"https:\/\/kamucalisani.net\/index.php\/wp-json\/wp\/v2\/comments?post=140373"}],"version-history":[{"count":1,"href":"https:\/\/kamucalisani.net\/index.php\/wp-json\/wp\/v2\/posts\/140373\/revisions"}],"predecessor-version":[{"id":140375,"href":"https:\/\/kamucalisani.net\/index.php\/wp-json\/wp\/v2\/posts\/140373\/revisions\/140375"}],"wp:featuredmedia":[{"embeddable":true,"href":"https:\/\/kamucalisani.net\/index.php\/wp-json\/wp\/v2\/media\/140374"}],"wp:attachment":[{"href":"https:\/\/kamucalisani.net\/index.php\/wp-json\/wp\/v2\/media?parent=140373"}],"wp:term":[{"taxonomy":"category","embeddable":true,"href":"https:\/\/kamucalisani.net\/index.php\/wp-json\/wp\/v2\/categories?post=140373"},{"taxonomy":"post_tag","embeddable":true,"href":"https:\/\/kamucalisani.net\/index.php\/wp-json\/wp\/v2\/tags?post=140373"}],"curies":[{"name":"wp","href":"https:\/\/api.w.org\/{rel}","templated":true}]}}