{"id":140383,"date":"2025-11-18T18:42:51","date_gmt":"2025-11-18T18:42:51","guid":{"rendered":"https:\/\/kamucalisani.net\/?p=140383"},"modified":"2025-11-18T18:42:51","modified_gmt":"2025-11-18T18:42:51","slug":"osimhen-istanbula-geldi-yildiz-futbolcudan-sakatlik-aciklamasi","status":"publish","type":"post","link":"https:\/\/kamucalisani.net\/index.php\/2025\/11\/18\/osimhen-istanbula-geldi-yildiz-futbolcudan-sakatlik-aciklamasi\/","title":{"rendered":"Osimhen, \u0130stanbul&#8217;a geldi! Y\u0131ld\u0131z futbolcudan sakatl\u0131k a\u00e7\u0131klamas\u0131"},"content":{"rendered":"<p><p>Galatasaray Kul\u00fcb\u00fc; be\u015f futbolcuyla ilgili a\u00e7\u0131klama yapt\u0131.<\/p>\n<p>\u0130lkay G\u00fcndo\u011fan antrenman\u0131n tamam\u0131nda tak\u0131mla \u00e7al\u0131\u015ft\u0131.<\/p>\n<p>Kas\u0131k f\u0131t\u0131\u011f\u0131 ameliyat\u0131 olan Yunus Akg\u00fcn salon \u00e7al\u0131\u015fmalar\u0131n\u0131n ard\u0131ndan bug\u00fcn d\u00fcz ko\u015fulara ba\u015flad\u0131.<\/p>\n<p>Sol alt arka adalesinde orta derecede (grade 2) strain belirlenen Berkan Kutlu\u2019nun tedavisine devam edildi.<\/p>\n<p>Milli tak\u0131mlar\u0131ndan bug\u00fcn d\u00f6necek olan Kaan Ayhan ve Victor Osimhen\u2019in durumlar\u0131 yap\u0131lacak MR tetkikleri sonras\u0131nda belli olacak.<\/p>\n<div>\n<div><img decoding=\"async\" src=\"https:\/\/kamucalisani.net\/wp-content\/uploads\/2025\/11\/osimhen-istanbula-geldi-yildiz-futbolcudan-sakatlik-aciklamasi-0-1ZEctuFD.jpg\"\/><\/img><\/div>\n<\/div>\n<p><strong>OS\u0130MHEN \u0130STANBUL&#8217;A GELD\u0130<\/strong><\/p>\n<p>Galatasaray formas\u0131 giyen Victor Osimhen, milli tak\u0131m\u0131n ard\u0131ndan \u0130stanbul&#8217;a geldi.<\/p>\n<p>Osimhen, Nijerya Milli Tak\u0131m\u0131&#8217;nda sakatl\u0131k ya\u015fam\u0131\u015ft\u0131. Nijeryal\u0131 y\u0131ld\u0131z\u0131n durumu, MR&#8217;\u0131n ard\u0131ndan belli olacak.<\/p>\n<p>Y\u0131ld\u0131z oyuncu sakatl\u0131\u011f\u0131 ile ilgili soruya da cevap verdi. Osimhen, durumunun iyi oldu\u011funu belirtti.<\/p>\n<p><strong>\u0130\u015eTE O A\u00c7IKLAMA<\/strong><\/p>\n<p>Tedavisi tamamlanan \u0130lkay G\u00fcndo\u011fan antrenman\u0131n tamam\u0131nda tak\u0131mla \u00e7al\u0131\u015ft\u0131.\u00a0<\/p>\n<p>Kas\u0131k f\u0131t\u0131\u011f\u0131 ameliyat\u0131 olan Yunus Akg\u00fcn salon \u00e7al\u0131\u015fmalar\u0131n\u0131n ard\u0131ndan bug\u00fcn d\u00fcz ko\u015fulara ba\u015flad\u0131.\u00a0<\/p>\n<p>Sol alt arka adalesinde orta derecede (grade 2) strain belirlenen Berkan Kutlu\u2019nun tedavisine devam edildi.\u00a0<\/p>\n<p>Milli tak\u0131mlar\u0131ndan bug\u00fcn d\u00f6necek olan Kaan Ayhan ve Victor Osimhen\u2019in durumlar\u0131 yap\u0131lacak MR tetkikleri sonras\u0131nda belli olacakt\u0131r.<strong><br \/><\/strong><\/p>\n<p>\u00a0<\/p>\n<p><strong>\u0130LKAY G\u00dcNDO\u011eAN<\/strong><\/p>\n<p>Sakatl\u0131\u011f\u0131n\u0131n ard\u0131ndan Galatasaray&#8217;da en \u00e7ok aranan isimlerden olan \u0130lkay&#8217;dan iyi haber geldi. 35 ya\u015f\u0131ndaki y\u0131ld\u0131z futbolcunun Gen\u00e7lerbirli\u011fi ma\u00e7\u0131nda kadroda olmas\u0131, \u015eampiyonlar Ligi\u2019ndeki Union Saint Gilloise ma\u00e7\u0131nda ise kesin olarak oynamas\u0131 bekleniyor.<\/p>\n<p><strong>KAAN AYHAN<\/strong><\/p>\n<p>Milli futbolcu Bulgaristan ma\u00e7\u0131n\u0131n 81. dakikas\u0131nda sakatlanarak oyundan \u00e7\u0131kt\u0131. Sol kas\u0131\u011f\u0131nda problem olan oyuncu \u0130spanya ma\u00e7\u0131nda oynamayacak. Tecr\u00fcbeli futbolcunun Bulgaristan ile oynanan kar\u015f\u0131la\u015fmada sol kas\u0131\u011f\u0131ndan ya\u015fad\u0131\u011f\u0131 sakatl\u0131k nedeniyle Milli Tak\u0131m aday kadrosundan \u00e7\u0131kar\u0131ld\u0131\u011f\u0131 a\u00e7\u0131klanm\u0131\u015ft\u0131.<\/p>\n<p><strong>BERKAN KUTLU<\/strong><\/p>\n<p>15 Kas\u0131m Cumartesi yap\u0131lan antrenmanda sakatl\u0131k ge\u00e7iren Berkan Kutlu&#8217;nun durumu \u00f6n\u00fcm\u00fczdeki g\u00fcnlerde iyice netle\u015fecek.<\/p>\n\n<p><\/p>\n<p>Kaynak :\u00a0<span style=\"background-color: rgb(255, 249, 236); color: rgb(55, 58, 60); font-size: 14px;\">http:\/\/www.milliyet.com.tr\/skorer\/osimhen-istanbula-geldi-yildiz-futbolcudan-sakatlik-aciklamasi-7485667<\/span><\/p>\n","protected":false},"excerpt":{"rendered":"<p>Galatasaray Kul\u00fcb\u00fc; be\u015f futbolcunun sakatl\u0131\u011f\u0131yla ilgili a\u00e7\u0131klama yapt\u0131. Sar\u0131-k\u0131rm\u0131z\u0131l\u0131 ekipte sakatl\u0131k durumu en \u00e7ok merak edilen Osimhen&#8217;in durumunun ise \u00e7ekilecek MR sonras\u0131 belli olaca\u011f\u0131 duyuruldu. Y\u0131ld\u0131z oyuncu da \u0130stanbul&#8217;a geldi.<\/p>\n","protected":false},"author":1,"featured_media":140384,"comment_status":"open","ping_status":"open","sticky":false,"template":"","format":"standard","meta":{"footnotes":""},"categories":[7],"tags":[1622,8673],"class_list":["post-140383","post","type-post","status-publish","format-standard","has-post-thumbnail","hentry","category-spor","tag-milli-takim","tag-osimhen"],"_links":{"self":[{"href":"https:\/\/kamucalisani.net\/index.php\/wp-json\/wp\/v2\/posts\/140383","targetHints":{"allow":["GET"]}}],"collection":[{"href":"https:\/\/kamucalisani.net\/index.php\/wp-json\/wp\/v2\/posts"}],"about":[{"href":"https:\/\/kamucalisani.net\/index.php\/wp-json\/wp\/v2\/types\/post"}],"author":[{"embeddable":true,"href":"https:\/\/kamucalisani.net\/index.php\/wp-json\/wp\/v2\/users\/1"}],"replies":[{"embeddable":true,"href":"https:\/\/kamucalisani.net\/index.php\/wp-json\/wp\/v2\/comments?post=140383"}],"version-history":[{"count":1,"href":"https:\/\/kamucalisani.net\/index.php\/wp-json\/wp\/v2\/posts\/140383\/revisions"}],"predecessor-version":[{"id":140386,"href":"https:\/\/kamucalisani.net\/index.php\/wp-json\/wp\/v2\/posts\/140383\/revisions\/140386"}],"wp:featuredmedia":[{"embeddable":true,"href":"https:\/\/kamucalisani.net\/index.php\/wp-json\/wp\/v2\/media\/140384"}],"wp:attachment":[{"href":"https:\/\/kamucalisani.net\/index.php\/wp-json\/wp\/v2\/media?parent=140383"}],"wp:term":[{"taxonomy":"category","embeddable":true,"href":"https:\/\/kamucalisani.net\/index.php\/wp-json\/wp\/v2\/categories?post=140383"},{"taxonomy":"post_tag","embeddable":true,"href":"https:\/\/kamucalisani.net\/index.php\/wp-json\/wp\/v2\/tags?post=140383"}],"curies":[{"name":"wp","href":"https:\/\/api.w.org\/{rel}","templated":true}]}}