{"id":140743,"date":"2025-11-19T12:54:09","date_gmt":"2025-11-19T12:54:09","guid":{"rendered":"https:\/\/kamucalisani.net\/?p=140743"},"modified":"2025-11-19T12:54:09","modified_gmt":"2025-11-19T12:54:09","slug":"ukrayna-devlet-baskani-zelenskiy-ankarada-anitkabiri-ziyaret-etti","status":"publish","type":"post","link":"https:\/\/kamucalisani.net\/index.php\/2025\/11\/19\/ukrayna-devlet-baskani-zelenskiy-ankarada-anitkabiri-ziyaret-etti\/","title":{"rendered":"Ukrayna Devlet Ba\u015fkan\u0131 Zelenskiy Ankara&#8217;da! An\u0131tkabir&#8217;i ziyaret etti"},"content":{"rendered":"<p><p>Zelenskiy, beraberindekilerle Misak-\u0131 Milli Kulesi&#8217;nin \u00f6n\u00fcnden y\u00fcr\u00fcyerek B\u00fcy\u00fck \u00d6nder Gazi Mustafa Kemal Atat\u00fcrk&#8217;\u00fcn mozolesine geldi.<\/p>\n<p>Volodimir Zelenskiy, Atat\u00fcrk&#8217;\u00fcn mozolesine \u00e7elenk b\u0131rakt\u0131 ve sayg\u0131 duru\u015funda bulundu.<\/p>\n<div>\n<div><img decoding=\"async\" src=\"https:\/\/kamucalisani.net\/wp-content\/uploads\/2025\/11\/ukrayna-devlet-baskani-zelenskiy-ankarada-anitkabiri-ziyaret-etti-0-4UU4T5pK.jpg\"\/><\/img><\/div>\n<\/div>\n<p>Rusya-Ukrayna Sava\u015f\u0131&#8217;na ili\u015fkin g\u00fcncel geli\u015fmeler ba\u015fta olmak \u00fczere \u00e7e\u015fitli konularda temaslarda bulunmak \u00fczere Ankara&#8217;ya gelen Zelenskiy, bu kapsamda Cumhurba\u015fkan\u0131 Recep Tayyip Erdo\u011fan ile ikili g\u00f6r\u00fc\u015fme yapacak.<\/p>\n<div>\n<div><img decoding=\"async\" src=\"https:\/\/kamucalisani.net\/wp-content\/uploads\/2025\/11\/ukrayna-devlet-baskani-zelenskiy-ankarada-anitkabiri-ziyaret-etti-1-vrxRnfll.jpg\"\/><\/img><\/div>\n<\/div>\n<p>Liderler, \u00e7al\u0131\u015fma yeme\u011fi sonras\u0131 ortak bas\u0131n toplant\u0131s\u0131 d\u00fczenleyecek.<\/p>\n<div>\n<div><img decoding=\"async\" src=\"https:\/\/kamucalisani.net\/wp-content\/uploads\/2025\/11\/ukrayna-devlet-baskani-zelenskiy-ankarada-anitkabiri-ziyaret-etti-2-TeVvjbqg.jpg\"\/><\/img><\/div>\n<\/div>\n<p><\/p>\n<p>Kaynak :\u00a0<span style=\"background-color: rgb(255, 249, 236); color: rgb(55, 58, 60); font-size: 14px;\">http:\/\/www.milliyet.com.tr\/gundem\/ukrayna-devlet-baskani-zelenskiy-ankarada-anitkabiri-ziyaret-etti-7486201<\/span><\/p>\n","protected":false},"excerpt":{"rendered":"<p>Ukrayna Devlet Ba\u015fkan\u0131 Volodimir Zelenskiy, Ankara&#8217;daki temaslar\u0131 kapsam\u0131nda An\u0131tkabir&#8217;i ziyaret etti.<\/p>\n","protected":false},"author":1,"featured_media":140744,"comment_status":"open","ping_status":"open","sticky":false,"template":"","format":"standard","meta":{"footnotes":""},"categories":[3],"tags":[],"class_list":["post-140743","post","type-post","status-publish","format-standard","has-post-thumbnail","hentry","category-guncel"],"_links":{"self":[{"href":"https:\/\/kamucalisani.net\/index.php\/wp-json\/wp\/v2\/posts\/140743","targetHints":{"allow":["GET"]}}],"collection":[{"href":"https:\/\/kamucalisani.net\/index.php\/wp-json\/wp\/v2\/posts"}],"about":[{"href":"https:\/\/kamucalisani.net\/index.php\/wp-json\/wp\/v2\/types\/post"}],"author":[{"embeddable":true,"href":"https:\/\/kamucalisani.net\/index.php\/wp-json\/wp\/v2\/users\/1"}],"replies":[{"embeddable":true,"href":"https:\/\/kamucalisani.net\/index.php\/wp-json\/wp\/v2\/comments?post=140743"}],"version-history":[{"count":1,"href":"https:\/\/kamucalisani.net\/index.php\/wp-json\/wp\/v2\/posts\/140743\/revisions"}],"predecessor-version":[{"id":140748,"href":"https:\/\/kamucalisani.net\/index.php\/wp-json\/wp\/v2\/posts\/140743\/revisions\/140748"}],"wp:featuredmedia":[{"embeddable":true,"href":"https:\/\/kamucalisani.net\/index.php\/wp-json\/wp\/v2\/media\/140744"}],"wp:attachment":[{"href":"https:\/\/kamucalisani.net\/index.php\/wp-json\/wp\/v2\/media?parent=140743"}],"wp:term":[{"taxonomy":"category","embeddable":true,"href":"https:\/\/kamucalisani.net\/index.php\/wp-json\/wp\/v2\/categories?post=140743"},{"taxonomy":"post_tag","embeddable":true,"href":"https:\/\/kamucalisani.net\/index.php\/wp-json\/wp\/v2\/tags?post=140743"}],"curies":[{"name":"wp","href":"https:\/\/api.w.org\/{rel}","templated":true}]}}