{"id":140793,"date":"2025-11-19T15:13:01","date_gmt":"2025-11-19T15:13:01","guid":{"rendered":"https:\/\/kamucalisani.net\/?p=140793"},"modified":"2025-11-19T15:13:01","modified_gmt":"2025-11-19T15:13:01","slug":"son-dakika-erdogan-zelenskiy-gorusmesi-basladi","status":"publish","type":"post","link":"https:\/\/kamucalisani.net\/index.php\/2025\/11\/19\/son-dakika-erdogan-zelenskiy-gorusmesi-basladi\/","title":{"rendered":"Son dakika&#8230;Erdo\u011fan &#8211; Zelenskiy g\u00f6r\u00fc\u015fmesi ba\u015flad\u0131"},"content":{"rendered":"<p><p>Cumhurba\u015fkan\u0131 Erdo\u011fan, Cumhurba\u015fkanl\u0131\u011f\u0131 K\u00fclliyesi&#8217;nde Ukrayna Devlet Ba\u015fkan\u0131 Volodimir Zelenskiy&#8217;i resmi t\u00f6renle kar\u015f\u0131lad\u0131.\u00a0<\/p>\n<p><strong>UKRAYNA DEVLET BA\u015eKANI ZELENSK\u0130Y, ANKARA&#8217;DA <\/strong><\/p>\n<p>Ukrayna Devlet Ba\u015fkan\u0131 Volodimir Zelenskiy, Rusya-Ukrayna Sava\u015f\u0131&#8217;na ili\u015fkin g\u00fcncel geli\u015fmeler ba\u015fta olmak \u00fczere \u00e7e\u015fitli konularda temaslarda bulunmak \u00fczere Ankara&#8217;ya geldi.<\/p>\n<p>Zelenskiy, temaslar\u0131 \u00e7er\u00e7evesinde Cumhurba\u015fkan\u0131 Recep Tayyip Erdo\u011fan ile ikili g\u00f6r\u00fc\u015fme yap\u0131yor. Liderler, \u00e7al\u0131\u015fma yeme\u011fi sonras\u0131 ortak bas\u0131n toplant\u0131s\u0131 d\u00fczenleyecek.<\/p>\n<p>Ankara&#8217;da ger\u00e7ekle\u015ftirilen g\u00f6r\u00fc\u015fmede Ukrayna ile ikili g\u00fcndem konular\u0131n\u0131n yan\u0131 s\u0131ra Rusya-Ukrayna sava\u015f\u0131na dair g\u00fcncel geli\u015fmeler ile \u0130stanbul S\u00fcreci ba\u015fta olmak \u00fczere ate\u015fkesin tesisi ve kal\u0131c\u0131 \u00e7\u00f6z\u00fcme y\u00f6nelik \u00e7abalar\u0131n ele al\u0131nmas\u0131 \u00f6ng\u00f6r\u00fclmekte.<\/p>\n<p>\u00a0<\/p>\n\n<p><\/p>\n<p>Kaynak :\u00a0<span style=\"background-color: rgb(255, 249, 236); color: rgb(55, 58, 60); font-size: 14px;\">http:\/\/www.milliyet.com.tr\/gundem\/son-dakika-erdogan-zelenskiy-gorusmesi-basladi-7486305<\/span><\/p>\n","protected":false},"excerpt":{"rendered":"<p>Cumhurba\u015fkan\u0131 Erdo\u011fan ile Ukrayna Devlet Ba\u015fkan\u0131 Zelenski g\u00f6r\u00fc\u015fmesi, Be\u015ftepe&#8217;de ba\u015flad\u0131.<\/p>\n","protected":false},"author":1,"featured_media":140794,"comment_status":"open","ping_status":"open","sticky":false,"template":"","format":"standard","meta":{"footnotes":""},"categories":[3],"tags":[758],"class_list":["post-140793","post","type-post","status-publish","format-standard","has-post-thumbnail","hentry","category-guncel","tag-ukrayna"],"_links":{"self":[{"href":"https:\/\/kamucalisani.net\/index.php\/wp-json\/wp\/v2\/posts\/140793","targetHints":{"allow":["GET"]}}],"collection":[{"href":"https:\/\/kamucalisani.net\/index.php\/wp-json\/wp\/v2\/posts"}],"about":[{"href":"https:\/\/kamucalisani.net\/index.php\/wp-json\/wp\/v2\/types\/post"}],"author":[{"embeddable":true,"href":"https:\/\/kamucalisani.net\/index.php\/wp-json\/wp\/v2\/users\/1"}],"replies":[{"embeddable":true,"href":"https:\/\/kamucalisani.net\/index.php\/wp-json\/wp\/v2\/comments?post=140793"}],"version-history":[{"count":1,"href":"https:\/\/kamucalisani.net\/index.php\/wp-json\/wp\/v2\/posts\/140793\/revisions"}],"predecessor-version":[{"id":140795,"href":"https:\/\/kamucalisani.net\/index.php\/wp-json\/wp\/v2\/posts\/140793\/revisions\/140795"}],"wp:featuredmedia":[{"embeddable":true,"href":"https:\/\/kamucalisani.net\/index.php\/wp-json\/wp\/v2\/media\/140794"}],"wp:attachment":[{"href":"https:\/\/kamucalisani.net\/index.php\/wp-json\/wp\/v2\/media?parent=140793"}],"wp:term":[{"taxonomy":"category","embeddable":true,"href":"https:\/\/kamucalisani.net\/index.php\/wp-json\/wp\/v2\/categories?post=140793"},{"taxonomy":"post_tag","embeddable":true,"href":"https:\/\/kamucalisani.net\/index.php\/wp-json\/wp\/v2\/tags?post=140793"}],"curies":[{"name":"wp","href":"https:\/\/api.w.org\/{rel}","templated":true}]}}