{"id":140811,"date":"2025-11-19T15:42:13","date_gmt":"2025-11-19T15:42:13","guid":{"rendered":"https:\/\/kamucalisani.net\/?p=140811"},"modified":"2025-11-19T15:42:13","modified_gmt":"2025-11-19T15:42:13","slug":"istanbulda-gida-guvenligi-toplantisinda-8-yeni-karar-isletmelere-goruntu-kaydi-sarti-geldi","status":"publish","type":"post","link":"https:\/\/kamucalisani.net\/index.php\/2025\/11\/19\/istanbulda-gida-guvenligi-toplantisinda-8-yeni-karar-isletmelere-goruntu-kaydi-sarti-geldi\/","title":{"rendered":"\u0130stanbul&#8217;da G\u0131da G\u00fcvenli\u011fi Toplant\u0131s\u0131&#8217;nda 8 yeni karar! \u0130\u015fletmelere g\u00f6r\u00fcnt\u00fc kayd\u0131 \u015fart\u0131 geldi"},"content":{"rendered":"<p><p>\u0130stanbul&#8217;da G\u0131da G\u00fcvenli\u011fi toplant\u0131s\u0131 yap\u0131ld\u0131. Buna g\u00f6re, \u0130stanbul&#8217;da zehirlenme facias\u0131 sonras\u0131 t\u00fcm i\u015fletmelere ses ve g\u00f6r\u00fcnt\u00fc kayd\u0131 zorunlulu\u011fu geldi<\/p>\n<p>\u0130stanbul&#8217;da G\u0131da G\u00fcvenli\u011fi toplant\u0131s\u0131 sonras\u0131nda al\u0131nan 8 karar\u0131n ayr\u0131nt\u0131lar\u0131n\u0131 CNN T\u00fcrk Muhabiri Merve Tokaz aktard\u0131;<\/p>\n<p>&#8220;\u015eimdi, soru\u015fturma ilk etapta elbette ki g\u0131da zehirlenmesi \u015f\u00fcphesiyle ba\u015flam\u0131\u015ft\u0131. Bu \u015f\u00fcpheler \u00fczerine ya\u015fanan ne yaz\u0131k ki ac\u0131 olay nedeniyle hem \u0130stanbul Valili\u011fi hem de Bakanl\u0131k harekete ge\u00e7ti. \u0130stanbul Valisi Davut G\u00fcl ba\u015fkanl\u0131\u011f\u0131nda bug\u00fcn \u0130stanbul\u2019da bir \u201cG\u0131da G\u00fcvenli\u011fi Toplant\u0131s\u0131\u201d ger\u00e7ekle\u015ftirildi ve toplant\u0131da baz\u0131 \u00f6nemli kararlar al\u0131nd\u0131.<\/p>\n<div>\n<div><img decoding=\"async\" src=\"https:\/\/kamucalisani.net\/wp-content\/uploads\/2025\/11\/istanbulda-gida-guvenligi-toplantisinda-8-yeni-karar-isletmelere-goruntu-kaydi-sarti-geldi-0-qTu3tMJV.jpg\"\/><\/img><\/div>\n<\/div>\n<p>Al\u0131nan kararlar \u015f\u00f6yle:<\/p>\n<p><strong>1. Sokak Sat\u0131c\u0131lar\u0131 ve \u0130\u015fletmelere Y\u00f6nelik Denetimlerin Art\u0131r\u0131lmas\u0131<\/strong><\/p>\n<p>Sokak sat\u0131c\u0131lar\u0131na ve g\u0131da sat\u0131\u015f\u0131 yapan t\u00fcm i\u015fletmelere y\u00f6nelik denetimler s\u0131kla\u015ft\u0131r\u0131lacak.<\/p>\n<p><strong>2. Sat\u0131lan G\u0131da Numunelerinin 72 Saat Korunmas\u0131 Zorunlulu\u011fu<\/strong><\/p>\n<p>G\u0131da sat\u0131\u015f\u0131 yapan i\u015fletmelerden istenen; sat\u0131lan \u00fcr\u00fcnlerin numunelerinin 72 saat boyunca korunmas\u0131 \u015fart\u0131 titizlikle uygulanacak.<br \/>Not: Savc\u0131l\u0131k, aileden al\u0131nan numunelerin temiz \u00e7\u0131kmas\u0131n\u0131n gerek\u00e7esi olarak numunelerin 1,5 g\u00fcn sonra al\u0131nmas\u0131n\u0131 ve ayn\u0131 \u00fcr\u00fcnlerden olmamas\u0131n\u0131 g\u00f6stermi\u015fti. Bu nedenle, 72 saat numune koruma zorunlulu\u011fu b\u00fcy\u00fck \u00f6nem ta\u015f\u0131yor.<\/p>\n<p><strong>3. So\u011fuk Zincir Aksakl\u0131klar\u0131na M\u00fcsamaha G\u00f6sterilmeyecek<\/strong><\/p>\n<p>G\u0131da \u00fcretimi ve sat\u0131\u015f\u0131 yapan i\u015fletmelerde bulunmas\u0131 gereken so\u011fuk zincir uygulamalar\u0131ndaki aksakl\u0131klara yerel y\u00f6netimler ve denetim ekipleri kesinlikle m\u00fcsamaha g\u00f6stermeyecek.<\/p>\n<p><strong>4. \u0130l Genelinde 24 Saat Esas\u0131na G\u00f6re G\u0131da Denetimi<\/strong><\/p>\n<p>\u0130l genelinde G\u0131da Denetim Komisyonlar\u0131 kurulacak ve g\u0131da denetimleri 24 saat esas\u0131na g\u00f6re yap\u0131lacak.<\/p>\n<p><strong>5. \u0130\u015fletme Sahipleri ve \u00c7al\u0131\u015fanlara Hijyen E\u011fitimi Zorunlulu\u011fu<\/strong><\/p>\n<p>\u0130\u015fletme sahipleri ve \u00e7al\u0131\u015fanlar, g\u0131da g\u00fcvenli\u011fi ve hijyen konular\u0131nda e\u011fitime tabi tutulacak. Standartlara uymayan i\u015fletmelere idari yapt\u0131r\u0131m uygulanacak.<\/p>\n<p><strong>6. 24 Saat Ses ve G\u00f6r\u00fcnt\u00fc Kayd\u0131 Zorunlulu\u011fu<\/strong><\/p>\n<p>T\u00fcm i\u015fletmelerde 24 saat kesintisiz ses ve g\u00f6r\u00fcnt\u00fc kayd\u0131 yap\u0131lmas\u0131 ve bu kay\u0131tlar\u0131n 30 g\u00fcn s\u00fcreyle saklanmas\u0131 zorunlu h\u00e2le getirildi.<\/p>\n<p><strong>7. \u0130la\u00e7lama Firmalar\u0131n\u0131n Denetimi<\/strong><\/p>\n<p>\u0130la\u00e7lama hizmeti veren firmalar denetlenecek; standartlara uymad\u0131\u011f\u0131 tespit edilen firmalar hakk\u0131nda idari ve adli i\u015flem ba\u015flat\u0131lacak.<\/p>\n<p><strong>8. Bozuk veya Son Kullanma Tarihi Ge\u00e7mi\u015f \u00dcr\u00fcnlere Su\u00e7 Duyurusu<\/strong><\/p>\n<p>Denetimler s\u0131ras\u0131nda bozuk ya da son kullanma tarihi ge\u00e7mi\u015f \u00fcr\u00fcn satan i\u015fletmeler tespit edilirse, idari i\u015flem uygulanacak ve \u0130stanbul Valili\u011fi arac\u0131l\u0131\u011f\u0131yla savc\u0131l\u0131klara bizzat su\u00e7 duyurusunda bulunulacak.&#8221;<\/p>\n<p>\u00a0<\/p>\n<p>\u00a0<\/p>\n\n<p><\/p>\n<p>Kaynak :\u00a0<span style=\"background-color: rgb(255, 249, 236); color: rgb(55, 58, 60); font-size: 14px;\">http:\/\/www.milliyet.com.tr\/gundem\/vali-davut-gul-gida-ve-diger-alanlarda-toleransimiz-sifir-7486330<\/span><\/p>\n","protected":false},"excerpt":{"rendered":"<p>\u0130stanbul&#8217;da zehirlenme facias\u0131 sonras\u0131 t\u00fcm i\u015fletmelere ses ve g\u00f6r\u00fcnt\u00fc kayd\u0131 zorunlulu\u011fu geldi. \u0130stanbul Valisi Davut G\u00fcl, &#8220;G\u0131da ve di\u011fer alanlarda tolerans\u0131m\u0131z s\u0131f\u0131r&#8221; a\u00e7\u0131klamas\u0131nda bulundu.<\/p>\n","protected":false},"author":1,"featured_media":140812,"comment_status":"open","ping_status":"open","sticky":false,"template":"","format":"standard","meta":{"footnotes":""},"categories":[3],"tags":[2093,514,3174,179,165],"class_list":["post-140811","post","type-post","status-publish","format-standard","has-post-thumbnail","hentry","category-guncel","tag-denetim","tag-gida","tag-isletme","tag-istanbul","tag-saat"],"_links":{"self":[{"href":"https:\/\/kamucalisani.net\/index.php\/wp-json\/wp\/v2\/posts\/140811","targetHints":{"allow":["GET"]}}],"collection":[{"href":"https:\/\/kamucalisani.net\/index.php\/wp-json\/wp\/v2\/posts"}],"about":[{"href":"https:\/\/kamucalisani.net\/index.php\/wp-json\/wp\/v2\/types\/post"}],"author":[{"embeddable":true,"href":"https:\/\/kamucalisani.net\/index.php\/wp-json\/wp\/v2\/users\/1"}],"replies":[{"embeddable":true,"href":"https:\/\/kamucalisani.net\/index.php\/wp-json\/wp\/v2\/comments?post=140811"}],"version-history":[{"count":1,"href":"https:\/\/kamucalisani.net\/index.php\/wp-json\/wp\/v2\/posts\/140811\/revisions"}],"predecessor-version":[{"id":140814,"href":"https:\/\/kamucalisani.net\/index.php\/wp-json\/wp\/v2\/posts\/140811\/revisions\/140814"}],"wp:featuredmedia":[{"embeddable":true,"href":"https:\/\/kamucalisani.net\/index.php\/wp-json\/wp\/v2\/media\/140812"}],"wp:attachment":[{"href":"https:\/\/kamucalisani.net\/index.php\/wp-json\/wp\/v2\/media?parent=140811"}],"wp:term":[{"taxonomy":"category","embeddable":true,"href":"https:\/\/kamucalisani.net\/index.php\/wp-json\/wp\/v2\/categories?post=140811"},{"taxonomy":"post_tag","embeddable":true,"href":"https:\/\/kamucalisani.net\/index.php\/wp-json\/wp\/v2\/tags?post=140811"}],"curies":[{"name":"wp","href":"https:\/\/api.w.org\/{rel}","templated":true}]}}