{"id":140820,"date":"2025-11-19T15:54:10","date_gmt":"2025-11-19T15:54:10","guid":{"rendered":"https:\/\/kamucalisani.net\/?p=140820"},"modified":"2025-11-19T15:54:10","modified_gmt":"2025-11-19T15:54:10","slug":"cumhurbaskani-erdogan-zelenskiy-ile-bir-araya-geldi-2","status":"publish","type":"post","link":"https:\/\/kamucalisani.net\/index.php\/2025\/11\/19\/cumhurbaskani-erdogan-zelenskiy-ile-bir-araya-geldi-2\/","title":{"rendered":"Cumhurba\u015fkan\u0131 Erdo\u011fan, Zelenskiy ile bir araya geldi"},"content":{"rendered":"<p><p>Cumhurba\u015fkan\u0131 Erdo\u011fan, Zelenskiy&#8217;i, Cumhurba\u015fkanl\u0131\u011f\u0131 K\u00fclliyesi&#8217;nin giri\u015f kap\u0131s\u0131nda kar\u015f\u0131lad\u0131. Erdo\u011fan ve Zelenskiy, merdivenlerde T\u00fcrk ve Ukrayna bayraklar\u0131 \u00f6n\u00fcnde foto\u011fraf \u00e7ektirdi. Cumhurba\u015fkan\u0131 Erdo\u011fan ve Zelenskiy, daha sonra g\u00f6r\u00fc\u015fmeye ge\u00e7ti. G\u00f6r\u00fc\u015fmede, D\u0131\u015fi\u015fleri Bakan\u0131 Hakan Fidan, M\u0130T Ba\u015fkan\u0131 \u0130brahim Kal\u0131n ile Cumhurba\u015fkan\u0131 D\u0131\u015f Politika ve G\u00fcvenlik Ba\u015fdan\u0131\u015fman\u0131 Akif \u00c7a\u011fatay K\u0131l\u0131\u00e7 da yer ald\u0131. Erdo\u011fan ve Zelenskiy, \u00e7al\u0131\u015fma yeme\u011finde bir araya gelecek, ard\u0131ndan d\u00fczenlenecek ortak bas\u0131n toplant\u0131s\u0131nda a\u00e7\u0131klamalarda bulunacak.<\/p>\n<p><strong>UKRAYNA DEVLET BA\u015eKANI ZELENSK\u0130Y, ANKARA&#8217;DA <\/strong><\/p>\n<p>Ukrayna Devlet Ba\u015fkan\u0131 Volodimir Zelenskiy, Rusya-Ukrayna Sava\u015f\u0131&#8217;na ili\u015fkin g\u00fcncel geli\u015fmeler ba\u015fta olmak \u00fczere \u00e7e\u015fitli konularda temaslarda bulunmak \u00fczere Ankara&#8217;ya geldi.<\/p>\n<div>\n<div><img decoding=\"async\" src=\"https:\/\/kamucalisani.net\/wp-content\/uploads\/2025\/11\/cumhurbaskani-erdogan-zelenskiy-ile-bir-araya-geldi-0-af8jHvXg.jpg\"\/><\/img><\/div>\n<\/div>\n<p>Zelenskiy, temaslar\u0131 \u00e7er\u00e7evesinde Cumhurba\u015fkan\u0131 Recep Tayyip Erdo\u011fan ile ikili g\u00f6r\u00fc\u015fme yap\u0131yor. Liderler, \u00e7al\u0131\u015fma yeme\u011fi sonras\u0131 ortak bas\u0131n toplant\u0131s\u0131 d\u00fczenleyecek.<\/p>\n<p>Ankara&#8217;da ger\u00e7ekle\u015ftirilen g\u00f6r\u00fc\u015fmede Ukrayna ile ikili g\u00fcndem konular\u0131n\u0131n yan\u0131 s\u0131ra Rusya-Ukrayna sava\u015f\u0131na dair g\u00fcncel geli\u015fmeler ile \u0130stanbul S\u00fcreci ba\u015fta olmak \u00fczere ate\u015fkesin tesisi ve kal\u0131c\u0131 \u00e7\u00f6z\u00fcme y\u00f6nelik \u00e7abalar\u0131n ele al\u0131nmas\u0131 \u00f6ng\u00f6r\u00fclmekte.<\/p>\n<div>\n<div><img decoding=\"async\" src=\"https:\/\/kamucalisani.net\/wp-content\/uploads\/2025\/11\/cumhurbaskani-erdogan-zelenskiy-ile-bir-araya-geldi-1-tuzfuCb1.jpg\"\/><\/img><\/div>\n<\/div>\n<p>\u00a0<\/p>\n\n<p><\/p>\n<p>Kaynak :\u00a0<span style=\"background-color: rgb(255, 249, 236); color: rgb(55, 58, 60); font-size: 14px;\">http:\/\/www.milliyet.com.tr\/gundem\/cumhurbaskani-erdogan-zelenskiy-ile-bir-araya-geldi-7486305<\/span><\/p>\n","protected":false},"excerpt":{"rendered":"<p>Cumhurba\u015fkan\u0131 Recep Tayyip Erdo\u011fan, Ukrayna Devlet Ba\u015fkan\u0131 Volodimir Zelenskiy ile bir araya geldi.<\/p>\n","protected":false},"author":1,"featured_media":140821,"comment_status":"open","ping_status":"open","sticky":false,"template":"","format":"standard","meta":{"footnotes":""},"categories":[3],"tags":[593,758,9466],"class_list":["post-140820","post","type-post","status-publish","format-standard","has-post-thumbnail","hentry","category-guncel","tag-erdogan","tag-ukrayna","tag-zelenskiy"],"_links":{"self":[{"href":"https:\/\/kamucalisani.net\/index.php\/wp-json\/wp\/v2\/posts\/140820","targetHints":{"allow":["GET"]}}],"collection":[{"href":"https:\/\/kamucalisani.net\/index.php\/wp-json\/wp\/v2\/posts"}],"about":[{"href":"https:\/\/kamucalisani.net\/index.php\/wp-json\/wp\/v2\/types\/post"}],"author":[{"embeddable":true,"href":"https:\/\/kamucalisani.net\/index.php\/wp-json\/wp\/v2\/users\/1"}],"replies":[{"embeddable":true,"href":"https:\/\/kamucalisani.net\/index.php\/wp-json\/wp\/v2\/comments?post=140820"}],"version-history":[{"count":1,"href":"https:\/\/kamucalisani.net\/index.php\/wp-json\/wp\/v2\/posts\/140820\/revisions"}],"predecessor-version":[{"id":140824,"href":"https:\/\/kamucalisani.net\/index.php\/wp-json\/wp\/v2\/posts\/140820\/revisions\/140824"}],"wp:featuredmedia":[{"embeddable":true,"href":"https:\/\/kamucalisani.net\/index.php\/wp-json\/wp\/v2\/media\/140821"}],"wp:attachment":[{"href":"https:\/\/kamucalisani.net\/index.php\/wp-json\/wp\/v2\/media?parent=140820"}],"wp:term":[{"taxonomy":"category","embeddable":true,"href":"https:\/\/kamucalisani.net\/index.php\/wp-json\/wp\/v2\/categories?post=140820"},{"taxonomy":"post_tag","embeddable":true,"href":"https:\/\/kamucalisani.net\/index.php\/wp-json\/wp\/v2\/tags?post=140820"}],"curies":[{"name":"wp","href":"https:\/\/api.w.org\/{rel}","templated":true}]}}