{"id":140895,"date":"2025-11-19T18:00:13","date_gmt":"2025-11-19T18:00:13","guid":{"rendered":"https:\/\/kamucalisani.net\/?p=140895"},"modified":"2025-11-19T18:00:13","modified_gmt":"2025-11-19T18:00:13","slug":"diyarbakirda-zincirleme-trafik-kazasi-3-olu-7-yarali","status":"publish","type":"post","link":"https:\/\/kamucalisani.net\/index.php\/2025\/11\/19\/diyarbakirda-zincirleme-trafik-kazasi-3-olu-7-yarali\/","title":{"rendered":"Diyarbak\u0131r&#8217;da zincirleme trafik kazas\u0131: 3 \u00f6l\u00fc, 7 yaral\u0131"},"content":{"rendered":"<p><p>\u0130l\u00e7enin k\u0131rsal Ba\u015fakl\u0131 Mahallesi mevkisinde, s\u00fcr\u00fcc\u00fclerinin isimleri ve plakalar\u0131 hen\u00fcz \u00f6\u011frenilemeyen 5 arac\u0131n kar\u0131\u015ft\u0131\u011f\u0131 zincirleme trafik kazas\u0131 meydana geldi.<\/p>\n<p>\u0130hbar \u00fczerine olay yerine 112 Acil Sa\u011fl\u0131k, itfaiye ve jandarma ekipleri sevk edildi.\u00a0Kazada, ilk belirlemelere g\u00f6re 3 ki\u015fi ya\u015fam\u0131n\u0131 yitirdi, 7 ki\u015fi yaraland\u0131.\u00a0Yaral\u0131lar, ambulanslarla kentteki hastanelere kald\u0131r\u0131ld\u0131.<\/p>\n<section>\n<div>\n<div>\n<div>\n<div>\n<div><img decoding=\"async\" src=\"https:\/\/kamucalisani.net\/wp-content\/uploads\/2025\/11\/diyarbakirda-zincirleme-trafik-kazasi-3-olu-7-yarali-0-PcTWg6XH.jpg\"\/><\/img><\/div>\n<div><span><span><b>1\/<\/b><em>4<\/em><\/span><\/span><\/div>\n<\/div>\n<div>\n<div><img decoding=\"async\" src=\"https:\/\/kamucalisani.net\/wp-content\/uploads\/2025\/11\/diyarbakirda-zincirleme-trafik-kazasi-3-olu-7-yarali-1-g2D2PGXQ.jpg\"\/><\/img><\/div>\n<div><span><span><b>2\/<\/b><em>4<\/em><\/span><\/span><\/div>\n<\/div>\n<div>\n<div><img decoding=\"async\" src=\"https:\/\/kamucalisani.net\/wp-content\/uploads\/2025\/11\/diyarbakirda-zincirleme-trafik-kazasi-3-olu-7-yarali-2-ZF2EstdC.jpg\"\/><\/img><\/div>\n<div><span><span><b>3\/<\/b><em>4<\/em><\/span><\/span><\/div>\n<\/div>\n<div>\n<div><img decoding=\"async\" src=\"https:\/\/kamucalisani.net\/wp-content\/uploads\/2025\/11\/diyarbakirda-zincirleme-trafik-kazasi-3-olu-7-yarali-3-fvJOyAlq.jpg\"\/><\/img><\/div>\n<div><span><span><b>4\/<\/b><em>4<\/em><\/span><\/span><\/div>\n<\/div>\n<\/div>\n<\/div>\n<\/div>\n<\/section>\n<p><\/p>\n<p>Kaynak :\u00a0<span style=\"background-color: rgb(255, 249, 236); color: rgb(55, 58, 60); font-size: 14px;\">http:\/\/www.milliyet.com.tr\/gundem\/diyarbakirda-zincirleme-trafik-kazasi-3-olu-7-yarali-7486377<\/span><\/p>\n","protected":false},"excerpt":{"rendered":"<p>Diyarbak\u0131r&#8217;\u0131n \u00c7\u0131nar il\u00e7esinde 5 arac\u0131n kar\u0131\u015ft\u0131\u011f\u0131 zincirleme trafik kazas\u0131nda ilk belirlemelere g\u00f6re 3 ki\u015fi hayat\u0131n\u0131 kaybetti, 7 ki\u015fi yaraland\u0131.<\/p>\n","protected":false},"author":1,"featured_media":140896,"comment_status":"open","ping_status":"open","sticky":false,"template":"","format":"standard","meta":{"footnotes":""},"categories":[3],"tags":[],"class_list":["post-140895","post","type-post","status-publish","format-standard","has-post-thumbnail","hentry","category-guncel"],"_links":{"self":[{"href":"https:\/\/kamucalisani.net\/index.php\/wp-json\/wp\/v2\/posts\/140895","targetHints":{"allow":["GET"]}}],"collection":[{"href":"https:\/\/kamucalisani.net\/index.php\/wp-json\/wp\/v2\/posts"}],"about":[{"href":"https:\/\/kamucalisani.net\/index.php\/wp-json\/wp\/v2\/types\/post"}],"author":[{"embeddable":true,"href":"https:\/\/kamucalisani.net\/index.php\/wp-json\/wp\/v2\/users\/1"}],"replies":[{"embeddable":true,"href":"https:\/\/kamucalisani.net\/index.php\/wp-json\/wp\/v2\/comments?post=140895"}],"version-history":[{"count":1,"href":"https:\/\/kamucalisani.net\/index.php\/wp-json\/wp\/v2\/posts\/140895\/revisions"}],"predecessor-version":[{"id":140901,"href":"https:\/\/kamucalisani.net\/index.php\/wp-json\/wp\/v2\/posts\/140895\/revisions\/140901"}],"wp:featuredmedia":[{"embeddable":true,"href":"https:\/\/kamucalisani.net\/index.php\/wp-json\/wp\/v2\/media\/140896"}],"wp:attachment":[{"href":"https:\/\/kamucalisani.net\/index.php\/wp-json\/wp\/v2\/media?parent=140895"}],"wp:term":[{"taxonomy":"category","embeddable":true,"href":"https:\/\/kamucalisani.net\/index.php\/wp-json\/wp\/v2\/categories?post=140895"},{"taxonomy":"post_tag","embeddable":true,"href":"https:\/\/kamucalisani.net\/index.php\/wp-json\/wp\/v2\/tags?post=140895"}],"curies":[{"name":"wp","href":"https:\/\/api.w.org\/{rel}","templated":true}]}}