{"id":140933,"date":"2025-11-19T18:48:09","date_gmt":"2025-11-19T18:48:09","guid":{"rendered":"https:\/\/kamucalisani.net\/?p=140933"},"modified":"2025-11-19T18:48:09","modified_gmt":"2025-11-19T18:48:09","slug":"meclis-cocuklarin-suca-suruklenmesinin-nedenlerini-arastiracak","status":"publish","type":"post","link":"https:\/\/kamucalisani.net\/index.php\/2025\/11\/19\/meclis-cocuklarin-suca-suruklenmesinin-nedenlerini-arastiracak\/","title":{"rendered":"Meclis, \u00e7ocuklar\u0131n su\u00e7a s\u00fcr\u00fcklenmesinin nedenlerini ara\u015ft\u0131racak"},"content":{"rendered":"<p><p>Genel Kurulda kabul edilen Dan\u0131\u015fma Kurulu \u00f6nerisiyle siyasi partilerin, \u00e7ocuklar\u0131n su\u00e7a s\u00fcr\u00fcklenmesine yol a\u00e7an nedenlerin t\u00fcm boyutlar\u0131yla incelenerek koruyucu ve \u00f6nleyici mekanizmalar geli\u015ftirilmesiyle \u00e7ocuklar\u0131n toplumsal ya\u015fama etkin kat\u0131l\u0131mlar\u0131n\u0131n sa\u011flanmas\u0131 i\u00e7in yap\u0131lmas\u0131 gerekenlerin belirlenmesi amac\u0131yla Meclis Ara\u015ft\u0131rmas\u0131 a\u00e7\u0131lmas\u0131na y\u00f6nelik \u00f6nergeleri birle\u015ftirilerek g\u00f6r\u00fc\u015f\u00fcld\u00fc.<\/p>\n<p>Yeni Yol Partisi \u0130stanbul Milletvekili Elif Esen, \u00e7ocuklar\u0131n su\u00e7a s\u00fcr\u00fcklenmesinin bireysel davran\u0131\u015flar\u0131n\u0131n de\u011fil, toplumsal bir k\u0131r\u0131lman\u0131n g\u00f6stergesi oldu\u011funu belirterek, T\u00dc\u0130K verilerine g\u00f6re 2024&#8217;te 202 bin 778 \u00e7ocu\u011fun su\u00e7a s\u00fcr\u00fcklenmeleri nedeniyle i\u015flem g\u00f6rd\u00fc\u011f\u00fcn\u00fc s\u00f6yledi.<\/p>\n<p>\u015eiddet i\u00e7eren dijital i\u00e7eriklerin de \u00e7ocuklar\u0131 su\u00e7a \u00f6zendirdi\u011fine i\u015faret eden Esen, aile, okul, sosyal hizmet sistemlerinin ise bu yeni dijital su\u00e7 dinamiklerine kar\u015f\u0131 haz\u0131rl\u0131ks\u0131z oldu\u011funun g\u00f6r\u00fcld\u00fc\u011f\u00fcn\u00fc s\u00f6yledi. Bu nedenle \u00e7\u00f6z\u00fcm\u00fcn cezay\u0131 art\u0131rmak ya da yeni cezaevi yapmak olmad\u0131\u011f\u0131n\u0131 dile getiren Esen, &#8220;\u0130htiyac\u0131m\u0131z olan, etkin, koruyucu, \u00f6nleyici tedbirler, bakanl\u0131klar aras\u0131 e\u015f g\u00fcd\u00fcml\u00fc \u00e7al\u0131\u015fan dijital veri sistemi, izleme, denetleme sistemleri ve hayata tutunduran, su\u00e7 d\u00f6ng\u00fcs\u00fcnden \u00e7\u0131karan etkili rehabilitasyonlar. Cezaland\u0131rmay\u0131 de\u011fil, \u00e7ocu\u011fu su\u00e7un y\u00f6r\u00fcngesinden \u00e7\u0131karmay\u0131 hedeflemek as\u0131l olmal\u0131.&#8221; de\u011ferlendirmesinde bulundu.<\/p>\n<p>\u0130Y\u0130 Parti Genel Ba\u015fkan Yard\u0131mc\u0131s\u0131 ve Tekirda\u011f Milletvekili Selcan Ta\u015fc\u0131, aile i\u00e7i \u015fiddet, yoksulluk, sosyal d\u0131\u015flanma, e\u011fitimden uzak kalma, \u00e7ocuk i\u015f\u00e7ili\u011fi, g\u00f6\u00e7, aidiyetinin azalmas\u0131, su\u00e7 ma\u011fduru olma ve sa\u011fl\u0131kl\u0131 rol modelden yoksun olma gibi sebeplerin \u00e7ocuklar\u0131n kar\u0131\u015ft\u0131\u011f\u0131 su\u00e7lar\u0131n sebepleri aras\u0131nda oldu\u011funu ifade etti.<\/p>\n<p>Komisyonun kurulmas\u0131n\u0131 desteklediklerini ancak bu deste\u011fi &#8220;salt bir infaz tart\u0131\u015fmas\u0131 yapmak \u00fczere&#8221; vermediklerini belirten Ta\u015fc\u0131, &#8220;Bu deste\u011fi, \u00e7ocuk ile su\u00e7un kesi\u015fti\u011fi b\u00fct\u00fcn yollar\u0131 t\u0131kamak, sebepleri ortadan kald\u0131rmak \u00fczere veriyoruz. Bir \u00e7ocu\u011fu su\u00e7luya d\u00f6n\u00fc\u015ft\u00fcrenin, mesela maruz kald\u0131\u011f\u0131 istismar oldu\u011funu ve o istismar\u0131n kendi mahallemizde ya\u015fand\u0131\u011f\u0131n\u0131 \u00f6\u011frendi\u011fimizde de \u00f6rtbas etmeden \u00fczerine gideceksek kural\u0131m bu komisyonu.&#8221; ifadelerini kulland\u0131.<\/p>\n<p><strong>&#8220;\u00c7OCUK S\u00d6Z KONUSU OLDU\u011eUNDA AYNI HASSAS\u0130YETLE HAREKET ETMEK ZORUNDAYIZ&#8221;<\/strong><\/p>\n<p>MHP G\u00fcm\u00fc\u015fhane Milletvekili Musa K\u00fc\u00e7\u00fck, \u00e7ocu\u011fun korunmas\u0131n\u0131 yaln\u0131zca bir sosyal politika ba\u015fl\u0131\u011f\u0131 de\u011fil, devletin bekas\u0131 ve milletin istikbali a\u00e7\u0131s\u0131ndan stratejik bir mesele olarak g\u00f6rd\u00fcklerini vurgulad\u0131.<\/p>\n<p>Anayasa&#8217;n\u0131n \u00e7ocu\u011fu korumay\u0131 devlete g\u00f6rev olarak verdi\u011fine i\u015faret eden K\u00fc\u00e7\u00fck, &#8220;Bizler de bu Meclis \u00e7at\u0131s\u0131 alt\u0131nda siyasi g\u00f6r\u00fc\u015flerimiz ne olursa olsun, \u00e7ocuk s\u00f6z konusu oldu\u011funda ayn\u0131 hassasiyetle hareket etmek zorunday\u0131z.&#8221; dedi.<\/p>\n<p>K\u00fc\u00e7\u00fck, su\u00e7a s\u00fcr\u00fcklenen \u00e7ocuk meselesine sadece g\u00fcvenlik eksenli bak\u0131lmamas\u0131 gerekti\u011finin alt\u0131n\u0131 \u00e7izerek, &#8220;Bir \u00e7ocuk su\u00e7a s\u00fcr\u00fcklenmi\u015fse orada e\u011fitimden sosyal hizmete, aileden \u00e7evreye kadar pek \u00e7ok alanda ihmal ve eksiklik var demektir. \u00c7ocu\u011fu su\u00e7un faili de\u011fil, \u00e7o\u011fu zaman ma\u011fduru olarak g\u00f6rmek, cezaland\u0131rmaktan \u00e7ok koruyucu, onar\u0131c\u0131 mekanizmalar geli\u015ftirmek zorunday\u0131z. T\u00fcm bu nedenlerle \u00e7ocuklar\u0131n kar\u015f\u0131la\u015ft\u0131\u011f\u0131 sorunlar\u0131n ve mevcut politikalar\u0131n TBMM taraf\u0131ndan kapsaml\u0131 bir \u015fekilde ele al\u0131nmas\u0131 i\u00e7in bir Meclis Ara\u015ft\u0131rma Komisyonu kurulmas\u0131 zorunludur.&#8221; de\u011ferlendirmesinde bulundu.<\/p>\n<p><strong>&#8220;BU KOM\u0130SYONUN \u00c7IKTILARININ DA HER B\u0130R\u0130M\u0130Z\u0130N \u0130\u00c7\u0130N EV \u00d6DEV\u0130 OLMASINI TEMENN\u0130 ED\u0130YORUM&#8221;<\/strong><\/p>\n<p>DEM Parti Mardin Milletvekili Beritan G\u00fcne\u015f Alt\u0131n, d\u00fcnyada &#8220;yeni nesil \u00e7etele\u015fme&#8221;ye d\u00f6n\u00fck ciddi tart\u0131\u015fmalar\u0131n oldu\u011funa de\u011findi.<\/p>\n<p>Partisinin \u00e7ocuklarla ilgili \u00e7al\u0131\u015fmalar\u0131n\u0131 anlatan Alt\u0131n, bu konu hakk\u0131nda ortak bir mutabakatla yol al\u0131nmas\u0131 i\u00e7in Meclis&#8217;e bir \u00f6nerge verdiklerini kaydetti.<\/p>\n<p>Alt\u0131n, &#8220;O sebeple bug\u00fcn burada b\u00fct\u00fcn partilerin mutabakat\u0131yla Meclis&#8217;e gelen bu ortak \u00f6nergenin \u00e7ok de\u011ferli ve k\u0131ymetli oldu\u011funu ifade etmemiz gerekiyor. Konu\u015ftu\u011fumuz meselenin, \u00e7ocuklar\u0131n bug\u00fcn\u00fcn\u00fc, yar\u0131n\u0131n\u0131 ve b\u00fct\u00fcn toplumun gelece\u011fini etkileyen, ortak ak\u0131lla ve ortak kayg\u0131yla yakla\u015fmam\u0131z gereken bir konu oldu\u011funu ve kurulacak bu komisyonun buna hizmet etmesini temenni etti\u011fimi ve partim ad\u0131na \u00e7ocuklar\u0131n \u00fcst\u00fcn yarar\u0131na hizmet edecek t\u00fcm \u00e7al\u0131\u015fmalara tarihsel ve politik sorumlulukla g\u00fc\u00e7 verece\u011fimizi belirtmek istiyorum.&#8221; diye konu\u015ftu.<\/p>\n<p>CHP Grup Ba\u015fkanvekili Murat Emir, su\u00e7a s\u00fcr\u00fcklenen \u00e7ocuklar\u0131 \u00f6nceleyen, onlar\u0131n rehabilitasyonu, topluma kazand\u0131r\u0131lmas\u0131 ile \u00e7ocu\u011fun \u00fcst\u00fcn yarar\u0131n\u0131 \u00f6nceleyen bir anlay\u0131\u015fla bu alan\u0131n yeniden ve b\u00fct\u00fcn y\u00f6nleriyle tekrar tart\u0131\u015f\u0131lmas\u0131n\u0131n, at\u0131lmas\u0131 gereken ad\u0131mlar\u0131n mutlaka ivedilikle at\u0131lmas\u0131n\u0131n sa\u011flanmas\u0131 gerekti\u011fini vurgulad\u0131.<\/p>\n<p>\u00c7ocuklar\u0131 su\u00e7a s\u00fcr\u00fckleyen ve &#8220;\u00e7ocuk su\u00e7lulu\u011funu&#8221; art\u0131ran mekanizmalar\u0131n alt\u0131nda yoksullu\u011fun yatt\u0131\u011f\u0131n\u0131 s\u00f6yleyen Emir, &#8220;Yoksulluk artt\u0131k\u00e7a, ebeveynlerin e\u011fitim seviyesi d\u00fc\u015ft\u00fck\u00e7e \u00e7ocuk su\u00e7lulu\u011funun ve su\u00e7a s\u00fcr\u00fcklenen \u00e7ocuk oran\u0131n\u0131n artt\u0131\u011f\u0131n\u0131 g\u00f6r\u00fcyorsunuz. T\u00fcrkiye&#8217;de maalesef yoksullu\u011fun giderek artt\u0131\u011f\u0131 g\u00fcn\u00fcm\u00fczde su\u00e7a s\u00fcr\u00fcklenen \u00e7ocuk oranlar\u0131nda da ciddi art\u0131\u015flar s\u00f6z konusu.&#8221; s\u00f6zlerini sarf etti.<\/p>\n<p>&#8220;Cezalar\u0131 art\u0131r\u0131r\u0131z, bu sorunu \u00e7\u00f6zeriz&#8221; d\u00fc\u015f\u00fcncesinden kurtulmak gerekti\u011fini belirten Emir, \u015fu ifadeleri kulland\u0131:<\/p>\n<p>&#8220;Bu k\u00f6k sorunlar\u0131 bir bir ele al\u0131p bunlara ger\u00e7ekten ne\u015fter vuracaksak, ger\u00e7ekten bu sorunlar\u0131 \u00e7\u00f6zeceksek ancak anlam kazanabilir. Yoksa bir taraftan bak\u0131p bir taraftan cezalar\u0131 art\u0131r\u0131p ama olay\u0131n sosyolojik, ekonomik, siyasal, psikolojik taraflar\u0131n\u0131 ihmal edersek yine karanl\u0131kta k\u00f6r d\u00f6v\u00fc\u015f\u00fc yapm\u0131\u015f oluruz. Bu anlay\u0131\u015fla bu komisyonun kurulmas\u0131n\u0131n do\u011fru olaca\u011f\u0131n\u0131, gerekli oldu\u011funu ama olmas\u0131 gerekti\u011fi gibi \u00e7al\u0131\u015fmas\u0131n\u0131 ve bu komisyonun \u00e7\u0131kt\u0131lar\u0131n\u0131n da her birimizin i\u00e7in ev \u00f6devi olmas\u0131n\u0131 temenni ediyorum.&#8221;<\/p>\n<p><strong>&#8220;\u0130N\u015eALLAH \u00c7ALI\u015eMALARIMIZ NET\u0130CES\u0130NDE BUNA DA VES\u0130LE OLURUZ&#8221;<\/strong><\/p>\n<p>AK Parti Kahramanmara\u015f Milletvekili Tuba K\u00f6ksal, milli egemenli\u011fin \u00e7ocuklarla do\u011frudan ilgili oldu\u011funa dikkati \u00e7ekti.<\/p>\n<p>\u0130ktidara geldikleri ilk g\u00fcnden itibaren t\u00fcm \u00e7abalar\u0131n\u0131n \u00fclkenin evlatlar\u0131n\u0131n daha iyi ko\u015fullarda e\u011fitim g\u00f6rmesi, sa\u011fl\u0131k hizmetlerinden faydalanmas\u0131, her \u00e7ocu\u011fun hak temelli ve devletinin g\u00fcvencesiyle bir ya\u015fam s\u00fcrmesi y\u00f6n\u00fcnde oldu\u011funu kaydeden K\u00f6ksal, bu kapsamda yap\u0131lan \u00e7al\u0131\u015fmalar\u0131 anlatt\u0131.<\/p>\n<p>K\u00f6ksal, bug\u00fcn de\u011fi\u015fen dijital d\u00fcnyayla birlikte \u00e7ocuklar\u0131n ma\u011fduriyetlerine bu ortamlarda daha s\u0131k \u015fahit olurken, di\u011fer taraftan \u00e7ocuklar\u0131 su\u00e7a te\u015fvik eden ya da istismar\u0131 ve \u015fiddeti yayg\u0131nla\u015ft\u0131ran, \u00f6zendiren ve normalle\u015ftiren ileti\u015fim kanallar\u0131na \u015fahit olundu\u011funa i\u015faret etti.<\/p>\n<p>Ge\u00e7en y\u0131l da \u00e7ocuklarla alakal\u0131 bir ara\u015ft\u0131rma komisyonunda t\u00fcm siyasi partilerle k\u0131ymetli \u00e7al\u0131\u015fmalara imza att\u0131klar\u0131n\u0131 hat\u0131rlatan K\u00f6ksal, \u015funlar\u0131 kaydetti:<\/p>\n<p>&#8220;Meclis \u00e7at\u0131s\u0131 alt\u0131nda yapt\u0131\u011f\u0131m\u0131z \u00e7al\u0131\u015fmalarda t\u00fcm parti milletvekillerinin ortak kanaati, bu da bug\u00fcn benim buradan temenni etti\u011fim: Meclis&#8217;te sadece ara\u015ft\u0131rma komisyonlar\u0131 ya da ge\u00e7ici bir komisyon de\u011fil, \u00e7ocuklarla ilgili kal\u0131c\u0131 bir komisyonun da var olmas\u0131 gerekti\u011fi d\u00fc\u015f\u00fcncesindeyim. \u0130n\u015fallah bu \u00e7al\u0131\u015fmalar\u0131m\u0131z neticesinde buna da vesile oluruz. Sizlerden ricam, bu \u00f6nergemizin oybirli\u011fiyle Genel Kuruldan ge\u00e7mesiyle hep birlikte g\u00f6z ayd\u0131nl\u0131\u011f\u0131m\u0131z \u00e7ocuklar\u0131m\u0131z\u0131n yarar\u0131na olacak i\u015flerde bulu\u015fmam\u0131zd\u0131r.&#8221;<\/p>\n<p>Genel Kurulda, g\u00f6r\u00fc\u015fmelerin ard\u0131ndan yap\u0131lan oylamada, \u00e7ocuklar\u0131n su\u00e7a s\u00fcr\u00fcklenmesine yol a\u00e7an nedenlerin t\u00fcm boyutlar\u0131yla incelenerek koruyucu ve \u00f6nleyici mekanizmalar geli\u015ftirilmesiyle \u00e7ocuklar\u0131n toplumsal ya\u015fama etkin kat\u0131l\u0131mlar\u0131n\u0131n sa\u011flanmas\u0131 i\u00e7in yap\u0131lmas\u0131 gerekenlerin belirlenmesi amac\u0131yla Meclis Ara\u015ft\u0131rma Komisyonu kurulmas\u0131 kabul edildi.<\/p>\n<p>22 \u00fcyeden olu\u015facak komisyonun \u00e7al\u0131\u015fma s\u00fcresi 3 ay olacak ve gerekti\u011finde Ankara d\u0131\u015f\u0131nda da \u00e7al\u0131\u015fabilecek. Komisyonun \u00fcyeleri daha sonra belirlenecek.<\/p>\n\n<p><\/p>\n<p>Kaynak :\u00a0<span style=\"background-color: rgb(255, 249, 236); color: rgb(55, 58, 60); font-size: 14px;\">http:\/\/www.milliyet.com.tr\/gundem\/meclis-cocuklarin-suca-suruklenmesinin-nedenlerini-arastiracak-7486387<\/span><\/p>\n","protected":false},"excerpt":{"rendered":"<p>TBMM Genel Kurulunda, \u00e7ocuklar\u0131n su\u00e7a s\u00fcr\u00fcklenmesine yol a\u00e7an nedenlerin t\u00fcm boyutlar\u0131yla incelenerek koruyucu ve \u00f6nleyici mekanizmalar geli\u015ftirilmesiyle, \u00e7ocuklar\u0131n toplumsal ya\u015fama etkin kat\u0131l\u0131mlar\u0131n\u0131n sa\u011flanmas\u0131 i\u00e7in yap\u0131lmas\u0131 gerekenlerin belirlenmesi amac\u0131yla Meclis Ara\u015ft\u0131rma Komisyonu kuruldu.<\/p>\n","protected":false},"author":1,"featured_media":140934,"comment_status":"open","ping_status":"open","sticky":false,"template":"","format":"standard","meta":{"footnotes":""},"categories":[3],"tags":[173,1176,582,811,9471],"class_list":["post-140933","post","type-post","status-publish","format-standard","has-post-thumbnail","hentry","category-guncel","tag-cocuk","tag-cocuklarin","tag-parti","tag-suc","tag-suca"],"_links":{"self":[{"href":"https:\/\/kamucalisani.net\/index.php\/wp-json\/wp\/v2\/posts\/140933","targetHints":{"allow":["GET"]}}],"collection":[{"href":"https:\/\/kamucalisani.net\/index.php\/wp-json\/wp\/v2\/posts"}],"about":[{"href":"https:\/\/kamucalisani.net\/index.php\/wp-json\/wp\/v2\/types\/post"}],"author":[{"embeddable":true,"href":"https:\/\/kamucalisani.net\/index.php\/wp-json\/wp\/v2\/users\/1"}],"replies":[{"embeddable":true,"href":"https:\/\/kamucalisani.net\/index.php\/wp-json\/wp\/v2\/comments?post=140933"}],"version-history":[{"count":1,"href":"https:\/\/kamucalisani.net\/index.php\/wp-json\/wp\/v2\/posts\/140933\/revisions"}],"predecessor-version":[{"id":140935,"href":"https:\/\/kamucalisani.net\/index.php\/wp-json\/wp\/v2\/posts\/140933\/revisions\/140935"}],"wp:featuredmedia":[{"embeddable":true,"href":"https:\/\/kamucalisani.net\/index.php\/wp-json\/wp\/v2\/media\/140934"}],"wp:attachment":[{"href":"https:\/\/kamucalisani.net\/index.php\/wp-json\/wp\/v2\/media?parent=140933"}],"wp:term":[{"taxonomy":"category","embeddable":true,"href":"https:\/\/kamucalisani.net\/index.php\/wp-json\/wp\/v2\/categories?post=140933"},{"taxonomy":"post_tag","embeddable":true,"href":"https:\/\/kamucalisani.net\/index.php\/wp-json\/wp\/v2\/tags?post=140933"}],"curies":[{"name":"wp","href":"https:\/\/api.w.org\/{rel}","templated":true}]}}