{"id":140939,"date":"2025-11-19T19:00:10","date_gmt":"2025-11-19T19:00:10","guid":{"rendered":"https:\/\/kamucalisani.net\/?p=140939"},"modified":"2025-11-19T19:00:10","modified_gmt":"2025-11-19T19:00:10","slug":"zelenskiy-karadenizde-guvenlik-ancak-turkiye-ile-saglanabilir","status":"publish","type":"post","link":"https:\/\/kamucalisani.net\/index.php\/2025\/11\/19\/zelenskiy-karadenizde-guvenlik-ancak-turkiye-ile-saglanabilir\/","title":{"rendered":"Zelenskiy: Karadeniz&#8217;de g\u00fcvenlik ancak T\u00fcrkiye ile sa\u011flanabilir"},"content":{"rendered":"<p><p>Ukrayna Devlet Ba\u015fkan\u0131 Volodimir Zelenskiy, &#8220;Herkes, Karadeniz&#8217;de g\u00fcvenli\u011fin ne kadar \u00f6nemli oldu\u011funu biliyor ve bu g\u00fcvenli\u011fi ancak T\u00fcrkiye ile sa\u011flayabiliriz.&#8221; ifadesini kulland\u0131.<\/p>\n<p>Zelenskiy, Cumhurba\u015fkan\u0131 Recep Tayyip Erdo\u011fan ile Ankara&#8217;da yapt\u0131\u011f\u0131 g\u00f6r\u00fc\u015fmenin ard\u0131ndan, ABD merkezli X \u015firketinin sosyal medya platformundaki hesab\u0131ndan payla\u015f\u0131m yapt\u0131.<\/p>\n<p>Payla\u015f\u0131mda, Erdo\u011fan ile g\u00f6r\u00fc\u015fmesinin verimli ge\u00e7ti\u011fini aktaran Zelenskiy, &#8220;Ayr\u0131ca diplomasideki durumu ele ald\u0131k. T\u00fcm \u00e7al\u0131\u015fmalar\u0131, onurlu bir bar\u0131\u015fa ve garanti alt\u0131nda g\u00fcvenli\u011fe y\u00f6nlendirmeyi hedefliyoruz.&#8221; ifadesine yer verdi.<\/p>\n<p>Zelenskiy, bar\u0131\u015f\u0131n ve g\u00fcvenli\u011fin garanti alt\u0131na al\u0131nmas\u0131 gerekti\u011fi konusunda T\u00fcrkiye ile ayn\u0131 g\u00f6r\u00fc\u015f\u00fcn payla\u015f\u0131ld\u0131\u011f\u0131n\u0131 vurgulad\u0131.<\/p>\n<p>&#8220;T\u00fcm ortaklar\u0131m\u0131zla yak\u0131n koordinasyon ve \u00e7abalar\u0131m\u0131z\u0131 s\u00fcrd\u00fcrece\u011fiz.&#8221; ifadesini kullanan Zelenskiy ayr\u0131ca, yeni y\u0131la kadar sava\u015f esirlerinin takas\u0131n\u0131n sa\u011flanmas\u0131 ve Ukraynal\u0131 sava\u015f esirlerinin, Rusya taraf\u0131ndan al\u0131konulan Ukraynal\u0131 sivillerin ve ka\u00e7\u0131r\u0131lan Ukraynal\u0131 \u00e7ocuklar\u0131n yurda d\u00f6nmesi i\u00e7in \u00e7al\u0131\u015f\u0131ld\u0131\u011f\u0131n\u0131 belirtti.<\/p>\n<p>Zelenskiy, &#8220;Herkes, Karadeniz&#8217;de g\u00fcvenli\u011fin ne kadar \u00f6nemli oldu\u011funu biliyor ve bu g\u00fcvenli\u011fi ancak T\u00fcrkiye ile sa\u011flayabiliriz. Bu destek i\u00e7in, T\u00fcrkiye&#8217;ye ve \u015fahsen Cumhurba\u015fkan\u0131 (Recep Tayyip) Erdo\u011fan&#8217;a minnettar\u0131m. Aram\u0131zdaki ve milletlerimiz aras\u0131ndaki g\u00fcvene de\u011fer veriyor ve T\u00fcrk diplomasisinin g\u00fcc\u00fcne g\u00fcveniyoruz.&#8221; ifadelerine yer verdi.<\/p>\n\n<p><\/p>\n<p>Kaynak :\u00a0<span style=\"background-color: rgb(255, 249, 236); color: rgb(55, 58, 60); font-size: 14px;\">http:\/\/www.milliyet.com.tr\/gundem\/zelenskiy-karadenizde-guvenlik-ancak-turkiye-ile-saglanabilir-7486393<\/span><\/p>\n","protected":false},"excerpt":{"rendered":"<p>Ukrayna Devlet Ba\u015fkan\u0131 Zelenskiy, Karadeniz&#8217;de g\u00fcvenli\u011fin ancak T\u00fcrkiye ile sa\u011flanabilece\u011fini belirtti. \u0130\u015fte o detaylar&#8230;<\/p>\n","protected":false},"author":1,"featured_media":140940,"comment_status":"open","ping_status":"open","sticky":false,"template":"","format":"standard","meta":{"footnotes":""},"categories":[3],"tags":[4894,221,9466],"class_list":["post-140939","post","type-post","status-publish","format-standard","has-post-thumbnail","hentry","category-guncel","tag-guvenligi","tag-turk","tag-zelenskiy"],"_links":{"self":[{"href":"https:\/\/kamucalisani.net\/index.php\/wp-json\/wp\/v2\/posts\/140939","targetHints":{"allow":["GET"]}}],"collection":[{"href":"https:\/\/kamucalisani.net\/index.php\/wp-json\/wp\/v2\/posts"}],"about":[{"href":"https:\/\/kamucalisani.net\/index.php\/wp-json\/wp\/v2\/types\/post"}],"author":[{"embeddable":true,"href":"https:\/\/kamucalisani.net\/index.php\/wp-json\/wp\/v2\/users\/1"}],"replies":[{"embeddable":true,"href":"https:\/\/kamucalisani.net\/index.php\/wp-json\/wp\/v2\/comments?post=140939"}],"version-history":[{"count":1,"href":"https:\/\/kamucalisani.net\/index.php\/wp-json\/wp\/v2\/posts\/140939\/revisions"}],"predecessor-version":[{"id":140941,"href":"https:\/\/kamucalisani.net\/index.php\/wp-json\/wp\/v2\/posts\/140939\/revisions\/140941"}],"wp:featuredmedia":[{"embeddable":true,"href":"https:\/\/kamucalisani.net\/index.php\/wp-json\/wp\/v2\/media\/140940"}],"wp:attachment":[{"href":"https:\/\/kamucalisani.net\/index.php\/wp-json\/wp\/v2\/media?parent=140939"}],"wp:term":[{"taxonomy":"category","embeddable":true,"href":"https:\/\/kamucalisani.net\/index.php\/wp-json\/wp\/v2\/categories?post=140939"},{"taxonomy":"post_tag","embeddable":true,"href":"https:\/\/kamucalisani.net\/index.php\/wp-json\/wp\/v2\/tags?post=140939"}],"curies":[{"name":"wp","href":"https:\/\/api.w.org\/{rel}","templated":true}]}}