{"id":140949,"date":"2025-11-19T19:18:12","date_gmt":"2025-11-19T19:18:12","guid":{"rendered":"https:\/\/kamucalisani.net\/?p=140949"},"modified":"2025-11-19T19:18:12","modified_gmt":"2025-11-19T19:18:12","slug":"fatihte-bir-zehirlenme-vakasi-daha-hollandadan-gelen-2-kiz-kardes-hastaneye-kaldirildi","status":"publish","type":"post","link":"https:\/\/kamucalisani.net\/index.php\/2025\/11\/19\/fatihte-bir-zehirlenme-vakasi-daha-hollandadan-gelen-2-kiz-kardes-hastaneye-kaldirildi\/","title":{"rendered":"Fatih&#8217;te bir zehirlenme vakas\u0131 daha! Hollanda&#8217;dan gelen 2 k\u0131z karde\u015f hastaneye kald\u0131r\u0131ld\u0131"},"content":{"rendered":"<p><p>Hollanda&#8217;dan T\u00fcrkiye&#8217;ye 17 Kas\u0131m&#8217;da gelen Emine O. (15) ve Sadeg\u00fcl O. (29), d\u00fcn \u0130stanbul&#8217;un farkl\u0131 noktalar\u0131nda \u00e7e\u015fitli yiyecekler t\u00fckettikten sonra bug\u00fcn mide bulant\u0131s\u0131, kusma ve ishal \u015fikayetiyle \u0130stanbul \u00dcniversitesi T\u0131p Fak\u00fcltesi Hastanesi&#8217;nin Acil Servisi&#8217;ne ba\u015fvurdu.<\/p>\n<p>Burada yap\u0131lan kontrollerin ard\u0131ndan Sadeg\u00fcl O. taburcu edilirken, Emine O&#8217;nun \u00c7ocuk Acil Servisi&#8217;nde tedbir ama\u00e7l\u0131 tedavisi s\u00fcr\u00fcyor.<\/p>\n<section>\n<div>\n<div>\n<div>\n<div>\n<div><img decoding=\"async\" src=\"https:\/\/kamucalisani.net\/wp-content\/uploads\/2025\/11\/fatihte-bir-zehirlenme-vakasi-daha-hollandadan-gelen-2-kiz-kardes-hastaneye-kaldirildi-0-Dkz4y46b.jpg\"\/><\/img><\/div>\n<div><span><span><b>1\/<\/b><em>7<\/em><\/span><\/span><\/div>\n<\/div>\n<div>\n<div><img decoding=\"async\" src=\"https:\/\/kamucalisani.net\/wp-content\/uploads\/2025\/11\/fatihte-bir-zehirlenme-vakasi-daha-hollandadan-gelen-2-kiz-kardes-hastaneye-kaldirildi-1-tftp2CkM.jpg\"\/><\/img><\/div>\n<div><span><span><b>2\/<\/b><em>7<\/em><\/span><\/span><\/div>\n<\/div>\n<div>\n<div><img decoding=\"async\" src=\"https:\/\/kamucalisani.net\/wp-content\/uploads\/2025\/11\/fatihte-bir-zehirlenme-vakasi-daha-hollandadan-gelen-2-kiz-kardes-hastaneye-kaldirildi-2-WQUGcSYK.jpg\"\/><\/img><\/div>\n<div><span><span><b>3\/<\/b><em>7<\/em><\/span><\/span><\/div>\n<\/div>\n<div>\n<div><img decoding=\"async\" src=\"https:\/\/kamucalisani.net\/wp-content\/uploads\/2025\/11\/fatihte-bir-zehirlenme-vakasi-daha-hollandadan-gelen-2-kiz-kardes-hastaneye-kaldirildi-3-xwugPPFY.jpg\"\/><\/img><\/div>\n<div><span><span><b>4\/<\/b><em>7<\/em><\/span><\/span><\/div>\n<\/div>\n<div>\n<div><img decoding=\"async\" src=\"https:\/\/kamucalisani.net\/wp-content\/uploads\/2025\/11\/fatihte-bir-zehirlenme-vakasi-daha-hollandadan-gelen-2-kiz-kardes-hastaneye-kaldirildi-4-LTMrlIV3.jpg\"\/><\/img><\/div>\n<div><span><span><b>5\/<\/b><em>7<\/em><\/span><\/span><\/div>\n<\/div>\n<div>\n<div><img decoding=\"async\" src=\"https:\/\/kamucalisani.net\/wp-content\/uploads\/2025\/11\/fatihte-bir-zehirlenme-vakasi-daha-hollandadan-gelen-2-kiz-kardes-hastaneye-kaldirildi-5-qFd93JkI.jpg\"\/><\/img><\/div>\n<div><span><span><b>6\/<\/b><em>7<\/em><\/span><\/span><\/div>\n<\/div>\n<div>\n<div><img decoding=\"async\" src=\"https:\/\/kamucalisani.net\/wp-content\/uploads\/2025\/11\/fatihte-bir-zehirlenme-vakasi-daha-hollandadan-gelen-2-kiz-kardes-hastaneye-kaldirildi-6-7VseyGbP.jpg\"\/><\/img><\/div>\n<div><span><span><b>7\/<\/b><em>7<\/em><\/span><\/span><\/div>\n<\/div>\n<\/div>\n<\/div>\n<\/div>\n<\/section>\n<p>\u00a0<\/p>\n<p>\u00a0<\/p>\n<p>\u00a0<\/p>\n<p>\u00a0<\/p>\n\n<p><\/p>\n<p>Kaynak :\u00a0<span style=\"background-color: rgb(255, 249, 236); color: rgb(55, 58, 60); font-size: 14px;\">http:\/\/www.milliyet.com.tr\/gundem\/fatihte-bir-zehirlenme-vakasi-daha-hollandadan-gelen-2-kiz-kardes-hastaneye-kaldirildi-7486394<\/span><\/p>\n","protected":false},"excerpt":{"rendered":"<p>Hollanda&#8217;dan iki g\u00fcn \u00f6nce turistik ama\u00e7la \u0130stanbul&#8217;a gelen 29 ya\u015f\u0131ndaki Sadeg\u00fcl O. ve 15 ya\u015f\u0131ndaki karde\u015fi Emine O., \u015fehirde yedikleri \u00e7e\u015fitli yiyecekler sonras\u0131nda mide bulant\u0131s\u0131, kusma ve ishal \u015fikayetleriyle hastaneye ba\u015fvurdu. \u0130ki karde\u015ften biri taburcu edilirken, Emine O.&#8217;nun \u00c7ocuk Acil Servisi&#8217;nde tedbir ama\u00e7l\u0131 tedavisi devam ediyor.<\/p>\n","protected":false},"author":1,"featured_media":140950,"comment_status":"open","ping_status":"open","sticky":false,"template":"","format":"standard","meta":{"footnotes":""},"categories":[3],"tags":[],"class_list":["post-140949","post","type-post","status-publish","format-standard","has-post-thumbnail","hentry","category-guncel"],"_links":{"self":[{"href":"https:\/\/kamucalisani.net\/index.php\/wp-json\/wp\/v2\/posts\/140949","targetHints":{"allow":["GET"]}}],"collection":[{"href":"https:\/\/kamucalisani.net\/index.php\/wp-json\/wp\/v2\/posts"}],"about":[{"href":"https:\/\/kamucalisani.net\/index.php\/wp-json\/wp\/v2\/types\/post"}],"author":[{"embeddable":true,"href":"https:\/\/kamucalisani.net\/index.php\/wp-json\/wp\/v2\/users\/1"}],"replies":[{"embeddable":true,"href":"https:\/\/kamucalisani.net\/index.php\/wp-json\/wp\/v2\/comments?post=140949"}],"version-history":[{"count":1,"href":"https:\/\/kamucalisani.net\/index.php\/wp-json\/wp\/v2\/posts\/140949\/revisions"}],"predecessor-version":[{"id":140958,"href":"https:\/\/kamucalisani.net\/index.php\/wp-json\/wp\/v2\/posts\/140949\/revisions\/140958"}],"wp:featuredmedia":[{"embeddable":true,"href":"https:\/\/kamucalisani.net\/index.php\/wp-json\/wp\/v2\/media\/140950"}],"wp:attachment":[{"href":"https:\/\/kamucalisani.net\/index.php\/wp-json\/wp\/v2\/media?parent=140949"}],"wp:term":[{"taxonomy":"category","embeddable":true,"href":"https:\/\/kamucalisani.net\/index.php\/wp-json\/wp\/v2\/categories?post=140949"},{"taxonomy":"post_tag","embeddable":true,"href":"https:\/\/kamucalisani.net\/index.php\/wp-json\/wp\/v2\/tags?post=140949"}],"curies":[{"name":"wp","href":"https:\/\/api.w.org\/{rel}","templated":true}]}}