{"id":140969,"date":"2025-11-19T19:42:10","date_gmt":"2025-11-19T19:42:10","guid":{"rendered":"https:\/\/kamucalisani.net\/?p=140969"},"modified":"2025-11-19T19:42:10","modified_gmt":"2025-11-19T19:42:10","slug":"cumhurbaskani-yardimcisi-yilmaz-romanya-milli-gunu-programinda-konustu","status":"publish","type":"post","link":"https:\/\/kamucalisani.net\/index.php\/2025\/11\/19\/cumhurbaskani-yardimcisi-yilmaz-romanya-milli-gunu-programinda-konustu\/","title":{"rendered":"Cumhurba\u015fkan\u0131 Yard\u0131mc\u0131s\u0131 Y\u0131lmaz, Romanya Milli G\u00fcn\u00fc Program\u0131&#8217;nda konu\u015ftu"},"content":{"rendered":"<p><p>Y\u0131lmaz, Romanya&#8217;n\u0131n Ankara B\u00fcy\u00fckel\u00e7ili\u011fince bir otelde d\u00fczenlenen Romanya Milli G\u00fcn\u00fc Program\u0131&#8217;na kat\u0131ld\u0131.<\/p>\n<p>Burada konu\u015fan Y\u0131lmaz, T\u00fcrkiye ile Romanya aras\u0131ndaki ili\u015fkilerin uzun y\u0131llara dayanan bir dostlu\u011fun \u00fczerine bina edildi\u011fini ifade etti.<\/p>\n<p>Bu dostlu\u011fun bug\u00fcn de ayn\u0131 samimiyetle, kar\u015f\u0131l\u0131kl\u0131 g\u00fcven temelinde g\u00fc\u00e7lenerek devam etti\u011fini belirten Y\u0131lmaz, &#8220;\u0130ki \u00fclke olarak g\u00fcvenlikten ticarete, enerjiden ba\u011flant\u0131sall\u0131\u011fa, k\u00fclt\u00fcrden e\u011fitime uzanan geni\u015f bir yelpazede i\u015fbirli\u011fimizi ilerletme azmindeyiz. Her iki taraf da bu do\u011frultuda g\u00fc\u00e7l\u00fc bir irade ve kararl\u0131l\u0131k sergilemektedir. Ayr\u0131ca Avrupa-Atlantik kurumlar\u0131 i\u00e7inde m\u00fcttefiklik ruhuyla y\u00fcr\u00fctt\u00fc\u011f\u00fcm\u00fcz yak\u0131n i\u015f birli\u011fi, ikili ili\u015fkilerimizin stratejik mahiyetini daha da peki\u015ftirmektedir.&#8221; diye konu\u015ftu.<\/p>\n<div>\n<div><img decoding=\"async\" src=\"https:\/\/kamucalisani.net\/wp-content\/uploads\/2025\/11\/cumhurbaskani-yardimcisi-yilmaz-romanya-milli-gunu-programinda-konustu-0-bGJuWLK9.jpg\"\/><\/img><\/div>\n<\/div>\n<p><strong>&#8220;KAR\u015eILIKLI Z\u0130YARETLER, S\u0130YAS\u0130 \u0130L\u0130\u015eK\u0130LERDEK\u0130 Y\u00dcKSEK \u0130VMEN\u0130N S\u00dcRD\u00dc\u011e\u00dcN\u00dcN G\u00d6STERGES\u0130D\u0130R&#8221;<\/strong><\/p>\n<p>T\u00fcrkiye-Romanya ili\u015fkileri bak\u0131m\u0131ndan son derece verimli ve anlaml\u0131 bir y\u0131l\u0131 geride b\u0131rakt\u0131klar\u0131n\u0131 a\u00e7\u0131klayan Y\u0131lmaz, &#8220;Giderek artan kar\u015f\u0131l\u0131kl\u0131 ziyaretler, ikili siyasi ili\u015fkilerimizdeki y\u00fcksek ivmenin s\u00fcrd\u00fc\u011f\u00fcn\u00fcn \u00f6nemli bir g\u00f6stergesidir. Ge\u00e7ti\u011fimiz y\u0131l ihdas edilen Y\u00fcksek D\u00fczeyli Stratejik \u0130\u015fbirli\u011fi Konseyi mekanizmas\u0131n\u0131n ikinci toplant\u0131s\u0131n\u0131n \u00f6n\u00fcm\u00fczdeki d\u00f6nemde B\u00fckre\u015f&#8217;te d\u00fczenlenmesi i\u00e7in ortak \u00e7al\u0131\u015fmalar\u0131m\u0131z s\u00fcrmektedir. Bu mekanizma, ili\u015fkilerimizin t\u00fcm boyutlar\u0131n\u0131n e\u015fg\u00fcd\u00fcml\u00fc \u015fekilde ilerletilmesi a\u00e7\u0131s\u0131ndan \u00f6nemli bir \u00e7at\u0131 i\u015flevi g\u00f6rmektedir.&#8221; de\u011ferlendirmesinde bulundu.<\/p>\n<p>Romanya&#8217;n\u0131n bug\u00fcn T\u00fcrkiye&#8217;nin G\u00fcneydo\u011fu Avrupa&#8217;daki en b\u00fcy\u00fck ticaret orta\u011f\u0131 oldu\u011funu aktaran Y\u0131lmaz, &#8220;2024&#8217;te 10 milyar dolar\u0131 a\u015fan ikili ticaret hacmimizin bu y\u0131l 13 milyar dolar seviyesine y\u00fckselmesini bekliyoruz. Bir sonraki hedefimiz ise 15 milyar dolard\u0131r. Romanya&#8217;daki T\u00fcrk sermayesinin varl\u0131\u011f\u0131 8 milyar dolar civar\u0131ndad\u0131r. T\u00fcrk yat\u0131r\u0131mc\u0131lar\u0131n Romanya&#8217;ya duydu\u011fu ilgi ve g\u00fcven, her ge\u00e7en g\u00fcn artarak devam ediyor.&#8221; dedi.<\/p>\n<div>\n<div><img decoding=\"async\" src=\"https:\/\/kamucalisani.net\/wp-content\/uploads\/2025\/11\/cumhurbaskani-yardimcisi-yilmaz-romanya-milli-gunu-programinda-konustu-1-mvDwOhDM.jpg\"\/><\/img><\/div>\n<\/div>\n<p><strong>&#8220;B\u00d6LGEM\u0130ZDE \u0130ST\u0130KRARIN MUHAFAZASI \u0130\u00c7\u0130N SARF ETT\u0130\u011e\u0130M\u0130Z \u00c7ABALAR KARARLILIKLA S\u00dcRMEKTED\u0130R&#8221;<\/strong><\/p>\n<p>\u0130kili ili\u015fkilerdeki m\u00fcspet seyrin b\u00f6lgesel i\u015fbirliklerle peki\u015fti\u011fini s\u00f6yleyen Y\u0131lmaz, \u015f\u00f6yle devam etti:<\/p>\n<p>&#8220;Ba\u015fta Karadeniz&#8217;de olmak \u00fczere, b\u00f6lgemizde bar\u0131\u015f\u0131n, istikrar\u0131n ve refah\u0131n muhafazas\u0131 i\u00e7in m\u00fc\u015ftereken sarf etti\u011fimiz \u00e7abalar kararl\u0131l\u0131kla s\u00fcrmektedir. Bulgaristan&#8217;la birlikte Karadeniz&#8217;e k\u0131y\u0131da\u015f NATO m\u00fcttefikleri olarak ge\u00e7ti\u011fimiz y\u0131l faaliyete ge\u00e7en ve son olarak 7&#8217;nci aktivasyonu icra edilen &#8216;Karadeniz&#8217;de May\u0131n Kar\u015f\u0131 Tedbirleri G\u00f6rev Grubu&#8217; bunun somut bir tezah\u00fcr\u00fcd\u00fcr. Ukrayna&#8217;daki sava\u015f\u0131n b\u00f6lgesel g\u00fcvenlik dengelerini derinden etkiledi\u011fi bir d\u00f6nemde, Karadeniz&#8217;in g\u00fcvenli\u011fi ve deniz ula\u015ft\u0131rma hatlar\u0131n\u0131n korunmas\u0131 y\u00f6n\u00fcndeki ortak \u00e7al\u0131\u015fmalar\u0131m\u0131z b\u00fcy\u00fck \u00f6nem arz ediyor.&#8221;<\/p>\n<p>\u0130li\u015fkilerin en de\u011ferli boyutlar\u0131ndan birinin de insani ve k\u00fclt\u00fcrel ba\u011flar oldu\u011funun alt\u0131n\u0131 \u00e7izen Y\u0131lmaz, &#8220;Romanya&#8217;da as\u0131rlard\u0131r varl\u0131klar\u0131n\u0131 s\u00fcrd\u00fcren T\u00fcrk ve Tatar topluluklar\u0131, iki \u00fclke aras\u0131ndaki dostlu\u011fun canl\u0131 bir k\u00f6pr\u00fcs\u00fc, ortak tarihimizin en k\u0131ymetli emanetidir.&#8221; dedi.<\/p>\n<p>Programa Milli Savunma Bakan\u0131 Ya\u015far G\u00fcler ile \u00e7ok say\u0131da yerli ve yabanc\u0131 misyon temsilcisi kat\u0131ld\u0131.<\/p>\n\n<p><\/p>\n<p>Kaynak :\u00a0<span style=\"background-color: rgb(255, 249, 236); color: rgb(55, 58, 60); font-size: 14px;\">http:\/\/www.milliyet.com.tr\/gundem\/cumhurbaskani-yardimcisi-yilmaz-romanya-milli-gunu-programinda-konustu-7486400<\/span><\/p>\n","protected":false},"excerpt":{"rendered":"<p>Cumhurba\u015fkan\u0131 Yard\u0131mc\u0131s\u0131 Cevdet Y\u0131lmaz, T\u00fcrkiye ve Romanya olarak g\u00fcvenlikten ticarete, enerjiden ba\u011flant\u0131sall\u0131\u011fa, k\u00fclt\u00fcrden e\u011fitime uzanan geni\u015f bir yelpazede i\u015fbirli\u011fini ilerletme azminde olduklar\u0131n\u0131 s\u00f6yledi.<\/p>\n","protected":false},"author":1,"featured_media":140970,"comment_status":"open","ping_status":"open","sticky":false,"template":"","format":"standard","meta":{"footnotes":""},"categories":[3],"tags":[6240,211,2057,221,238],"class_list":["post-140969","post","type-post","status-publish","format-standard","has-post-thumbnail","hentry","category-guncel","tag-iliskileri","tag-is","tag-romanya","tag-turk","tag-yilmaz"],"_links":{"self":[{"href":"https:\/\/kamucalisani.net\/index.php\/wp-json\/wp\/v2\/posts\/140969","targetHints":{"allow":["GET"]}}],"collection":[{"href":"https:\/\/kamucalisani.net\/index.php\/wp-json\/wp\/v2\/posts"}],"about":[{"href":"https:\/\/kamucalisani.net\/index.php\/wp-json\/wp\/v2\/types\/post"}],"author":[{"embeddable":true,"href":"https:\/\/kamucalisani.net\/index.php\/wp-json\/wp\/v2\/users\/1"}],"replies":[{"embeddable":true,"href":"https:\/\/kamucalisani.net\/index.php\/wp-json\/wp\/v2\/comments?post=140969"}],"version-history":[{"count":1,"href":"https:\/\/kamucalisani.net\/index.php\/wp-json\/wp\/v2\/posts\/140969\/revisions"}],"predecessor-version":[{"id":140973,"href":"https:\/\/kamucalisani.net\/index.php\/wp-json\/wp\/v2\/posts\/140969\/revisions\/140973"}],"wp:featuredmedia":[{"embeddable":true,"href":"https:\/\/kamucalisani.net\/index.php\/wp-json\/wp\/v2\/media\/140970"}],"wp:attachment":[{"href":"https:\/\/kamucalisani.net\/index.php\/wp-json\/wp\/v2\/media?parent=140969"}],"wp:term":[{"taxonomy":"category","embeddable":true,"href":"https:\/\/kamucalisani.net\/index.php\/wp-json\/wp\/v2\/categories?post=140969"},{"taxonomy":"post_tag","embeddable":true,"href":"https:\/\/kamucalisani.net\/index.php\/wp-json\/wp\/v2\/tags?post=140969"}],"curies":[{"name":"wp","href":"https:\/\/api.w.org\/{rel}","templated":true}]}}