{"id":141004,"date":"2025-11-19T20:54:13","date_gmt":"2025-11-19T20:54:13","guid":{"rendered":"https:\/\/kamucalisani.net\/?p=141004"},"modified":"2025-11-19T20:54:13","modified_gmt":"2025-11-19T20:54:13","slug":"gardi-osimhenin-transfer-surecini-anlatti-kariyerimin-en-uzun-saatleriydi","status":"publish","type":"post","link":"https:\/\/kamucalisani.net\/index.php\/2025\/11\/19\/gardi-osimhenin-transfer-surecini-anlatti-kariyerimin-en-uzun-saatleriydi\/","title":{"rendered":"Gardi, Osimhen&#8217;in transfer s\u00fcrecini anlatt\u0131: Kariyerimin en uzun saatleriydi"},"content":{"rendered":"<p><p>Galatasaray&#8217;\u0131n transferlerinde b\u00fcy\u00fck rol oynayan George Gardi, Sky Sport muhabiri Florian Plettenberg, ile r\u00f6portaj ger\u00e7ekle\u015ftirdi.<\/p>\n<div>\n<div><img decoding=\"async\" src=\"https:\/\/kamucalisani.net\/wp-content\/uploads\/2025\/11\/gardi-osimhenin-transfer-surecini-anlatti-kariyerimin-en-uzun-saatleriydi-0-hdJ9jhQ9.jpg\"\/><\/img><\/div>\n<\/div>\n<p><strong>\u00a0&#8216;ICARD\u0130&#8217;Y\u0130 SAATLERCE \u0130KNA \u0130\u00c7\u0130N \u00c7ALI\u015eTIM&#8217;<\/strong><\/p>\n<p>Icardi&#8217;nin kiral\u0131k olarak geldi\u011fi sezon evinde saatlerce ikna etmeye \u00e7al\u0131\u015ft\u0131\u011f\u0131n\u0131 belirten Gardi, &#8220;Bu transfer son derece \u00f6nemliydi. Onu kiral\u0131k olarak, kiralama \u00fccreti olmadan, maa\u015f\u0131n\u0131n b\u00fcy\u00fck k\u0131sm\u0131 Paris Saint-Germain taraf\u0131ndan kar\u015f\u0131lanarak getirmek kul\u00fcp i\u00e7in ola\u011fan\u00fcst\u00fc olumlu bir durumdu. Transfer d\u00f6neminin son g\u00fcnlerini hat\u0131rl\u0131yorum. Icardi\u2019nin evindeydim ve D\u00fcnya Kupas\u0131 yakla\u015ft\u0131\u011f\u0131 i\u00e7in sezonun k\u0131sa bir b\u00f6l\u00fcm olmas\u0131 sebebiyle gelmemeye, PSG\u2019de kalmaya karar vermi\u015fti. De\u011fi\u015fmek istemiyordu. Evinde alt\u0131 yedi saat kald\u0131m ve ona, gelmeden oradan ayr\u0131lmayaca\u011f\u0131m\u0131 s\u00f6yledim. Sonunda onu ikna etmeyi ba\u015fard\u0131k. Birlikte \u0130stanbul\u2019a u\u00e7tuk. Bu transferi vizyoner bir transfer olarak tan\u0131mlayabilirim.&#8221; dedi.<\/p>\n<p>Arjantinli y\u0131ld\u0131za Suudi ekibinden gelen devasa teklifi duyuran ba\u015far\u0131l\u0131 menajer, &#8220;Icardi, \u00e7o\u011fu taraftar taraf\u0131ndan sevilen bir oyuncu. 2023 yaz\u0131nda Suudi Arabistan\u2019dan \u00fc\u00e7 y\u0131l i\u00e7in net 120 milyon Euro&#8217;yu a\u015fan bir teklifi reddetti. Taraftarlardan g\u00f6rd\u00fc\u011f\u00fc sevgi y\u00fcz\u00fcnden. Kul\u00fcpte kalmaya karar verdi ve kesinlikle kul\u00fcb\u00fcn yak\u0131n tarihinin en b\u00fcy\u00fck oyuncular\u0131ndan biri. Gelece\u011fi a\u00e7\u0131k. S\u00f6zle\u015fmesi sezon sonunda bitiyor ve kul\u00fcb\u00fcn onun gelece\u011fi i\u00e7in en do\u011fru karar\u0131 verece\u011finden eminim. Ne kararla\u015ft\u0131r\u0131l\u0131rsa kararla\u015ft\u0131r\u0131ls\u0131n, do\u011fru olacakt\u0131r.&#8221; ifadelerini kulland\u0131.<\/p>\n<div>\n<div><img decoding=\"async\" src=\"https:\/\/kamucalisani.net\/wp-content\/uploads\/2025\/11\/gardi-osimhenin-transfer-surecini-anlatti-kariyerimin-en-uzun-saatleriydi-1-euN3pFA1.jpg\"\/><\/img><\/div>\n<\/div>\n<p><strong>&#8216;LEROY SANE \u0130\u00c7\u0130N B\u00dcY\u00dcK KARARDI&#8217;<\/strong><\/p>\n<p>Leroy Sane&#8217;yi transfer etmek i\u00e7in \u00e7ok \u00f6nceden \u00e7al\u0131\u015fmalara ba\u015flad\u0131klar\u0131n\u0131 itiraf eden Gardi, &#8220;Bu fikir, transfer d\u00f6nemi ba\u015flamadan \u00e7ok \u00e7ok \u00f6nce ortaya \u00e7\u0131kt\u0131. Bu oyuncunun, tak\u0131m\u0131 bir \u00fcst seviyeye \u00e7\u0131karmak i\u00e7in gerekli oldu\u011funu biliyordum. \u00d6n\u00fcm\u00fczdeki sezonun in\u015fas\u0131 i\u00e7in kilit bir oyuncuydu. Aylar \u00f6nce g\u00f6r\u00fc\u015fmelere ba\u015flad\u0131\u011f\u0131mda \u00f6nce o zamanki menajerleriyle g\u00f6r\u00fc\u015ft\u00fcm. Sonra menajer de\u011fi\u015fikli\u011fi oldu ve yeni menajerlerle devam ettim. Elbette zordu. \u0130ngiltere ve Almanya\u2019dan \u00fcst d\u00fczey kul\u00fcplerden teklifler ald\u0131. Suudi Arabistan\u2019dan dev bir teklif ald\u0131. Yakla\u015fan Kul\u00fcpler D\u00fcnya Kupas\u0131 nedeniyle kariyeri i\u00e7in b\u00fcy\u00fck bir karard\u0131.&#8221; s\u00f6zlerini sarf etti.<\/p>\n<p>Sane&#8217;yi erkenden tak\u0131ma katmalar\u0131n\u0131n transfer piyasas\u0131na bir mesaj oldu\u011funu belirten Gardi, &#8220;Menajerleriyle ve kendisiyle \u00e7ok konu\u015ftum. Ona, Galatasaray\u2019\u0131n lider oyunculardan biri olabilece\u011fi bir yer olaca\u011f\u0131n\u0131 s\u00f6yledim. Sisteme m\u00fckemmel uyaca\u011f\u0131n\u0131, b\u00fcy\u00fck duygular ve b\u00fcy\u00fck tatmin ya\u015fayabilece\u011fi, hatta belki de kul\u00fcb\u00fcn daha \u00f6nce ba\u015faramad\u0131\u011f\u0131 bir \u015feyi Avrupa\u2019da kazanma f\u0131rsat\u0131n\u0131n olabilece\u011fi bir ortam oldu\u011funu anlatt\u0131m. Y\u00f6netim kuruluna ve ba\u015fkana bu transferi \u00e7ok erken bitirmemiz gerekti\u011fini a\u00e7\u0131klad\u0131m. E\u011fer \u00e7ok bekleseydik, rekabet artacak ve onu almak neredeyse imkans\u0131z olacakt\u0131. Bu y\u00fczden Kul\u00fcpler D\u00fcnya Kupas\u0131\u2019ndan \u00f6nce anla\u015fmay\u0131 bitirmekte \u0131srar ettim. Bayern ile ABD turunda ve Kul\u00fcpler D\u00fcnya Kupas\u0131\u2019nda yer al\u0131yordu. Galatasaray i\u00e7in ve genel olarak T\u00fcrk futbolu i\u00e7in bu kadar b\u00fcy\u00fck bir oyuncuyu transfer d\u00f6neminin ba\u015f\u0131nda almak tamamen al\u0131\u015f\u0131lmad\u0131k bir durumdu. Normalde bu oyuncular genelde k\u0131\u015f\u0131n gelir. B\u00f6yle bir oyuncuyu bu kadar erken almak, transfer piyasas\u0131na \u00e7ok g\u00fc\u00e7l\u00fc bir mesaj verdi. Belirleyici nokta, kul\u00fcpte \u00fcstlenece\u011fi rold\u00fc. Tak\u0131m, onun \u00f6zelliklerine sahip bir oyuncuya ihtiya\u00e7 duyuyordu. Teknik direkt\u00f6rle yapt\u0131\u011f\u0131 g\u00f6r\u00fc\u015fmeler, ona tak\u0131m i\u00e7in ne kadar \u00f6nemli oldu\u011funu \u00e7ok net bir \u015fekilde g\u00f6sterdi. Ve elbette taraftarlar\u0131n sevgisi, ki bunu ba\u015fka hi\u00e7bir yerde bulamazd\u0131. Bu kadar ikonik oyuncular\u0131n transferlerini sonu\u00e7land\u0131rmak, b\u00f6ylesine b\u00fcy\u00fck rekabete ra\u011fmen kariyerlerinin zirvesindeyken \u00fcstelik transfer d\u00f6neminin ba\u015f\u0131nda kul\u00fcp, ba\u015fkan, ba\u015fkan yard\u0131mc\u0131s\u0131 ve teknik direkt\u00f6r i\u00e7in b\u00fcy\u00fck bir ba\u015far\u0131yd\u0131. B\u00f6yle \u00f6nemli bir oyuncuyu almak i\u00e7in ekip olarak harika bir \u00e7al\u0131\u015fma y\u00fcr\u00fctt\u00fck. Ve umar\u0131m gelecekte yine b\u00f6yle transferler ger\u00e7ekle\u015ftirece\u011fiz.&#8221; dedi.<\/p>\n<div>\n<div><img decoding=\"async\" src=\"https:\/\/kamucalisani.net\/wp-content\/uploads\/2025\/11\/gardi-osimhenin-transfer-surecini-anlatti-kariyerimin-en-uzun-saatleriydi-2-rRrDz9Rr.jpg\"\/><\/img><\/div>\n<\/div>\n<p><strong>OS\u0130MHEN&#8217;\u0130N PAZARLIK S\u00dcREC\u0130N\u0130 ANLATTI<\/strong><\/p>\n<p>Osimhen&#8217;i ikna s\u00fcrecini ve Napoli ile pazarl\u0131\u011f\u0131 anlatan Gardi, &#8220;Napoli\u2019deki serbest kalma maddesini 100 milyon Euro&#8217;nun \u00fczerinden 75 milyona d\u00fc\u015f\u00fcrd\u00fcm. Victor\u2019u s\u00f6zle\u015fmesini bir y\u0131l uzatmaya ikna ederek b\u00f6ylece kiral\u0131k transferin yolu a\u00e7\u0131ld\u0131. Bir\u00e7ok sorun vard\u0131. Hat\u0131rl\u0131yorum, havaliman\u0131ndayd\u0131k. UEFA listesi ertesi g\u00fcn bildirilecekti. Napoli taraf\u0131nda s\u00f6zle\u015fme sorunlar\u0131 vard\u0131 ve Victor ger\u00e7ekten gidip gitmemekte karars\u0131zd\u0131. Havaliman\u0131nda iki saat konu\u015ftuk. Bu iki saat kariyerimin muhtemelen en uzun saatleriydi. Ama onu ikna edebildim ve birlikte geldik. \u0130stanbul\u2019da binlerce taraftar onu bekliyordu. Ba\u015f\u0131ndan beri Galatasaray\u2019a gelme konusunda b\u00fcy\u00fck bir kararl\u0131l\u0131\u011f\u0131 vard\u0131. Kul\u00fcbe b\u00fcy\u00fck sayg\u0131 duyuyor, bu kilit fakt\u00f6rd\u00fc. Bir y\u0131l sonra madde 75 milyon oldu\u011funda piyasan\u0131n tamamen de\u011fi\u015fti\u011fini s\u00f6ylemek gerek. Di\u011fer forvetlerin rakamlar\u0131na bakarsan\u0131z, bir\u00e7ok transferde \u00e7ok daha fazla para \u00f6dendi.&#8221; ifadelerini kulland\u0131.<\/p>\n<p>Osimhen&#8217;in gelen t\u00fcm tekliflere ra\u011fmen sadece Galatasaray&#8217;\u0131 se\u00e7ti\u011finin alt\u0131n\u0131 \u00e7izen Gardi, D\u00fcnyan\u0131n en iyi dokuz numaralar\u0131ndan birinden bahsediyoruz. Onu 75 milyona almak, \u00e7ok iyi bir ekonomik karard\u0131. Bu m\u00fczakere aylar s\u00fcrd\u00fc \u00e7\u00fcnk\u00fc \u00f6nce Victor&#8217;un nerede oynamak istedi\u011fine karar vermesi gerekiyordu. D\u00fcnyan\u0131n hemen hemen t\u00fcm b\u00fcy\u00fck kul\u00fcplerinden se\u00e7im yapma \u015fans\u0131 vard\u0131. Bas\u0131nda baz\u0131 isimler \u00e7\u0131kt\u0131 ama \u00e7ok daha fazlas\u0131 vard\u0131. Karar\u0131n\u0131 temmuz ba\u015f\u0131nda verdi. Madde de temmuz ba\u015f\u0131nda sona eriyordu. Yani \u00e7ok az zaman\u0131m\u0131z vard\u0131. Madde bitti\u011finde birka\u00e7 milyon daha y\u00fcksek teklifler geldi. Ama Victor kararl\u0131yd\u0131 ve &#8216;Sadece Galatasaray\u2019da oynar\u0131m&#8217; dedi. Bu bize \u00e7ok yard\u0131mc\u0131 oldu. Ba\u015fkan ve ba\u015fkan yard\u0131mc\u0131s\u0131 inan\u0131lmaz bir i\u015f \u00e7\u0131kard\u0131. Napoli\u2019ye bir y\u0131l i\u00e7inde 75 milyon Euro \u00f6deyip, d\u00fcnyan\u0131n en iyi forvetlerinden birini en iyi \u00e7a\u011f\u0131nda transfer etmek kul\u00fcp i\u00e7in tarihi bir ba\u015far\u0131yd\u0131.&#8221; s\u00f6zlerini sarf etti.<\/p>\n<p>Nijeryal\u0131 s\u00fcper star\u0131n Galatasaray&#8217;\u0131n ilerleyen y\u0131llarda da lideri olaca\u011f\u0131n\u0131 belirterek, &#8220;Osimhen, ki\u015fili\u011fiyle kul\u00fcb\u00fcn b\u00fcy\u00fck hedeflere ula\u015fmas\u0131na yard\u0131m edecek bir lider oyuncu olarak g\u00f6r\u00fcyorum. Bu transferi k\u0131sa vadeli bir hamle olarak g\u00f6rm\u00fcyorum. \u00d6n\u00fcm\u00fczdeki y\u0131llarda da bu tak\u0131m\u0131n liderlerinden biri olmaya devam edece\u011fine ve di\u011fer b\u00fcy\u00fck oyuncular\u0131n geli\u015fine yard\u0131mc\u0131 olaca\u011f\u0131na inan\u0131yorum. \u0130stanbul\u2019da mutlu. \u0130yi kazan\u0131yor. Milyonlarca taraftar onu seviyor. Tak\u0131m \u015eampiyonlar Ligi\u2019nde rekabet\u00e7i. Harika oynuyor. Tak\u0131m\u0131n en \u00e7ok kazanan futbolcusu ve s\u00f6zle\u015fmesinde bir serbest kalma maddesi yok.&#8221; dedi.<\/p>\n<p>Kul\u00fcp i\u00e7inde 150 milyon Euro&#8217;luk bir de\u011fer bi\u00e7ildi\u011fi iddialar\u0131na ise &#8220;Belirli bir rakam oldu\u011funu d\u00fc\u015f\u00fcnm\u00fcyorum. Bu oyuncuya bir fiyat koymazd\u0131m. Onun kadar etkili ve kararl\u0131 bir forvet bulmak&#8230; Bunun bir fiyat\u0131 yok. Bu tip oyuncular piyasada paha bi\u00e7ilemez.&#8221; \u015feklinde yan\u0131t verdi.<\/p>\n<p>Gardi, Fenerbah\u00e7e\u2019nin transferleri hakk\u0131nda &#8220;Transfer piyasas\u0131nda iyi i\u015f \u00e7\u0131kar\u0131yorlar. A\u00e7\u0131k\u00e7as\u0131 bu kadar oyuncu almalar\u0131na seviniyorum. Bu, ligi daha rekabet\u00e7i yap\u0131yor ve \u00f6zellikle UEFA \u00fclke puan\u0131 i\u00e7in \u00f6nemli. Avrupa\u2019da ba\u015far\u0131l\u0131 olmalar\u0131 T\u00fcrk futboluna genel olarak yard\u0131mc\u0131 oluyor. Bu y\u00fczden m\u00fcmk\u00fcn oldu\u011funca \u00e7ok \u00fcst d\u00fczey oyuncu almaya devam etmelerini te\u015fvik ediyorum. Ve sadece onlar de\u011fil, Be\u015fikta\u015f gibi di\u011fer T\u00fcrk kul\u00fcpleri de iyi i\u015fler yap\u0131yor ve b\u00fcy\u00fck transferlerle daha da geli\u015febilir.&#8221; ifadelerini kulland\u0131.<\/p>\n<div>\n<div><img decoding=\"async\" src=\"https:\/\/kamucalisani.net\/wp-content\/uploads\/2025\/11\/gardi-osimhenin-transfer-surecini-anlatti-kariyerimin-en-uzun-saatleriydi-3-ObNKKXKp.jpg\"\/><\/img><\/div>\n<\/div>\n<p>\u00a0<strong>\u0130LKAY G\u00dcNDO\u011eAN S\u00d6ZLER\u0130<\/strong><\/p>\n<p>Son olarak \u0130lkay G\u00fcndogan\u2019\u0131n transferi ile ilgili, &#8220;D\u00fcr\u00fcst olmak gerekirse, bu transferde \u015fahsen yer almad\u0131m ama y\u00f6netim kurulu bu oyuncuyu almak i\u00e7in m\u00fckemmel bir i\u015f \u00e7\u0131kard\u0131. G\u00fc\u00e7l\u00fc bir ki\u015fili\u011fe sahip ve \u00f6zellikle Avrupa ma\u00e7lar\u0131nda tak\u0131m i\u00e7in inan\u0131lmaz derecede de\u011ferli. Tak\u0131m\u0131n b\u00fcy\u00fcmesine yard\u0131mc\u0131 olabilecek kilit oyunculardan biri.&#8221; dedi.<\/p>\n\n<p><\/p>\n<p>Kaynak :\u00a0<span style=\"background-color: rgb(255, 249, 236); color: rgb(55, 58, 60); font-size: 14px;\">http:\/\/www.milliyet.com.tr\/skorer\/gardi-osimhenin-transfer-surecini-anlatti-kariyerimin-en-uzun-saatleriydi-7486429<\/span><\/p>\n","protected":false},"excerpt":{"rendered":"<p>Galatasaray&#8217;\u0131n ger\u00e7ekle\u015ftirdi\u011fi bir\u00e7ok transferde yer alan \u00fcnl\u00fc menajer George Gardi; Mauro Icardi, Victor Osimhen ve Leroy Sane&#8217;nin transfer s\u00fcrecine dair \u00f6nemli s\u00f6zler s\u00f6yledi.<\/p>\n","protected":false},"author":1,"featured_media":141005,"comment_status":"open","ping_status":"open","sticky":false,"template":"","format":"standard","meta":{"footnotes":""},"categories":[7],"tags":[578,3958,967,263,589],"class_list":["post-141004","post","type-post","status-publish","format-standard","has-post-thumbnail","hentry","category-spor","tag-karar","tag-kulup","tag-oyuncu","tag-takim","tag-transfer"],"_links":{"self":[{"href":"https:\/\/kamucalisani.net\/index.php\/wp-json\/wp\/v2\/posts\/141004","targetHints":{"allow":["GET"]}}],"collection":[{"href":"https:\/\/kamucalisani.net\/index.php\/wp-json\/wp\/v2\/posts"}],"about":[{"href":"https:\/\/kamucalisani.net\/index.php\/wp-json\/wp\/v2\/types\/post"}],"author":[{"embeddable":true,"href":"https:\/\/kamucalisani.net\/index.php\/wp-json\/wp\/v2\/users\/1"}],"replies":[{"embeddable":true,"href":"https:\/\/kamucalisani.net\/index.php\/wp-json\/wp\/v2\/comments?post=141004"}],"version-history":[{"count":1,"href":"https:\/\/kamucalisani.net\/index.php\/wp-json\/wp\/v2\/posts\/141004\/revisions"}],"predecessor-version":[{"id":141010,"href":"https:\/\/kamucalisani.net\/index.php\/wp-json\/wp\/v2\/posts\/141004\/revisions\/141010"}],"wp:featuredmedia":[{"embeddable":true,"href":"https:\/\/kamucalisani.net\/index.php\/wp-json\/wp\/v2\/media\/141005"}],"wp:attachment":[{"href":"https:\/\/kamucalisani.net\/index.php\/wp-json\/wp\/v2\/media?parent=141004"}],"wp:term":[{"taxonomy":"category","embeddable":true,"href":"https:\/\/kamucalisani.net\/index.php\/wp-json\/wp\/v2\/categories?post=141004"},{"taxonomy":"post_tag","embeddable":true,"href":"https:\/\/kamucalisani.net\/index.php\/wp-json\/wp\/v2\/tags?post=141004"}],"curies":[{"name":"wp","href":"https:\/\/api.w.org\/{rel}","templated":true}]}}