{"id":141032,"date":"2025-11-20T04:06:10","date_gmt":"2025-11-20T04:06:10","guid":{"rendered":"https:\/\/kamucalisani.net\/?p=141032"},"modified":"2025-11-20T04:06:10","modified_gmt":"2025-11-20T04:06:10","slug":"sergen-yalcin-kararini-verdi-samsunspora-farkli-11","status":"publish","type":"post","link":"https:\/\/kamucalisani.net\/index.php\/2025\/11\/20\/sergen-yalcin-kararini-verdi-samsunspora-farkli-11\/","title":{"rendered":"Sergen Yal\u00e7\u0131n karar\u0131n\u0131 verdi! Samsunspor&#8217;a farkl\u0131 11"},"content":{"rendered":"<p><p>Trendyol S\u00fcper Lig\u2019e verilen milli aradan \u00f6nce Antalyaspor deplasman\u0131nda\u00a0 3-1\u2019lik skorla galip gelen Be\u015fikta\u015f pazar g\u00fcn\u00fc evinde Samsunspor\u2019la kritik bir puan m\u00fccadelesine \u00e7\u0131kacak. Kartal, ligin en di\u015fli ekipleri aras\u0131nda yer alan rakibini ma\u011flup ederek \u00fcst s\u0131ralara tutunmaya \u00e7al\u0131\u015facak.<\/p>\n<div>\n<div><img decoding=\"async\" src=\"https:\/\/kamucalisani.net\/wp-content\/uploads\/2025\/11\/sergen-yalcin-kararini-verdi-samsunspora-farkli-11-0-9AinsLt3.jpg\"\/><\/img><\/div>\n<\/div>\n<p><strong>ORKUN K\u00d6K\u00c7\u00dc KART CEZALISI<\/strong><\/p>\n<p>K\u0131rm\u0131z\u0131 kart cezal\u0131s\u0131 Orkun K\u00f6k\u00e7\u00fc\u2019n\u00fcn yan\u0131 s\u0131ra bir s\u00fcredir antrenmanlara \u00e7\u0131kmayan Rafa Silva m\u00fcsabakada forma giyemeyecek. Sergen Yal\u00e7\u0131n, Orkun ve Rafa Silva\u2019n\u0131n yoklu\u011funda g\u00f6rev verece\u011fi kadroyu b\u00fcy\u00fck \u00f6l\u00e7\u00fcde belirledi. Siyah-beyazl\u0131 hoca tak\u0131m\u0131n\u0131 4-1-4-1 dizili\u015fiyle sahaya \u00e7\u0131karacak.<\/p>\n<p><strong>SAVUNMA \u00d6N\u00dcNDE ND\u0130D\u0130 OLACAK<\/strong><\/p>\n<p>Savunma hatt\u0131n\u0131n hemen \u00f6n\u00fcnde Wilfred Ndidi yer alacak. Orta alan\u0131n merkezinde Cerny ile sakatl\u0131\u011f\u0131 d\u00fczelen Salih U\u00e7an g\u00f6rev yapacak. Sergen Yal\u00e7\u0131n kanatlarda Cengiz \u00dcnder ile El Bilal Toure\u2019yi g\u00f6revlendirecek.<\/p>\n<p>Deneyimli hoca, santrfor pozisyonunda ise yine Abraham\u2019a \u015fans tan\u0131yacak. Kartal\u2019\u0131n savunma hatt\u0131nda G\u00f6khan Sazda\u011f\u0131, R\u0131dvan Y\u0131lmaz, Gabriel Paulista ve Tiago Djalo\u2019nun yer almas\u0131 bekleniyor. Sergen Yal\u00e7\u0131n\u2019\u0131n Antalyaspor deplasman\u0131nda uyumlu bir performans sergileyen savunma d\u00f6rtl\u00fcs\u00fcnde de\u011fi\u015fiklik yapmay\u0131 d\u00fc\u015f\u00fcnmedi\u011fi bildirildi.<\/p>\n<p>\u00a0<\/p>\n\n<p><\/p>\n<p>Kaynak :\u00a0<span style=\"background-color: rgb(255, 249, 236); color: rgb(55, 58, 60); font-size: 14px;\">http:\/\/www.milliyet.com.tr\/skorer\/sergen-yalcin-kararini-verdi-samsunspora-farkli-11-7486465<\/span><\/p>\n","protected":false},"excerpt":{"rendered":"<p>Trendyol S\u00fcper Lig\u2019e verilen milli aradan sonra Samsunspor ile kar\u015f\u0131la\u015facak Be\u015fikta\u015f&#8217;ta Sergen Yal\u00e7\u0131n karar\u0131n\u0131 verdi. Tecr\u00fcbeli hoca 11&#8217;de de\u011fi\u015fikli\u011fe gidecek.<\/p>\n","protected":false},"author":1,"featured_media":141033,"comment_status":"open","ping_status":"open","sticky":false,"template":"","format":"standard","meta":{"footnotes":""},"categories":[7],"tags":[],"class_list":["post-141032","post","type-post","status-publish","format-standard","has-post-thumbnail","hentry","category-spor"],"_links":{"self":[{"href":"https:\/\/kamucalisani.net\/index.php\/wp-json\/wp\/v2\/posts\/141032","targetHints":{"allow":["GET"]}}],"collection":[{"href":"https:\/\/kamucalisani.net\/index.php\/wp-json\/wp\/v2\/posts"}],"about":[{"href":"https:\/\/kamucalisani.net\/index.php\/wp-json\/wp\/v2\/types\/post"}],"author":[{"embeddable":true,"href":"https:\/\/kamucalisani.net\/index.php\/wp-json\/wp\/v2\/users\/1"}],"replies":[{"embeddable":true,"href":"https:\/\/kamucalisani.net\/index.php\/wp-json\/wp\/v2\/comments?post=141032"}],"version-history":[{"count":1,"href":"https:\/\/kamucalisani.net\/index.php\/wp-json\/wp\/v2\/posts\/141032\/revisions"}],"predecessor-version":[{"id":141035,"href":"https:\/\/kamucalisani.net\/index.php\/wp-json\/wp\/v2\/posts\/141032\/revisions\/141035"}],"wp:featuredmedia":[{"embeddable":true,"href":"https:\/\/kamucalisani.net\/index.php\/wp-json\/wp\/v2\/media\/141033"}],"wp:attachment":[{"href":"https:\/\/kamucalisani.net\/index.php\/wp-json\/wp\/v2\/media?parent=141032"}],"wp:term":[{"taxonomy":"category","embeddable":true,"href":"https:\/\/kamucalisani.net\/index.php\/wp-json\/wp\/v2\/categories?post=141032"},{"taxonomy":"post_tag","embeddable":true,"href":"https:\/\/kamucalisani.net\/index.php\/wp-json\/wp\/v2\/tags?post=141032"}],"curies":[{"name":"wp","href":"https:\/\/api.w.org\/{rel}","templated":true}]}}