{"id":141043,"date":"2025-11-20T04:24:09","date_gmt":"2025-11-20T04:24:09","guid":{"rendered":"https:\/\/kamucalisani.net\/?p=141043"},"modified":"2025-11-20T04:24:09","modified_gmt":"2025-11-20T04:24:09","slug":"montella-ispanya-maci-sonrasi-soyunma-odasinda-oyuncularina-seslendi-bu-sonuc-sasirtmadi","status":"publish","type":"post","link":"https:\/\/kamucalisani.net\/index.php\/2025\/11\/20\/montella-ispanya-maci-sonrasi-soyunma-odasinda-oyuncularina-seslendi-bu-sonuc-sasirtmadi\/","title":{"rendered":"Montella, \u0130spanya ma\u00e7\u0131 sonras\u0131 soyunma odas\u0131nda oyuncular\u0131na seslendi: Bu sonu\u00e7 \u015fa\u015f\u0131rtmad\u0131"},"content":{"rendered":"<p><p>Sevilla\u2019daki La Cartuja Stad\u0131\u2019nda 90 dakika sonu\u00e7land\u0131\u011f\u0131nda tabela, \u0130spanya: 2-T\u00fcrkiye: 2 sonucunu g\u00f6sterirken, A Milli Tak\u0131m\u0131m\u0131z\u2019\u0131n soyunma odas\u0131nda b\u00fcy\u00fck bir mutluluk vard\u0131. Daha \u00f6nce farkl\u0131 yenildikleri rakibini deplasmanda elinden ka\u00e7\u0131ran ay-y\u0131ld\u0131zl\u0131lar\u0131n teknik patronu Vincenzo Montella, \u00f6\u011frencilerini kutlarken, gelece\u011fe d\u00f6n\u00fck mesajlar da verdi. \u0130talyan \u00e7al\u0131\u015ft\u0131r\u0131c\u0131, \u201cBu sonu\u00e7 \u015fa\u015f\u0131rtmad\u0131. Kazanabilirdik de&#8230; Ancak baz\u0131 \u015fartlar izin vermedi. \u00d6nemli bir sonu\u00e7 ancak zafer de\u011fil&#8230;\u201d ifadesini kulland\u0131.<\/p>\n<p>\u00a0\u2018<strong>MARTA KADAR D\u0130NLEN\u0130N\u2019<\/strong><\/p>\n<p>Sakat ve sar\u0131 kart tehlikesindeki futbolcular nedeniyle as oyuncular\u0131n\u0131n bir k\u0131sm\u0131n\u0131 g\u00f6nderen, di\u011ferlerini de kul\u00fcbede tutan Montella, \u201cSon derece karakterli bir oyuncu grubuna sahip oldu\u011fumu zaten biliyordum. Sahaya hanginiz \u00e7\u0131karsa \u00e7\u0131ks\u0131n iyi oynayaca\u011f\u0131ndan, yetene\u011finden \u015f\u00fcphem yoktu. \u015eimdi gidin, mart ay\u0131na kadar dinlenip gelin. Bizi iki \u00f6nemli s\u0131nav daha bekliyor. Buradan da D\u00fcnya Kupas\u0131\u2019na gidece\u011fimizi biliyorum. Burada da iyi i\u015f ba\u015fard\u0131n\u0131z ama as\u0131l sevin\u00e7 playoff sonunda ya\u015fanacak\u201d yorumunu yapt\u0131.<\/p>\n\n<p><\/p>\n<p>Kaynak :\u00a0<span style=\"background-color: rgb(255, 249, 236); color: rgb(55, 58, 60); font-size: 14px;\">http:\/\/www.milliyet.com.tr\/skorer\/montella-ispanya-maci-sonrasi-soyunma-odasinda-oyuncularina-seslendi-bu-sonuc-sasirtmadi-7486494<\/span><\/p>\n","protected":false},"excerpt":{"rendered":"<p>A Milli Tak\u0131m Teknik Direkt\u00f6r\u00fc Vincenzo Montella, \u0130spanya ma\u00e7\u0131 sonras\u0131 soyunma odas\u0131nda oyuncular\u0131na seslendi. Tecr\u00fcbeli hoca, &#8221;Bu sonu\u00e7 \u015fa\u015f\u0131rtmad\u0131. Kazanabilirdik de&#8221; dedi.<\/p>\n","protected":false},"author":1,"featured_media":141044,"comment_status":"open","ping_status":"open","sticky":false,"template":"","format":"standard","meta":{"footnotes":""},"categories":[7],"tags":[],"class_list":["post-141043","post","type-post","status-publish","format-standard","has-post-thumbnail","hentry","category-spor"],"_links":{"self":[{"href":"https:\/\/kamucalisani.net\/index.php\/wp-json\/wp\/v2\/posts\/141043","targetHints":{"allow":["GET"]}}],"collection":[{"href":"https:\/\/kamucalisani.net\/index.php\/wp-json\/wp\/v2\/posts"}],"about":[{"href":"https:\/\/kamucalisani.net\/index.php\/wp-json\/wp\/v2\/types\/post"}],"author":[{"embeddable":true,"href":"https:\/\/kamucalisani.net\/index.php\/wp-json\/wp\/v2\/users\/1"}],"replies":[{"embeddable":true,"href":"https:\/\/kamucalisani.net\/index.php\/wp-json\/wp\/v2\/comments?post=141043"}],"version-history":[{"count":1,"href":"https:\/\/kamucalisani.net\/index.php\/wp-json\/wp\/v2\/posts\/141043\/revisions"}],"predecessor-version":[{"id":141045,"href":"https:\/\/kamucalisani.net\/index.php\/wp-json\/wp\/v2\/posts\/141043\/revisions\/141045"}],"wp:featuredmedia":[{"embeddable":true,"href":"https:\/\/kamucalisani.net\/index.php\/wp-json\/wp\/v2\/media\/141044"}],"wp:attachment":[{"href":"https:\/\/kamucalisani.net\/index.php\/wp-json\/wp\/v2\/media?parent=141043"}],"wp:term":[{"taxonomy":"category","embeddable":true,"href":"https:\/\/kamucalisani.net\/index.php\/wp-json\/wp\/v2\/categories?post=141043"},{"taxonomy":"post_tag","embeddable":true,"href":"https:\/\/kamucalisani.net\/index.php\/wp-json\/wp\/v2\/tags?post=141043"}],"curies":[{"name":"wp","href":"https:\/\/api.w.org\/{rel}","templated":true}]}}