{"id":141050,"date":"2025-11-20T04:36:10","date_gmt":"2025-11-20T04:36:10","guid":{"rendered":"https:\/\/kamucalisani.net\/?p=141050"},"modified":"2025-11-20T04:36:10","modified_gmt":"2025-11-20T04:36:10","slug":"fenerbahcede-transfer-plani-iste-tedesconun-talebi","status":"publish","type":"post","link":"https:\/\/kamucalisani.net\/index.php\/2025\/11\/20\/fenerbahcede-transfer-plani-iste-tedesconun-talebi\/","title":{"rendered":"Fenerbah\u00e7e&#8217;de transfer plan\u0131! \u0130\u015fte Tedesco&#8217;nun talebi"},"content":{"rendered":"<p><p>Fenerbah\u00e7e\u2019de teknik heyet ve oyuncular saha sonu\u00e7lar\u0131na odaklan\u0131rken, y\u00f6netim ise ara transfer \u00e7al\u0131\u015fmalar\u0131 i\u00e7in haz\u0131rl\u0131klar\u0131n\u0131 aral\u0131ks\u0131z olarak s\u00fcrd\u00fcr\u00fcyor.<\/p>\n<p>Ba\u015fkan Sadettin Saran ile ekibi Domenico Tedesco\u2019nun raporu do\u011frultusunda en do\u011fru hamleleri yapma ad\u0131na geni\u015f \u00e7apl\u0131 bir liste haz\u0131rlayacak.<\/p>\n<p><strong>TEDESCO&#8217;NUN PLANI<\/strong><\/p>\n<p>Bu listede kriterin y\u0131ld\u0131z isimler de\u011fil, Tedesco\u2019nun sistemine uygun olmas\u0131 \u015fart\u0131 aranacak. \u0130talyan teknik adam daha \u00f6nce g\u00f6rev yapt\u0131\u011f\u0131 tak\u0131mlarda da \u00f6ncelik verdi\u011fi 4-3-3 dizili\u015fine d\u00f6nmek istiyor.<\/p>\n<div>\n<div><img decoding=\"async\" src=\"https:\/\/kamucalisani.net\/wp-content\/uploads\/2025\/11\/fenerbahcede-transfer-plani-iste-tedesconun-talebi-0-47dh8ZC4.jpg\"\/><\/img><\/div>\n<\/div>\n<p>Tedesco, sar\u0131-lacivertli tak\u0131mdaki ilk ma\u00e7lar\u0131nda da bu sistemi oynatmak istemi\u015f, ancak aksama sonucunda 4-1-4-1 ya da 4-2-3-1\u2019i tercih etmek zorunda kalm\u0131\u015ft\u0131. Gen\u00e7 teknik adam\u0131n, Ba\u015fkan Sadettin Saran ile yapaca\u011f\u0131 toplant\u0131da \u00f6nceli\u011fini bu konuya verece\u011fi \u00f6\u011frenildi.<\/p>\n<p>Bu y\u00fczden sar\u0131-lacivertli tak\u0131mda ara transfer d\u00f6neminde \u2018sisteme g\u00f6re transfer\u2019 kriteri aranacak. Yap\u0131lacak takviyelerin ard\u0131ndan ligin 2. yar\u0131s\u0131nda Tedesco\u2019nun \u00f6ncelikle 4-3-3 sistemini oynataca\u011f\u0131 bildirildi.<\/p>\n\n<p><\/p>\n<p>Kaynak :\u00a0<span style=\"background-color: rgb(255, 249, 236); color: rgb(55, 58, 60); font-size: 14px;\">http:\/\/www.milliyet.com.tr\/skorer\/fenerbahcede-transfer-plani-iste-tedesconun-talebi-7486497<\/span><\/p>\n","protected":false},"excerpt":{"rendered":"<p>Ara transfer d\u00f6nemi i\u00e7in \u00e7al\u0131\u015fmalar\u0131na ba\u015flayan Fenerbah\u00e7e&#8217;de teknik direkt\u00f6r Domenico Tedesco\u2019nun talebi belli oldu.<\/p>\n","protected":false},"author":1,"featured_media":141051,"comment_status":"open","ping_status":"open","sticky":false,"template":"","format":"standard","meta":{"footnotes":""},"categories":[7],"tags":[],"class_list":["post-141050","post","type-post","status-publish","format-standard","has-post-thumbnail","hentry","category-spor"],"_links":{"self":[{"href":"https:\/\/kamucalisani.net\/index.php\/wp-json\/wp\/v2\/posts\/141050","targetHints":{"allow":["GET"]}}],"collection":[{"href":"https:\/\/kamucalisani.net\/index.php\/wp-json\/wp\/v2\/posts"}],"about":[{"href":"https:\/\/kamucalisani.net\/index.php\/wp-json\/wp\/v2\/types\/post"}],"author":[{"embeddable":true,"href":"https:\/\/kamucalisani.net\/index.php\/wp-json\/wp\/v2\/users\/1"}],"replies":[{"embeddable":true,"href":"https:\/\/kamucalisani.net\/index.php\/wp-json\/wp\/v2\/comments?post=141050"}],"version-history":[{"count":1,"href":"https:\/\/kamucalisani.net\/index.php\/wp-json\/wp\/v2\/posts\/141050\/revisions"}],"predecessor-version":[{"id":141053,"href":"https:\/\/kamucalisani.net\/index.php\/wp-json\/wp\/v2\/posts\/141050\/revisions\/141053"}],"wp:featuredmedia":[{"embeddable":true,"href":"https:\/\/kamucalisani.net\/index.php\/wp-json\/wp\/v2\/media\/141051"}],"wp:attachment":[{"href":"https:\/\/kamucalisani.net\/index.php\/wp-json\/wp\/v2\/media?parent=141050"}],"wp:term":[{"taxonomy":"category","embeddable":true,"href":"https:\/\/kamucalisani.net\/index.php\/wp-json\/wp\/v2\/categories?post=141050"},{"taxonomy":"post_tag","embeddable":true,"href":"https:\/\/kamucalisani.net\/index.php\/wp-json\/wp\/v2\/tags?post=141050"}],"curies":[{"name":"wp","href":"https:\/\/api.w.org\/{rel}","templated":true}]}}