{"id":141058,"date":"2025-11-20T04:48:10","date_gmt":"2025-11-20T04:48:10","guid":{"rendered":"https:\/\/kamucalisani.net\/?p=141058"},"modified":"2025-11-20T04:48:10","modified_gmt":"2025-11-20T04:48:10","slug":"derenin-derinligini-mhpye-olcturuyor","status":"publish","type":"post","link":"https:\/\/kamucalisani.net\/index.php\/2025\/11\/20\/derenin-derinligini-mhpye-olcturuyor\/","title":{"rendered":"&#8216;Derenin derinli\u011fini MHP\u2019ye \u00f6l\u00e7t\u00fcr\u00fcyor&#8217;"},"content":{"rendered":"<p><p>CHP Genel Ba\u015fkan\u0131 \u00d6zg\u00fcr \u00d6zel, d\u00fcn Silivri\u2019deki Marmara Ceza \u0130nfaz Kurumu\u2019nda tutuklu bulunan Ekrem \u0130mamo\u011flu\u2019nu ziyaret etti. Ziyaretin ard\u0131ndan a\u00e7\u0131klamalarda bulunan \u00d6zel, MHP Genel Ba\u015fkan\u0131 Devlet Bah\u00e7eli\u2019nin \u0130mral\u0131\u2019ya ziyaret a\u00e7\u0131klamas\u0131yla ilgili olarak \u201cGrubuyla gurur duymas\u0131 laz\u0131m. \u0130p att\u0131\u011f\u0131nda da aya\u011fa kalk\u0131p alk\u0131\u015fl\u0131yorlar. \u2018Adaya ben gidece\u011fim\u2019 deyince de alk\u0131\u015fl\u0131yorlar\u201d dedi.<\/p>\n<p><strong>\u2018Sorumluluk alacak\u2019<\/strong><\/p>\n<p>\u00d6zel, s\u00f6zlerini \u015f\u00f6yle s\u00fcrd\u00fcrd\u00fc: \u201cS\u00f6ylediklerinin hepsini Erdo\u011fan\u2019a s\u00f6yledi. Ben bug\u00fcn bakt\u0131m, cevab\u0131n\u0131 g\u00f6rmedim. Tayyip Bey ne \u2018ada\u2019 diyor, ne \u2018\u0130mral\u0131\u2019 diyor, ne ba\u015fka bir \u015fey diyor. Bir s\u00fcre\u00e7 y\u00fcr\u00fcyecek, bu s\u00fcrecin i\u00e7inde derenin derinli\u011fini MHP\u2019ye \u00f6l\u00e7t\u00fcrecek. Kendi hem bu s\u00fcrecin \u00e7\u00f6z\u00fcm\u00fcnden menfaat bekleyecek, hem de b\u0131rak elini ta\u015f\u0131n alt\u0131na sokmay\u0131 tamamen kendisini buradan kenara \u00e7ekecek ge\u00e7mi\u015fte oldu\u011fu gibi. \u2018Oslo g\u00f6r\u00fc\u015fmelerini devlet yap\u0131yordu, duble yollar\u0131 AK Parti.\u2019 \u00d6yle mi? B\u00f6yle konforlu bir siyaset alan\u0131 bitti Tayyip Bey\u2019in. Bilsin. \u00d6yle Oslo g\u00f6r\u00fc\u015fmelerini devletimizin yap\u0131p, duble yollar\u0131 AK Parti\u2019nin yapt\u0131\u011f\u0131 konfor alan\u0131ndan \u00e7\u0131kt\u0131k art\u0131k. Bu \u00fclkeyi y\u00f6netiyorsa sorumluluk alacak. \u2018Ben bu dereyi ge\u00e7ece\u011fim ama \u00f6nce MHP\u2019liler bir girsin bakal\u0131m. Bo\u011fuyorsa derinli\u011fi onlar bo\u011fulsun, biz burada kuru dural\u0131m. Sonra Cuma g\u00fcn\u00fc kapal\u0131 oturum yapal\u0131m, i\u00e7eride konu\u015fup bir \u015fey yapal\u0131m. Bunu da millete g\u00f6stermeyelim. Sonra da bir \u015feyler olsun, bu i\u015fin faydas\u0131 bana olsun, hasar\u0131 m\u00fc\u015fterek olsun.\u2019 Hesap bu. Bunu millet g\u00f6r\u00fcyor. O y\u00fczden ben Tayyip Bey\u2019in cevab\u0131n\u0131, AK Parti\u2019nin tutumunu bir g\u00f6reyim.\u201d<\/p>\n<p><strong>\u2018Bir tarafta zul\u00fcm bir tarafta bar\u0131\u015f olmaz\u2019<\/strong><\/p>\n<p>CHP Genel Ba\u015fkan\u0131 \u00d6zg\u00fcr \u00d6zel, \u0130stanbul Sultangazi\u2019de d\u00fczenlenen \u201cMillet \u0130radesine Sahip \u00c7\u0131k\u0131yor\u201d mitingine kat\u0131ld\u0131. \u00d6zel, yapt\u0131\u011f\u0131 konu\u015fmada Ter\u00f6rs\u00fcz bir T\u00fcrkiye\u2019yi istediklerini, bununla beraber ter\u00f6rs\u00fcz ve demokratik bir T\u00fcrkiye istediklerini belirterek, \u015funlar\u0131 s\u00f6yledi: \u201cBunun sorumlulu\u011funu samimiyetle \u00fcstlendik, \u00fcstlenmeye devam ediyoruz. Ama bir yandan birileri \u2018bar\u0131\u015f\u2019 diyecek, bir yandan bizim 3, DEM\u2019in 10 belediyesi kayyumla y\u00f6netilecek. Anayasa Mahkemesi kararlar\u0131na ra\u011fmen Tayfun Kahraman hapiste duracak. A\u0130HM karar\u0131na ra\u011fmen Selahattin Demirta\u015f, Osman Kavala, siyasi tutsaklar i\u00e7eride olacak. Siz bir yandan \u2018bar\u0131\u015f\u2019 diyeceksiniz, bir yandan ba\u015fka bir s\u00fcre\u00e7 y\u00fcr\u00fcteceksiniz. Bir tarafta zul\u00fcm, bir tarafta bar\u0131\u015f olmaz. Bir tarafta haks\u0131zl\u0131k, bir tarafta hakkaniyetli bir i\u015f olmaz.\u201d<\/p>\n<p><strong>\u2018Tutuksuz yarg\u0131lamayla T\u00fcrkiye normalle\u015fir\u2019<\/strong><\/p>\n<p>\u00d6zel, yarg\u0131lamalar\u0131n TRT\u2019den canl\u0131 yay\u0131nlanmas\u0131n\u0131 da istediklerini tekrarlayarak, \u201c\u0130\u00e7erinin ortak talebidir. Canl\u0131 yay\u0131n istiyoruz. Hi\u00e7 olmazsa iddianame okunur, cevaplar\u0131 verilir. Tutuksuz yarg\u0131lamalar ve TRT canl\u0131 yay\u0131n\u0131 olursa T\u00fcrkiye normalle\u015fir, bu gerginlik azal\u0131r\u201d dedi.<\/p>\n\n<p><\/p>\n<p>Kaynak :\u00a0<span style=\"background-color: rgb(255, 249, 236); color: rgb(55, 58, 60); font-size: 14px;\">http:\/\/www.milliyet.com.tr\/gundem\/derenin-derinligini-mhpye-olcturuyor-7486447<\/span><\/p>\n","protected":false},"excerpt":{"rendered":"<p>CHP Genel Ba\u015fkan\u0131 \u00d6zel, MHP Genel Ba\u015fkan\u0131 Bah\u00e7eli\u2019nin \u0130mral\u0131\u2019ya ziyaret a\u00e7\u0131klamas\u0131yla ilgili olarak \u201cS\u00f6ylediklerinin hepsini Erdo\u011fan\u2019a s\u00f6yledi. Ben bug\u00fcn bakt\u0131m, cevab\u0131n\u0131 g\u00f6rmedim. Tayyip Bey\u2019in cevab\u0131n\u0131, AK Parti\u2019nin tutumunu bir g\u00f6reyim\u201d dedi.<\/p>\n","protected":false},"author":1,"featured_media":141059,"comment_status":"open","ping_status":"open","sticky":false,"template":"","format":"standard","meta":{"footnotes":""},"categories":[3],"tags":[],"class_list":["post-141058","post","type-post","status-publish","format-standard","has-post-thumbnail","hentry","category-guncel"],"_links":{"self":[{"href":"https:\/\/kamucalisani.net\/index.php\/wp-json\/wp\/v2\/posts\/141058","targetHints":{"allow":["GET"]}}],"collection":[{"href":"https:\/\/kamucalisani.net\/index.php\/wp-json\/wp\/v2\/posts"}],"about":[{"href":"https:\/\/kamucalisani.net\/index.php\/wp-json\/wp\/v2\/types\/post"}],"author":[{"embeddable":true,"href":"https:\/\/kamucalisani.net\/index.php\/wp-json\/wp\/v2\/users\/1"}],"replies":[{"embeddable":true,"href":"https:\/\/kamucalisani.net\/index.php\/wp-json\/wp\/v2\/comments?post=141058"}],"version-history":[{"count":1,"href":"https:\/\/kamucalisani.net\/index.php\/wp-json\/wp\/v2\/posts\/141058\/revisions"}],"predecessor-version":[{"id":141060,"href":"https:\/\/kamucalisani.net\/index.php\/wp-json\/wp\/v2\/posts\/141058\/revisions\/141060"}],"wp:featuredmedia":[{"embeddable":true,"href":"https:\/\/kamucalisani.net\/index.php\/wp-json\/wp\/v2\/media\/141059"}],"wp:attachment":[{"href":"https:\/\/kamucalisani.net\/index.php\/wp-json\/wp\/v2\/media?parent=141058"}],"wp:term":[{"taxonomy":"category","embeddable":true,"href":"https:\/\/kamucalisani.net\/index.php\/wp-json\/wp\/v2\/categories?post=141058"},{"taxonomy":"post_tag","embeddable":true,"href":"https:\/\/kamucalisani.net\/index.php\/wp-json\/wp\/v2\/tags?post=141058"}],"curies":[{"name":"wp","href":"https:\/\/api.w.org\/{rel}","templated":true}]}}