{"id":141061,"date":"2025-11-20T04:54:13","date_gmt":"2025-11-20T04:54:13","guid":{"rendered":"https:\/\/kamucalisani.net\/?p=141061"},"modified":"2025-11-20T04:54:13","modified_gmt":"2025-11-20T04:54:13","slug":"nato-zirvesine-2-milyar-tl-odenek","status":"publish","type":"post","link":"https:\/\/kamucalisani.net\/index.php\/2025\/11\/20\/nato-zirvesine-2-milyar-tl-odenek\/","title":{"rendered":"NATO Zirvesi\u2019ne 2 milyar TL \u00f6denek"},"content":{"rendered":"<p><p><span><strong>AYDIN HASAN \/ Ankara &#8211;<\/strong> <\/span>G\u00f6r\u00fc\u015fmelerde milletvekillerinin soru ve ele\u015ftirilerini yan\u0131tlayan Bakan Hakan Fidan, \u00d6zel Kalem M\u00fcd\u00fcrl\u00fc\u011f\u00fcne ayr\u0131lan \u00f6dene\u011fin y\u00fcksek oldu\u011funa ili\u015fkin ele\u015ftiriler \u00fczerine, \u201cYap\u0131lacak NATO Zirvesi\u2019nin paras\u0131n\u0131 nereye koyal\u0131m demi\u015fler, \u00d6zel Kalem\u2019e koymu\u015flar. Antalya Diplomasi Forumu\u2019nu da oraya koymu\u015flar. Arkada\u015flara \u2018Ben onu orada g\u00f6rmek istemiyorum. Protokol Genel M\u00fcd\u00fcrl\u00fc\u011f\u00fcn\u00fcn b\u00fct\u00e7esine at\u0131n onlar\u0131\u2019 dedim. O kadar parayla zaten bir i\u015fimiz yok\u201d a\u00e7\u0131klamas\u0131n\u0131 yapt\u0131.<\/p>\n<p><strong>\u00d6nergeyle aktar\u0131ld\u0131<\/strong><\/p>\n<p>Komisyonda verilen \u00f6nergenin kabul\u00fcyle 2 milyar liral\u0131k \u00f6denek, 2026 y\u0131l\u0131 NATO Devlet ve H\u00fck\u00fbmet Ba\u015fkanlar\u0131 Zirvesi i\u00e7in kullan\u0131lmak \u00fczere Protokol ve Diplomatik \u0130\u015flemler Genel M\u00fcd\u00fcrl\u00fc\u011f\u00fc\u2019ne aktar\u0131ld\u0131.<\/p>\n\n<p><\/p>\n<p>Kaynak :\u00a0<span style=\"background-color: rgb(255, 249, 236); color: rgb(55, 58, 60); font-size: 14px;\">http:\/\/www.milliyet.com.tr\/gundem\/nato-zirvesine-2-milyar-tl-odenek-7486450<\/span><\/p>\n","protected":false},"excerpt":{"rendered":"<p>D\u0131\u015fi\u015fleri Bakanl\u0131\u011f\u0131\u2019n\u0131n 46 milyar 805 milyon 514 bin liral\u0131k 2026 y\u0131l\u0131 b\u00fct\u00e7e teklifi, \u00f6nceki ak\u015fam TBMM Plan ve B\u00fct\u00e7e Komisyonu\u2019nda kabul edildi.<\/p>\n","protected":false},"author":1,"featured_media":141062,"comment_status":"open","ping_status":"open","sticky":false,"template":"","format":"standard","meta":{"footnotes":""},"categories":[3],"tags":[],"class_list":["post-141061","post","type-post","status-publish","format-standard","has-post-thumbnail","hentry","category-guncel"],"_links":{"self":[{"href":"https:\/\/kamucalisani.net\/index.php\/wp-json\/wp\/v2\/posts\/141061","targetHints":{"allow":["GET"]}}],"collection":[{"href":"https:\/\/kamucalisani.net\/index.php\/wp-json\/wp\/v2\/posts"}],"about":[{"href":"https:\/\/kamucalisani.net\/index.php\/wp-json\/wp\/v2\/types\/post"}],"author":[{"embeddable":true,"href":"https:\/\/kamucalisani.net\/index.php\/wp-json\/wp\/v2\/users\/1"}],"replies":[{"embeddable":true,"href":"https:\/\/kamucalisani.net\/index.php\/wp-json\/wp\/v2\/comments?post=141061"}],"version-history":[{"count":1,"href":"https:\/\/kamucalisani.net\/index.php\/wp-json\/wp\/v2\/posts\/141061\/revisions"}],"predecessor-version":[{"id":141063,"href":"https:\/\/kamucalisani.net\/index.php\/wp-json\/wp\/v2\/posts\/141061\/revisions\/141063"}],"wp:featuredmedia":[{"embeddable":true,"href":"https:\/\/kamucalisani.net\/index.php\/wp-json\/wp\/v2\/media\/141062"}],"wp:attachment":[{"href":"https:\/\/kamucalisani.net\/index.php\/wp-json\/wp\/v2\/media?parent=141061"}],"wp:term":[{"taxonomy":"category","embeddable":true,"href":"https:\/\/kamucalisani.net\/index.php\/wp-json\/wp\/v2\/categories?post=141061"},{"taxonomy":"post_tag","embeddable":true,"href":"https:\/\/kamucalisani.net\/index.php\/wp-json\/wp\/v2\/tags?post=141061"}],"curies":[{"name":"wp","href":"https:\/\/api.w.org\/{rel}","templated":true}]}}