{"id":141067,"date":"2025-11-20T05:06:09","date_gmt":"2025-11-20T05:06:09","guid":{"rendered":"https:\/\/kamucalisani.net\/?p=141067"},"modified":"2025-11-20T05:06:09","modified_gmt":"2025-11-20T05:06:09","slug":"yeni-istanbul-sureci-vurgusu","status":"publish","type":"post","link":"https:\/\/kamucalisani.net\/index.php\/2025\/11\/20\/yeni-istanbul-sureci-vurgusu\/","title":{"rendered":"Yeni \u0130stanbul s\u00fcreci vurgusu"},"content":{"rendered":"<p><p><span><strong>ASLIHAN ALTAY KARATA\u015e \/ ANKARA &#8211;<\/strong><\/span> Cumhurba\u015fkan\u0131 Recep Tayyip Erdo\u011fan ve Ukrayna Devlet Ba\u015fkan\u0131 Volodimir Zelenskiy, y\u0131l i\u00e7indeki 3. g\u00f6r\u00fc\u015fme i\u00e7in Ankara\u2019da bir araya geldi. \u0130ki lider d\u00fcnyaya, Rusya-Ukrayna aras\u0131ndaki bar\u0131\u015f g\u00f6r\u00fc\u015fmelerinin yeniden devreye al\u0131nmas\u0131 mesaj\u0131n\u0131 verdi. \u0130stanbul S\u00fcreci\u2019nin sonu\u00e7 odakl\u0131 bir anlay\u0131\u015fla s\u00fcrd\u00fcr\u00fclmesi gerekti\u011fini vurgulayan Erdo\u011fan, \u201c\u0130stanbul S\u00fcreci\u2019nin daha kapsaml\u0131 bir i\u00e7erikle, art\u0131k akut hal alan sorunlar\u0131 giderecek \u015fekilde yeniden devreye girmesinin faydal\u0131 olaca\u011f\u0131 kanaatindeyiz. B\u00f6lgede akan kan\u0131n durmas\u0131n\u0131 arzu eden t\u00fcm ortaklar\u0131m\u0131zdan da \u0130stanbul S\u00fcreci\u2019ne y\u00f6nelik yap\u0131c\u0131 yakla\u015f\u0131m sergilemelerini bekliyoruz\u201d dedi.<\/p>\n<p>\u0130ki liderin Cumhurba\u015fkanl\u0131\u011f\u0131 K\u00fclliyesi\u2019nde ger\u00e7ekle\u015fen g\u00f6r\u00fc\u015fmesine, D\u0131\u015fi\u015fleri Bakan\u0131 Hakan Fidan, M\u0130T Ba\u015fkan\u0131 \u0130brahim Kal\u0131n ile Cumhurba\u015fkan\u0131 D\u0131\u015f Politika ve G\u00fcvenlik Ba\u015fdan\u0131\u015fman\u0131 Akif \u00c7a\u011fatay K\u0131l\u0131\u00e7 da kat\u0131ld\u0131. Erdo\u011fan, d\u00fczenlenen ortak bas\u0131n toplant\u0131s\u0131nda \u00f6zetle \u015funlar\u0131 s\u00f6yledi:<\/p>\n<p><strong>\u25a0 KIYMETL\u0130 ADIMLAR:<\/strong> Ukrayna ve Rusya heyetleri aras\u0131nda, \u00fc\u00e7 y\u0131l\u0131 a\u015fk\u0131n s\u00fcredir ba\u015flat\u0131lan do\u011frudan g\u00f6r\u00fc\u015fmelere ev sahipli\u011fi yapt\u0131k. Taraflar aras\u0131nda ate\u015fkes ve bar\u0131\u015fa dair g\u00f6r\u00fc\u015flerle askeri meseleler do\u011frudan ele al\u0131nabildi. Bunlar\u0131n tamam\u0131n\u0131 k\u0131ymetli ad\u0131mlar olarak g\u00f6r\u00fcyoruz.<\/p>\n<p><strong>\u25a0 \u0130STANBUL S\u00dcREC\u0130:\u00a0<\/strong>\u0130stanbul g\u00f6r\u00fc\u015fmelerinin diplomatik \u00e7\u00f6z\u00fcme y\u00f6nelik \u00e7abalarda \u00f6nemli bir merhale te\u015fkil etti\u011fine inand\u0131\u011f\u0131m\u0131z\u0131 belirttim. Enerji altyap\u0131lar\u0131na y\u00f6nelik sald\u0131r\u0131lar ve ya\u015fanan can kay\u0131plar\u0131 telafisi g\u00fc\u00e7 y\u0131k\u0131mlar\u0131 beraberinde getiriyor. \u0130stanbul S\u00fcreci\u2019nin daha \u015fekilde yeniden devreye girmesinin faydal\u0131 olaca\u011f\u0131 kanaatindeyiz.<\/p>\n<p><strong>\u25a0 TOPRAK B\u00dcT\u00dcNL\u00dc\u011e\u00dcNE DESTEK:<\/strong> De\u011ferli dostum Zelenskiy ile ikili konular\u0131 de\u011ferlendirdik. Stratejik orta\u011f\u0131m\u0131z Ukrayna\u2019n\u0131n toprak b\u00fct\u00fcnl\u00fc\u011f\u00fc, egemenli\u011fi ve ba\u011f\u0131ms\u0131zl\u0131\u011f\u0131na olan ba\u011fl\u0131l\u0131\u011f\u0131m\u0131z\u0131 bir kez daha teyit ettik&#8230; K\u0131r\u0131m Tatarlar\u0131na deste\u011fimizin s\u00fcrece\u011fini de belirtmek isterim.<\/p>\n<p><strong>\u25a0\u00a0RUSYA \u0130LE ELE ALMAYA HAZIRIZ:<\/strong> Ate\u015fkesi h\u0131zland\u0131racak, adil ve kal\u0131c\u0131 bar\u0131\u015f\u0131n \u00f6n\u00fcn\u00fc a\u00e7acak \u00f6nerileri T\u00fcrkiye olarak Rusya ile de ele alma konusunda her daim haz\u0131r\u0131z.<\/p>\n<p><strong>Zelenskiy: T\u00fcrk\u00a0diplomasisine g\u00fcveniyoruz<\/strong><\/p>\n<p>Ukrayna Devlet Ba\u015fkan\u0131 Volodimir Zelenskiy ise, iki \u00fclke aras\u0131ndaki g\u00fcven ili\u015fkisine dikkat \u00e7ekerek, Cumhurba\u015fkan\u0131 Recep Tayyip Erdo\u011fan\u2019a te\u015fekk\u00fcr etti, T\u00fcrkiye\u2019nin Rus sava\u015f\u0131na kar\u015f\u0131 ilkeli tutumunun Ukrayna i\u00e7in \u00e7ok \u00f6nemli oldu\u011funu belirtti. Diplomatik giri\u015fimlerin h\u0131zland\u0131\u011f\u0131n\u0131 ve canland\u0131\u011f\u0131n\u0131 belirten Zelenskiy, \u015f\u00f6yle devam etti: \u201cT\u00fcm bu faaliyetlerle g\u00fcvenli\u011fin garanti alt\u0131na al\u0131nmas\u0131 ve acil bir bar\u0131\u015f\u0131n sa\u011flanmas\u0131 i\u00e7in \u00e7aba g\u00f6steriyoruz. Sava\u015f sona ermelidir ve bar\u0131\u015f\u0131n bir alternatifi yoktur. Rusya sava\u015f\u0131n ve insan \u00f6ld\u00fcrmenin hi\u00e7bir \u015fekilde \u00f6d\u00fcllendirilemeyece\u011fini anlamal\u0131d\u0131r. Ayr\u0131ca Rusya\u2019n\u0131n b\u00f6lgedeki bir ba\u015fka \u00fclkeye kar\u015f\u0131 benzer bir sava\u015f\u0131 yeniden ba\u015flatma imkan\u0131 da kalmamal\u0131d\u0131r.<\/p>\n<p>T\u00fcrkiye ile bu konuda ayn\u0131 g\u00f6r\u00fc\u015f\u00fc payla\u015f\u0131yoruz. Bar\u0131\u015f ve g\u00fcvenlik garanti alt\u0131na al\u0131nmal\u0131d\u0131r. G\u00fcvenlik garantileri \u00e7ok \u00f6nemli. T\u00fcm ortaklar\u0131m\u0131zla yak\u0131n koordinasyon i\u00e7inde \u00e7al\u0131\u015fmaya devam edece\u011fiz. T\u00fcrk diplomasisinin g\u00fcc\u00fcne ve Rusya\u2019da anla\u015f\u0131labilir olmas\u0131na g\u00fcveniyoruz&#8230; Karadeniz\u2019deki g\u00fcvenli\u011fin \u00f6nemini herkes anl\u0131yor, bu g\u00fcvenlik yaln\u0131zca T\u00fcrkiye ile garanti alt\u0131na al\u0131nabilir. Esir de\u011fi\u015fimlerini yeniden ba\u015flatmak i\u00e7in de \u00e7ok \u00e7aba g\u00f6steriyoruz&#8230; T\u00fcrkiye bu konuda \u00e7ok b\u00fcy\u00fck destek veriyor ve bunu ger\u00e7ekten takdir ediyorum.\u201d\u00a0<\/p>\n<p><strong>Duran: Samimi iradenin g\u00f6stergesi<\/strong>\u00a0<\/p>\n<p>Cumhurba\u015fkanl\u0131\u011f\u0131 \u0130leti\u015fim Ba\u015fkan\u0131 Burhanettin Duran, NSosyal hesab\u0131ndan yapt\u0131\u011f\u0131 payla\u015f\u0131mda Erdo\u011fan ile Zelenskiy\u2019nin g\u00f6r\u00fc\u015fmesinde kritik meselelerin ele al\u0131nd\u0131\u011f\u0131n\u0131 belirtti. Duran, \u201cRusya-Ukrayna sava\u015f\u0131ndaki son geli\u015fmeler masaya yat\u0131r\u0131ld\u0131. Bu diyalog, T\u00fcrkiye\u2019nin \u00e7at\u0131\u015fmalar\u0131n \u00e7\u00f6z\u00fcme kavu\u015fmas\u0131 i\u00e7in sergiledi\u011fi samimi iradenin a\u00e7\u0131k bir g\u00f6stergesidir\u201d dedi. \u25cf ANKARA Milliyet\u00a0<\/p>\n<p><strong>Rusya yine durmad\u0131: 25 \u00f6l\u00fc\u00a0<\/strong><\/p>\n<p>Rusya\u2019n\u0131n Ukrayna\u2019n\u0131n bat\u0131s\u0131na yapt\u0131\u011f\u0131 geni\u015f \u00e7apl\u0131 insans\u0131z hava arac\u0131 ve f\u00fcze sald\u0131r\u0131s\u0131nda 25 ki\u015fi hayat\u0131n\u0131 kaybetti.\u00a0Ukrayna \u0130\u00e7i\u015fleri Bakan\u0131 \u0130hor Klimenko, sald\u0131r\u0131da, Polonya s\u0131n\u0131r\u0131na yakla\u015f\u0131k 200 km uzakl\u0131ktaki Ternopil\u2019de 9\u2019ar katl\u0131 iki apartman\u0131n isabet ald\u0131\u011f\u0131n\u0131, 15\u2019i \u00e7ocuk 75 ki\u015finin yaraland\u0131\u011f\u0131n\u0131 a\u00e7\u0131klad\u0131.<\/p>\n\n<p><\/p>\n<p>Kaynak :\u00a0<span style=\"background-color: rgb(255, 249, 236); color: rgb(55, 58, 60); font-size: 14px;\">http:\/\/www.milliyet.com.tr\/gundem\/yeni-istanbul-sureci-vurgusu-7486477<\/span><\/p>\n","protected":false},"excerpt":{"rendered":"<p>Cumhurba\u015fkan\u0131 Erdo\u011fan, Ukrayna Devlet Ba\u015fkan\u0131 Zelenskiy\u2019le g\u00f6r\u00fc\u015fmesi sonras\u0131 yapt\u0131\u011f\u0131 a\u00e7\u0131klamada, \u0130stanbul s\u00fcrecinin, akut hal alan sorunlar\u0131 giderecek \u015fekilde yeniden devreye girmesinin faydal\u0131 olaca\u011f\u0131n\u0131 s\u00f6yledi&#8230;<\/p>\n","protected":false},"author":1,"featured_media":141068,"comment_status":"open","ping_status":"open","sticky":false,"template":"","format":"standard","meta":{"footnotes":""},"categories":[3],"tags":[8342,481,146,758,9466],"class_list":["post-141067","post","type-post","status-publish","format-standard","has-post-thumbnail","hentry","category-guncel","tag-guven","tag-rusya","tag-turkiye","tag-ukrayna","tag-zelenskiy"],"_links":{"self":[{"href":"https:\/\/kamucalisani.net\/index.php\/wp-json\/wp\/v2\/posts\/141067","targetHints":{"allow":["GET"]}}],"collection":[{"href":"https:\/\/kamucalisani.net\/index.php\/wp-json\/wp\/v2\/posts"}],"about":[{"href":"https:\/\/kamucalisani.net\/index.php\/wp-json\/wp\/v2\/types\/post"}],"author":[{"embeddable":true,"href":"https:\/\/kamucalisani.net\/index.php\/wp-json\/wp\/v2\/users\/1"}],"replies":[{"embeddable":true,"href":"https:\/\/kamucalisani.net\/index.php\/wp-json\/wp\/v2\/comments?post=141067"}],"version-history":[{"count":1,"href":"https:\/\/kamucalisani.net\/index.php\/wp-json\/wp\/v2\/posts\/141067\/revisions"}],"predecessor-version":[{"id":141069,"href":"https:\/\/kamucalisani.net\/index.php\/wp-json\/wp\/v2\/posts\/141067\/revisions\/141069"}],"wp:featuredmedia":[{"embeddable":true,"href":"https:\/\/kamucalisani.net\/index.php\/wp-json\/wp\/v2\/media\/141068"}],"wp:attachment":[{"href":"https:\/\/kamucalisani.net\/index.php\/wp-json\/wp\/v2\/media?parent=141067"}],"wp:term":[{"taxonomy":"category","embeddable":true,"href":"https:\/\/kamucalisani.net\/index.php\/wp-json\/wp\/v2\/categories?post=141067"},{"taxonomy":"post_tag","embeddable":true,"href":"https:\/\/kamucalisani.net\/index.php\/wp-json\/wp\/v2\/tags?post=141067"}],"curies":[{"name":"wp","href":"https:\/\/api.w.org\/{rel}","templated":true}]}}