{"id":141070,"date":"2025-11-20T05:12:09","date_gmt":"2025-11-20T05:12:09","guid":{"rendered":"https:\/\/kamucalisani.net\/?p=141070"},"modified":"2025-11-20T05:12:09","modified_gmt":"2025-11-20T05:12:09","slug":"emine-erdogan-sofun-zamansiz-yolculugu-sergisine-katildi","status":"publish","type":"post","link":"https:\/\/kamucalisani.net\/index.php\/2025\/11\/20\/emine-erdogan-sofun-zamansiz-yolculugu-sergisine-katildi\/","title":{"rendered":"Emine Erdo\u011fan, \u2018Sof\u2019un Zamans\u0131z Yolculu\u011fu Sergisi\u2019ne kat\u0131ld\u0131"},"content":{"rendered":"<p><p>Sanayi ve Teknoloji Bakanl\u0131\u011f\u0131, Ankara Valili\u011fi, Ankara Kalk\u0131nma Ajans\u0131 ile Ankara El Sanatlar\u0131 ve Tasar\u0131m Merkezinin unutulmaya y\u00fcz tutmu\u015f bu miras\u0131 b\u00fcy\u00fck bir emekle hayata d\u00f6nd\u00fcrd\u00fc\u011f\u00fcn\u00fc belirten Emine Erdo\u011fan, sof kuma\u015f\u0131 m\u00fcze vitrinlerinden \u00e7\u0131kar\u0131p usta ellerle bulu\u015fturman\u0131n \u00f6nemini vurgulad\u0131. Emine Erdo\u011fan, \u201cTiftik ke\u00e7isi ve sof kuma\u015f\u0131, Ankara\u2019n\u0131n alametifarikalar\u0131d\u0131r. O nedenle bug\u00fcn, dokuma tezgahlar\u0131nda tekrar sof kuma\u015f\u0131 dokumak, medeniyetimizin ruhunu, ba\u015far\u0131s\u0131n\u0131, kimli\u011fini ve belle\u011fini dokumak demektir\u201d dedi. Konu\u015fmalar\u0131n ard\u0131ndan sof kuma\u015f\u0131ndan 35 k\u0131yafetin sergilendi\u011fi defile ger\u00e7ekle\u015ftirildi. Defilenin son par\u00e7as\u0131n\u0131 eski T\u00fcrkiye ve d\u00fcnya g\u00fczeli, oyuncu Azra Ak\u0131n ta\u015f\u0131d\u0131.<\/p>\n\n<p><\/p>\n<p>Kaynak :\u00a0<span style=\"background-color: rgb(255, 249, 236); color: rgb(55, 58, 60); font-size: 14px;\">http:\/\/www.milliyet.com.tr\/gundem\/emine-erdogan-sofun-zamansiz-yolculugu-sergisine-katildi-7486484<\/span><\/p>\n","protected":false},"excerpt":{"rendered":"<p>Cumhurba\u015fkan\u0131 Recep Tayyip Erdo\u011fan\u2019\u0131n e\u015fi Emine Erdo\u011fan\u2019\u0131n himayesinde, Anadolu Medeniyetleri M\u00fczesinde d\u00fczenlenen \u201cAnadoludakiler: Sof\u2019un Zamans\u0131z Yolculu\u011fu\u201d sergisi a\u00e7\u0131ld\u0131.<\/p>\n","protected":false},"author":1,"featured_media":141071,"comment_status":"open","ping_status":"open","sticky":false,"template":"","format":"standard","meta":{"footnotes":""},"categories":[3],"tags":[],"class_list":["post-141070","post","type-post","status-publish","format-standard","has-post-thumbnail","hentry","category-guncel"],"_links":{"self":[{"href":"https:\/\/kamucalisani.net\/index.php\/wp-json\/wp\/v2\/posts\/141070","targetHints":{"allow":["GET"]}}],"collection":[{"href":"https:\/\/kamucalisani.net\/index.php\/wp-json\/wp\/v2\/posts"}],"about":[{"href":"https:\/\/kamucalisani.net\/index.php\/wp-json\/wp\/v2\/types\/post"}],"author":[{"embeddable":true,"href":"https:\/\/kamucalisani.net\/index.php\/wp-json\/wp\/v2\/users\/1"}],"replies":[{"embeddable":true,"href":"https:\/\/kamucalisani.net\/index.php\/wp-json\/wp\/v2\/comments?post=141070"}],"version-history":[{"count":1,"href":"https:\/\/kamucalisani.net\/index.php\/wp-json\/wp\/v2\/posts\/141070\/revisions"}],"predecessor-version":[{"id":141072,"href":"https:\/\/kamucalisani.net\/index.php\/wp-json\/wp\/v2\/posts\/141070\/revisions\/141072"}],"wp:featuredmedia":[{"embeddable":true,"href":"https:\/\/kamucalisani.net\/index.php\/wp-json\/wp\/v2\/media\/141071"}],"wp:attachment":[{"href":"https:\/\/kamucalisani.net\/index.php\/wp-json\/wp\/v2\/media?parent=141070"}],"wp:term":[{"taxonomy":"category","embeddable":true,"href":"https:\/\/kamucalisani.net\/index.php\/wp-json\/wp\/v2\/categories?post=141070"},{"taxonomy":"post_tag","embeddable":true,"href":"https:\/\/kamucalisani.net\/index.php\/wp-json\/wp\/v2\/tags?post=141070"}],"curies":[{"name":"wp","href":"https:\/\/api.w.org\/{rel}","templated":true}]}}