{"id":141073,"date":"2025-11-20T05:18:08","date_gmt":"2025-11-20T05:18:08","guid":{"rendered":"https:\/\/kamucalisani.net\/?p=141073"},"modified":"2025-11-20T05:18:08","modified_gmt":"2025-11-20T05:18:08","slug":"nuh-yilmaz-suriye-buyukelcisi-oldu","status":"publish","type":"post","link":"https:\/\/kamucalisani.net\/index.php\/2025\/11\/20\/nuh-yilmaz-suriye-buyukelcisi-oldu\/","title":{"rendered":"Nuh Y\u0131lmaz, Suriye b\u00fcy\u00fckel\u00e7isi oldu"},"content":{"rendered":"<p><p><span><strong>AYDIN HASAN \/ Ankara &#8211;<\/strong> <\/span>T\u00fcrkiye, 2012 y\u0131l\u0131n\u0131n Mart ay\u0131ndan itibaren Suriye\u2019deki Esad rejimi ile diplomatik temas\u0131n\u0131 alt seviyeye indirmi\u015f, \u015eam\u2019daki b\u00fcy\u00fckel\u00e7ili\u011fin faaliyetlerini ask\u0131ya alm\u0131\u015ft\u0131. Resmi diplomatik yaz\u0131\u015fmalar ise D\u0131\u015fi\u015fleri Bakanl\u0131\u011f\u0131\u2019n\u0131n \u0130stanbul Temsilcili\u011fi ile Suriye\u2019nin \u0130stanbul Ba\u015fkonsoloslu\u011fu \u00fczerinden yap\u0131l\u0131yordu. Esad rejiminin y\u0131k\u0131l\u0131p, Ahmed \u015eara\u2019n\u0131n Suriye\u2019de yeni y\u00f6netimi olu\u015fturmas\u0131 sonras\u0131, \u015eam B\u00fcy\u00fckel\u00e7ili\u011fi maslahatg\u00fczar seviyesinde faaliyete sokuldu. T\u00fcrkiye\u2019nin Nuak\u015fot B\u00fcy\u00fckel\u00e7isi Prof. Burhan K\u00f6ro\u011flu da, Ge\u00e7ici Maslahatg\u00fczar olarak g\u00f6revlendirildi. T\u00fcrkiye, Suriye Cumhurba\u015fkan\u0131 Ahmed \u015eara ve arkada\u015flar\u0131n\u0131n, Birle\u015fmi\u015f Milletler Ter\u00f6r \u00d6rg\u00fct\u00fc listesinden \u00e7\u0131kart\u0131lmas\u0131n\u0131n ard\u0131ndan d\u00fcn \u015eam\u2019a resmen b\u00fcy\u00fckel\u00e7i atad\u0131.<\/p>\n<p>Cumhurba\u015fkan\u0131 Recep Tayyip Erdo\u011fan\u2019\u0131n imzas\u0131yla Resmi Gazete\u2019de yay\u0131mlanan kararla, Suriye Arap Cumhuriyeti Nezdinde T\u00fcrkiye Cumhuriyeti B\u00fcy\u00fckel\u00e7ili\u011fine Bakan Yard\u0131mc\u0131s\u0131 Nuh Y\u0131lmaz getirildi. A\u011fustos 2013 &#8211; Haziran 2023 aras\u0131nda Mill\u00ee \u0130stihbarat Te\u015fkil\u00e2t\u0131 Ba\u015fkanl\u0131\u011f\u0131\u2019nda g\u00f6rev yapan Y\u0131lmaz, 20 May\u0131s 2024\u2019ten bu yana da D\u0131\u015fi\u015fleri Bakanl\u0131\u011f\u0131 Bakan Yard\u0131mc\u0131l\u0131\u011f\u0131n\u0131 y\u00fcr\u00fct\u00fcyordu. Cumhurba\u015fkanl\u0131\u011f\u0131 karar\u0131yla ayr\u0131ca, Uluslararas\u0131 Sivil Havac\u0131l\u0131k Te\u015fkilat\u0131 Nezdinde T\u00fcrkiye Cumhuriyeti Daimi Temsilcili\u011fine, D\u0131\u015fi\u015fleri Bakanl\u0131\u011f\u0131 \u0130kili \u0130li\u015fkiler Genel M\u00fcd\u00fcr\u00fc \u015eebnem Cenk atand\u0131.<\/p>\n<p><strong>ABD\u2019den kutlama<\/strong><\/p>\n<p>ABD\u2019nin Ankara B\u00fcy\u00fckel\u00e7isi ve Suriye \u00d6zel Temsilcisi Tom Barrack da X\u2019teki hesab\u0131ndan yay\u0131mlad\u0131\u011f\u0131 mesajla Y\u0131lmaz\u2019\u0131 tebrik etti. Barrack mesaj\u0131nda, \u201cNuh Y\u0131lmaz\u2019\u0131 13 y\u0131l aradan sonra T\u00fcrkiye\u2019nin Suriye\u2019ye ilk B\u00fcy\u00fckel\u00e7isi olarak atanmas\u0131 dolay\u0131s\u0131yla i\u00e7tenlikle kutluyorum\u201d dedi.<\/p>\n\n<p><\/p>\n<p>Kaynak :\u00a0<span style=\"background-color: rgb(255, 249, 236); color: rgb(55, 58, 60); font-size: 14px;\">http:\/\/www.milliyet.com.tr\/gundem\/nuh-yilmaz-suriye-buyukelcisi-oldu-7486485<\/span><\/p>\n","protected":false},"excerpt":{"rendered":"<p>T\u00fcrkiye\u2019nin \u015eam B\u00fcy\u00fckel\u00e7ili\u011fi\u2019ne 13 y\u0131l aran\u0131n ard\u0131ndan D\u0131\u015fi\u015fleri Bakan\u0131 Hakan Fidan\u2019a yak\u0131n bir isim olan Bakan yard\u0131mc\u0131s\u0131 Nuh Y\u0131lmaz atand\u0131.<\/p>\n","protected":false},"author":1,"featured_media":141074,"comment_status":"open","ping_status":"open","sticky":false,"template":"","format":"standard","meta":{"footnotes":""},"categories":[3],"tags":[224,4985,232,146],"class_list":["post-141073","post","type-post","status-publish","format-standard","has-post-thumbnail","hentry","category-guncel","tag-bakan","tag-buyukelci","tag-suriye","tag-turkiye"],"_links":{"self":[{"href":"https:\/\/kamucalisani.net\/index.php\/wp-json\/wp\/v2\/posts\/141073","targetHints":{"allow":["GET"]}}],"collection":[{"href":"https:\/\/kamucalisani.net\/index.php\/wp-json\/wp\/v2\/posts"}],"about":[{"href":"https:\/\/kamucalisani.net\/index.php\/wp-json\/wp\/v2\/types\/post"}],"author":[{"embeddable":true,"href":"https:\/\/kamucalisani.net\/index.php\/wp-json\/wp\/v2\/users\/1"}],"replies":[{"embeddable":true,"href":"https:\/\/kamucalisani.net\/index.php\/wp-json\/wp\/v2\/comments?post=141073"}],"version-history":[{"count":1,"href":"https:\/\/kamucalisani.net\/index.php\/wp-json\/wp\/v2\/posts\/141073\/revisions"}],"predecessor-version":[{"id":141075,"href":"https:\/\/kamucalisani.net\/index.php\/wp-json\/wp\/v2\/posts\/141073\/revisions\/141075"}],"wp:featuredmedia":[{"embeddable":true,"href":"https:\/\/kamucalisani.net\/index.php\/wp-json\/wp\/v2\/media\/141074"}],"wp:attachment":[{"href":"https:\/\/kamucalisani.net\/index.php\/wp-json\/wp\/v2\/media?parent=141073"}],"wp:term":[{"taxonomy":"category","embeddable":true,"href":"https:\/\/kamucalisani.net\/index.php\/wp-json\/wp\/v2\/categories?post=141073"},{"taxonomy":"post_tag","embeddable":true,"href":"https:\/\/kamucalisani.net\/index.php\/wp-json\/wp\/v2\/tags?post=141073"}],"curies":[{"name":"wp","href":"https:\/\/api.w.org\/{rel}","templated":true}]}}