{"id":141156,"date":"2025-11-20T08:36:09","date_gmt":"2025-11-20T08:36:09","guid":{"rendered":"https:\/\/kamucalisani.net\/?p=141156"},"modified":"2025-11-20T08:36:09","modified_gmt":"2025-11-20T08:36:09","slug":"milli-dayanisma-kardeslik-ve-demokrasi-komisyonunda-kritik-gundem","status":"publish","type":"post","link":"https:\/\/kamucalisani.net\/index.php\/2025\/11\/20\/milli-dayanisma-kardeslik-ve-demokrasi-komisyonunda-kritik-gundem\/","title":{"rendered":"Milli Dayan\u0131\u015fma, Karde\u015flik ve Demokrasi Komisyonu&#8217;nda kritik g\u00fcndem"},"content":{"rendered":"<p><p>Komisyon, bundan \u00f6nceki son toplant\u0131s\u0131n\u0131 TBMM Ba\u015fkan\u0131 Numan Kurtulmu\u015f ba\u015fkanl\u0131\u011f\u0131nda 18 Kas\u0131m Sal\u0131 g\u00fcn\u00fc ger\u00e7ekle\u015ftirdi.<\/p>\n<p>\u0130\u00e7i\u015fleri Bakan\u0131 Ali Yerlikaya, Milli Savunma Bakan\u0131 Ya\u015far G\u00fcler ve Milli \u0130stihbarat Te\u015fkilat\u0131 Ba\u015fkan\u0131 \u0130brahim Kal\u0131n, kapal\u0131 oturum \u015feklinde ger\u00e7ekle\u015ftirilen 17. toplant\u0131da sunum yapt\u0131, ard\u0131ndan milletvekillerinin sorular\u0131n\u0131 yan\u0131tlad\u0131.<\/p>\n<p>Toplant\u0131n\u0131n ard\u0131ndan Komisyondan yap\u0131lan a\u00e7\u0131klamada, \u00e7al\u0131\u015fmalar\u0131n tamamlanmas\u0131na yakla\u015f\u0131ld\u0131\u011f\u0131, kullan\u0131lan dile ve \u00fcsluba azami \u00f6zen g\u00f6sterilmesi vurguland\u0131. A\u00e7\u0131klamada, ba\u015fta Kurtulmu\u015f olmak \u00fczere, Komisyon \u00e7al\u0131\u015fmalar\u0131nda &#8220;sorumluluk y\u00fcklenenlere&#8221; y\u00f6nelik ithamlar\u0131n kar\u015f\u0131s\u0131nda &#8220;ortak tav\u0131rla&#8221; durulaca\u011f\u0131 belirtildi.<\/p>\n<p>\u00d6te yandan Komisyon, 18. toplant\u0131s\u0131n\u0131 yar\u0131n saat 14.00&#8217;te Meclis T\u00f6ren Salonu&#8217;nda TBMM Ba\u015fkan\u0131 Kurtulmu\u015f ba\u015fkanl\u0131\u011f\u0131nda ger\u00e7ekle\u015ftirecek.<\/p>\n<p>Toplant\u0131da, Komisyonun bug\u00fcne kadar ger\u00e7ekle\u015ftirdi\u011fi \u00e7al\u0131\u015fmalar de\u011ferlendirilecek, \u0130mral\u0131 Y\u00fcksek G\u00fcvenlikli Ceza \u0130nfaz Kurumuna gidilmesi de dahil olmak \u00fczere gelecek s\u00fcre\u00e7te yap\u0131lacak \u00e7al\u0131\u015fmalar g\u00f6r\u00fc\u015f\u00fclecek.<\/p>\n<p>Komisyonun \u00e7al\u0131\u015fma usul ve esaslar\u0131na g\u00f6re, toplant\u0131 yeter say\u0131s\u0131, \u00fcye tam say\u0131s\u0131n\u0131n salt \u00e7o\u011funlu\u011fundan olu\u015fuyor.<\/p>\n<p>Kanun teklifi haz\u0131rlanmas\u0131na ili\u015fkin kararlar, \u00fcye tam say\u0131s\u0131n\u0131n 5&#8217;te 3 \u00e7o\u011funlu\u011fuyla al\u0131n\u0131rken di\u011fer hususlarda karar yeter say\u0131s\u0131, &#8220;toplant\u0131ya kat\u0131lan \u00fcyelerin salt \u00e7o\u011funlu\u011fu&#8221; olarak uygulan\u0131yor.<\/p>\n<p>Ayr\u0131ca Komisyon, usul ve esaslarda yer almayan haller i\u00e7in karar yeter say\u0131s\u0131yla usul belirleyebiliyor.<\/p>\n\n<p><\/p>\n<p>Kaynak :\u00a0<span style=\"background-color: rgb(255, 249, 236); color: rgb(55, 58, 60); font-size: 14px;\">http:\/\/www.milliyet.com.tr\/gundem\/milli-dayanisma-kardeslik-ve-demokrasi-komisyonunda-kritik-gundem-7486639<\/span><\/p>\n","protected":false},"excerpt":{"rendered":"<p>&#8216;Ter\u00f6rs\u00fcz T\u00fcrkiye&#8217; hedefi do\u011frultusunda Meclis&#8217;te kurulan Milli Dayan\u0131\u015fma, Karde\u015flik ve Demokrasi Komisyonu, yar\u0131n ger\u00e7ekle\u015ftirece\u011fi 18. toplant\u0131s\u0131nda, bug\u00fcne kadar ger\u00e7ekle\u015ftirdi\u011fi \u00e7al\u0131\u015fmalar\u0131 de\u011ferlendirecek, \u0130mral\u0131 Y\u00fcksek G\u00fcvenlikli Ceza \u0130nfaz Kurumuna gidilmesi de dahil olmak \u00fczere gelecek s\u00fcre\u00e7te yapaca\u011f\u0131 \u00e7al\u0131\u015fmalar\u0131 g\u00f6r\u00fc\u015fecek.<\/p>\n","protected":false},"author":1,"featured_media":141157,"comment_status":"open","ping_status":"open","sticky":false,"template":"","format":"standard","meta":{"footnotes":""},"categories":[3],"tags":[903,2415,363],"class_list":["post-141156","post","type-post","status-publish","format-standard","has-post-thumbnail","hentry","category-guncel","tag-calisma","tag-komisyon","tag-toplanti"],"_links":{"self":[{"href":"https:\/\/kamucalisani.net\/index.php\/wp-json\/wp\/v2\/posts\/141156","targetHints":{"allow":["GET"]}}],"collection":[{"href":"https:\/\/kamucalisani.net\/index.php\/wp-json\/wp\/v2\/posts"}],"about":[{"href":"https:\/\/kamucalisani.net\/index.php\/wp-json\/wp\/v2\/types\/post"}],"author":[{"embeddable":true,"href":"https:\/\/kamucalisani.net\/index.php\/wp-json\/wp\/v2\/users\/1"}],"replies":[{"embeddable":true,"href":"https:\/\/kamucalisani.net\/index.php\/wp-json\/wp\/v2\/comments?post=141156"}],"version-history":[{"count":1,"href":"https:\/\/kamucalisani.net\/index.php\/wp-json\/wp\/v2\/posts\/141156\/revisions"}],"predecessor-version":[{"id":141158,"href":"https:\/\/kamucalisani.net\/index.php\/wp-json\/wp\/v2\/posts\/141156\/revisions\/141158"}],"wp:featuredmedia":[{"embeddable":true,"href":"https:\/\/kamucalisani.net\/index.php\/wp-json\/wp\/v2\/media\/141157"}],"wp:attachment":[{"href":"https:\/\/kamucalisani.net\/index.php\/wp-json\/wp\/v2\/media?parent=141156"}],"wp:term":[{"taxonomy":"category","embeddable":true,"href":"https:\/\/kamucalisani.net\/index.php\/wp-json\/wp\/v2\/categories?post=141156"},{"taxonomy":"post_tag","embeddable":true,"href":"https:\/\/kamucalisani.net\/index.php\/wp-json\/wp\/v2\/tags?post=141156"}],"curies":[{"name":"wp","href":"https:\/\/api.w.org\/{rel}","templated":true}]}}