{"id":141199,"date":"2025-11-20T09:42:09","date_gmt":"2025-11-20T09:42:09","guid":{"rendered":"https:\/\/kamucalisani.net\/?p=141199"},"modified":"2025-11-20T09:42:09","modified_gmt":"2025-11-20T09:42:09","slug":"fenerbahce-oncesi-galatasaray-kaptani-ilkin-aydin-galibiyet-istiyoruz","status":"publish","type":"post","link":"https:\/\/kamucalisani.net\/index.php\/2025\/11\/20\/fenerbahce-oncesi-galatasaray-kaptani-ilkin-aydin-galibiyet-istiyoruz\/","title":{"rendered":"Fenerbah\u00e7e \u00f6ncesi Galatasaray kaptan\u0131 \u0130lkin Ayd\u0131n: Galibiyet istiyoruz"},"content":{"rendered":"<p><p>Sultanlar Ligi&#8217;nde Fenerbah\u00e7e Medicana evinde Galatasaray Daikin&#8217;i konuk edecek. Fenerbah\u00e7e 5&#8217;te 5 ile liderli\u011fi Vak\u0131fBank ile payla\u015f\u0131yor. Galatasaray Daikin ise tek yenilgisini Vak\u0131fBank&#8217;a kar\u015f\u0131 ald\u0131. Sar\u0131-k\u0131rm\u0131z\u0131l\u0131lar ligde \u00fc\u00e7\u00fcnc\u00fc s\u0131rada yer al\u0131yor.\u00a0<\/p>\n<p><strong>FENERBAH\u00c7E ECZACIBA\u015eI&#8217;NI MA\u011eLUP ETT\u0130<\/strong><\/p>\n<p>Fenerbah\u00e7e Medicana, Eczac\u0131ba\u015f\u0131 deplasman\u0131ndan 3-1\u2019lik skorla galip ayr\u0131ld\u0131. Fenerbah\u00e7e Medicana\u2019da Melissa Vargas 23, Arina Fedorovtseva 19, Hande Balad\u0131n 15 say\u0131yla \u00e7ift hanelere ula\u015ft\u0131 ve galibiyette etkili oldu.<\/p>\n<p><strong>GALATASARAY EV\u0130NDE KAZANDI\u00a0<\/strong><\/p>\n<p>Galatasaray Daikin ise Bah\u00e7elievler Belediyespor ekibini konuk etti. sar\u0131 k\u0131rm\u0131z\u0131l\u0131lar 25-22, 25-15 ve 25-19 sonu\u00e7lanan setlerle 3-0 kazand\u0131 ve 3 puan\u0131n sahibi oldu.\u00a0<\/p>\n<p>Galatasaray Daikin\u2019de Kaja Grobelna 14 say\u0131yla tak\u0131m\u0131n\u0131n skorer ismi olurken; \u0130lkin Ayd\u0131n 10, Myriam Sylla 8, Yasemin G\u00fcveli 7 say\u0131yla galibiyette etkili oldu.\u00a0<\/p>\n<div>\n<div><img decoding=\"async\" src=\"https:\/\/kamucalisani.net\/wp-content\/uploads\/2025\/11\/fenerbahce-oncesi-galatasaray-kaptani-ilkin-aydin-galibiyet-istiyoruz-0-jeBQX6hN.jpg\"\/><\/img><\/div>\n<\/div>\n<p><strong>\u0130LK\u0130N AYDIN: GAL\u0130B\u0130YETLE AYRILMAK \u0130ST\u0130YORUZ<\/strong>\u00a0<\/p>\n<p>Galatasaray kaptan\u0131 \u0130lkin Ayd\u0131n, kul\u00fcp kanal\u0131na ma\u00e7 \u00f6ncesinde: &#8220;\u0130yi \u00e7al\u0131\u015ft\u0131\u011f\u0131m\u0131z\u0131 d\u00fc\u015f\u00fcn\u00fcyorum. Derbi ma\u00e7lar\u0131 bizi i\u00e7in her zaman \u00f6nemli. Sahadan iyi bir oyun ve galibiyetle ayr\u0131lmak istiyoruz.&#8221; ifadelerini kulland\u0131.\u00a0<\/p>\n<p>Pas\u00f6r Britt Bongaerts ise \u015funlar\u0131 s\u00f6yledi: Fenerbah\u00e7e&#8217;ye kar\u015f\u0131 oynayaca\u011f\u0131z. Bizim i\u00e7in \u00e7ok \u00f6nemli bir ma\u00e7 olaca\u011f\u0131n\u0131 biliyoruz. Bu bir derbi, Fenerbah\u00e7e evinde oynayacak ama bence \u015fu ana kadar iyi \u00e7al\u0131\u015f\u0131yoruz. Sahada elimizden gelenin en iyisini yapmaya \u00e7al\u0131\u015faca\u011f\u0131z. Hep birlikte g\u00f6rece\u011fiz\u00a0<\/p>\n<p>Sma\u00e7\u00f6r Ali Frantti, Fenerbah\u00e7e \u00f6ncesinde &#8220;Bu ma\u00e7 i\u00e7in \u00e7ok heyecanl\u0131y\u0131z. Elbette kazanmak istiyoruz. Bu hafta \u00e7ok s\u0131k\u0131 \u00e7al\u0131\u015ft\u0131k. Herkese g\u00fczle bir kar\u015f\u0131la\u015fma sunmak i\u00e7in sab\u0131rs\u0131zlan\u0131yoruz&#8221; dedi.\u00a0<\/p>\n<p><strong>FENERBAH\u00c7E YARI F\u0130NALDE ELEM\u0130\u015eT\u0130<\/strong><\/p>\n<p>Ge\u00e7en sezon Sultanlar Ligi yar\u0131 final serisinde kar\u015f\u0131la\u015fan iki ekibin ma\u00e7lar\u0131 b\u00fcy\u00fck heyecana sahne olmu\u015ftu. \u0130lk ma\u00e7\u0131 Galatasaray kazan\u0131rken serinin kalan ma\u00e7lar\u0131nda ise Fenerbah\u00e7e galip gelerek 2-1 ile final y\u00fckselmi\u015fti.<\/p>\n<p>Liglerde haftan\u0131n ma\u00e7 program\u0131 \u015f\u00f6yle:\u00a0<\/p>\n<p><strong>&#8211; Vodafone Sultanlar Ligi\u00a0<\/strong><\/p>\n<p>20 Kas\u0131m Per\u015fembe:\u00a0<\/p>\n<p>14.00 Vak\u0131fbank-Kuzeyboru (Vak\u0131fbank)\u00a0<\/p>\n<p>15.00 \u0130lbank-G\u00f6ztepe (TVF Ziraat Bankkart)\u00a0<\/p>\n<p>15.00 T\u00fcrk Hava Yollar\u0131-Zeren Spor (Burhan Felek Vestel)\u00a0<\/p>\n<p>15.00 Aras Spor-Be\u015fikta\u015f (Atat\u00fcrk Voleybol Salonu Vestel)\u00a0<\/p>\n<p>16.00 Bah\u00e7elievler Belediyespor-Ayd\u0131n B\u00fcy\u00fck\u015fehir Belediyespor (Hasan Do\u011fan)\u00a0<\/p>\n<p>17.00 Nil\u00fcfer Belediyespor Eker-Eczac\u0131ba\u015f\u0131 Dynavit (Cengiz G\u00f6ll\u00fc)\u00a0<\/p>\n<p>19.30 Fenerbah\u00e7e Medicana-Galatasaray Daikin (Burhan Felek Vestel)<\/p>\n\n<p><\/p>\n<p>Kaynak :\u00a0<span style=\"background-color: rgb(255, 249, 236); color: rgb(55, 58, 60); font-size: 14px;\">http:\/\/www.milliyet.com.tr\/skorer\/fenerbahce-oncesi-galatasaray-kaptani-ilkin-aydin-galibiyet-istiyoruz-7486752<\/span><\/p>\n","protected":false},"excerpt":{"rendered":"<p>Sultanlar Ligi&#8217;nin 6. haftas\u0131nda Fenerbah\u00e7e Medicana evinde Galatasaray Daikin&#8217;i konuk edecek. M\u00fccadele \u00f6ncesinde Galatasaray&#8217;da kaptan \u0130lkin Ayd\u0131n, Britt Bongaerts ve Ali Frantti a\u00e7\u0131klamalarda bulundu.<\/p>\n","protected":false},"author":1,"featured_media":141200,"comment_status":"open","ping_status":"open","sticky":false,"template":"","format":"standard","meta":{"footnotes":""},"categories":[7],"tags":[184,9422,288],"class_list":["post-141199","post","type-post","status-publish","format-standard","has-post-thumbnail","hentry","category-spor","tag-fenerbahce","tag-galatasaray-daikin","tag-mac"],"_links":{"self":[{"href":"https:\/\/kamucalisani.net\/index.php\/wp-json\/wp\/v2\/posts\/141199","targetHints":{"allow":["GET"]}}],"collection":[{"href":"https:\/\/kamucalisani.net\/index.php\/wp-json\/wp\/v2\/posts"}],"about":[{"href":"https:\/\/kamucalisani.net\/index.php\/wp-json\/wp\/v2\/types\/post"}],"author":[{"embeddable":true,"href":"https:\/\/kamucalisani.net\/index.php\/wp-json\/wp\/v2\/users\/1"}],"replies":[{"embeddable":true,"href":"https:\/\/kamucalisani.net\/index.php\/wp-json\/wp\/v2\/comments?post=141199"}],"version-history":[{"count":1,"href":"https:\/\/kamucalisani.net\/index.php\/wp-json\/wp\/v2\/posts\/141199\/revisions"}],"predecessor-version":[{"id":141202,"href":"https:\/\/kamucalisani.net\/index.php\/wp-json\/wp\/v2\/posts\/141199\/revisions\/141202"}],"wp:featuredmedia":[{"embeddable":true,"href":"https:\/\/kamucalisani.net\/index.php\/wp-json\/wp\/v2\/media\/141200"}],"wp:attachment":[{"href":"https:\/\/kamucalisani.net\/index.php\/wp-json\/wp\/v2\/media?parent=141199"}],"wp:term":[{"taxonomy":"category","embeddable":true,"href":"https:\/\/kamucalisani.net\/index.php\/wp-json\/wp\/v2\/categories?post=141199"},{"taxonomy":"post_tag","embeddable":true,"href":"https:\/\/kamucalisani.net\/index.php\/wp-json\/wp\/v2\/tags?post=141199"}],"curies":[{"name":"wp","href":"https:\/\/api.w.org\/{rel}","templated":true}]}}