{"id":141231,"date":"2025-11-20T10:18:10","date_gmt":"2025-11-20T10:18:10","guid":{"rendered":"https:\/\/kamucalisani.net\/?p=141231"},"modified":"2025-11-20T10:18:10","modified_gmt":"2025-11-20T10:18:10","slug":"fredden-fenerbahce-icin-sampiyonluk-iddiasi-iki-organizasyonu-da-kazanabiliriz","status":"publish","type":"post","link":"https:\/\/kamucalisani.net\/index.php\/2025\/11\/20\/fredden-fenerbahce-icin-sampiyonluk-iddiasi-iki-organizasyonu-da-kazanabiliriz\/","title":{"rendered":"Fred&#8217;den Fenerbah\u00e7e i\u00e7in \u015fampiyonluk iddias\u0131! &#8216;\u0130ki organizasyonu da kazanabiliriz&#8217;"},"content":{"rendered":"<p><p>S\u00fcper Lig\u2019in 13. haftas\u0131nda, 23 Kas\u0131m Pazar g\u00fcn\u00fc konuk olacaklar\u0131 \u00c7aykur Rizespor ma\u00e7\u0131n\u0131n haz\u0131rl\u0131klar\u0131n\u0131 s\u00fcrd\u00fcren sar\u0131-lacivertlilerin 32 ya\u015f\u0131ndaki orta saha oyuncusu, Fenerbah\u00e7e Can Bartu Tesisleri\u2019nde AA muhabirin sorular\u0131n\u0131 yan\u0131tlad\u0131.<\/p>\n<p>Zirve yar\u0131\u015f\u0131nda Galatasaray ile m\u00fccadele ettiklerini ve t\u00fcm puanlar\u0131 kazanmak istediklerini belirten Brezilyal\u0131 oyuncu, \u201c\u0130yi bir ma\u00e7 olaca\u011f\u0131n\u0131 d\u00fc\u015f\u00fcn\u00fcyorum. Beklentimiz o ki kar\u015f\u0131m\u0131zda iyi bir tak\u0131m olacak. Bizim hi\u00e7bir \u015fekilde puan kayb\u0131na tahamm\u00fcl\u00fcm\u00fcz yok. \u015eu anda yar\u0131\u015f Galatasaray\u2019la bizim aram\u0131zda yak\u0131n bir \u015fekilde s\u00fcr\u00fcyor. Bir puanl\u0131k fark var. Toplayabildi\u011fimiz kadar puan toplamak istiyoruz. Amac\u0131m\u0131z tabii ki galibiyet elde etmek olacak.\u201d ifadelerini kulland\u0131.<\/p>\n<p><strong>UEFA Avrupa Ligi&#8217;nde de hedeflerinin \u015fampiyonluk oldu\u011funu aktaran Fred, \u015f\u00f6yle devam etti:<\/strong><\/p>\n<p>&#8220;Avrupa Ligi&#8217;nde iyi bir \u015fekilde ilerledi\u011fimizi s\u00f6yleyebilirim. Son ma\u00e7larda 7 puan toplad\u0131k. Tabii ki bu ma\u00e7\u0131 da kazanmak istiyoruz. \u0130yi bir tak\u0131m oldu\u011fumuzu d\u00fc\u015f\u00fcn\u00fcyorum. Avrupa Ligi&#8217;ni kazanabiliriz. Hem Avrupa Ligi hem de S\u00fcper Lig&#8217;de hedeflerimiz var ve bu hedeflere emin ad\u0131mlarla ilerlememiz gerekiyor. Bana g\u00f6re bu iki organizasyonu da kazanabiliriz. \u0130yi bir kadromuz var, iyi bir tak\u0131m\u0131z. \u00c7ok kaliteli oyuncular\u0131m\u0131z var ve dolay\u0131s\u0131yla \u015fans\u0131m\u0131z\u0131n y\u00fcksek oldu\u011funu d\u00fc\u015f\u00fcn\u00fcyorum.&#8221;<\/p>\n<p><strong>&#8220;Oynamaya haz\u0131r\u0131m&#8221;<\/strong><\/p>\n<p>Fred, fiziksel olarak iyi durumda oldu\u011funu ve g\u00f6rev verilmesi durumunda forma giymek istedi\u011fini dile getirdi.<\/p>\n<p>Eski teknik direkt\u00f6r Jose Mourinho d\u00f6neminde bir\u00e7ok pozisyonda g\u00f6rev ald\u0131\u011f\u0131n\u0131 hat\u0131rlatan Fred, &#8220;Son d\u00f6nemde maalesef kul\u00fcbedeydim ama ben hocam\u0131n karar\u0131na her zaman sayg\u0131 duyuyorum. \u0130yi \u015fekilde antrenman yapt\u0131m. Ben kul\u00fcbede olmay\u0131 seven bir oyuncu de\u011filim ama yine s\u00f6yl\u00fcyorum bu hocan\u0131n karar\u0131 ve ben bu karara sayg\u0131l\u0131y\u0131m. Ben her zaman haz\u0131r\u0131m, her zaman elimden gelenin en iyisini yapmaya \u00e7al\u0131\u015f\u0131yorum. Son ma\u00e7ta da iyi bir ma\u00e7 \u00e7\u0131kard\u0131\u011f\u0131m\u0131 d\u00fc\u015f\u00fcn\u00fcyorum. Tabii ki daha fazla s\u00fcre almak, daha fazla oynamak istiyorum. Bu da hocaya ba\u011fl\u0131. Ben haz\u0131r\u0131m ve kendimi \u00e7ok iyi hissediyorum.&#8221; diye konu\u015ftu.<\/p>\n<p><strong>Teknik direkt\u00f6r Domenico Tedesco&#8217;nun g\u00f6rev vermesi durumunda orta sahada her pozisyonda oynayabilece\u011fini ifade eden Fred, \u015funlar\u0131 aktard\u0131:<\/strong><\/p>\n<p>&#8220;Benim Fenerbah\u00e7e&#8217;de bulunma amac\u0131m hocama, tak\u0131m\u0131ma ve Fenerbah\u00e7e&#8217;me katk\u0131 sa\u011flamak, yard\u0131mc\u0131 olmak. Fenerbah\u00e7e&#8217;yi \u015fampiyon yapma konusunda elimden gelenin en iyisini yapmak istiyorum. Bu sezonla ilgili konu\u015facak olursak, iyi bir tak\u0131m oldu\u011fumuzu, iyi bir durumda oldu\u011fumuzu d\u00fc\u015f\u00fcn\u00fcyorum. \u015eampiyon olabiliriz. \u015eampiyonlu\u011fu ba\u015far\u0131rsak tabii ki tarih yazm\u0131\u015f olaca\u011f\u0131z.&#8221;<\/p>\n<div>\n<div><img decoding=\"async\" src=\"https:\/\/kamucalisani.net\/wp-content\/uploads\/2025\/11\/fredden-fenerbahce-icin-sampiyonluk-iddiasi-iki-organizasyonu-da-kazanabiliriz-0-aV2VUZe4.jpg\"\/><\/img><\/div>\n<\/div>\n<p><strong>&#8220;Hocam\u0131za inan\u0131yoruz, g\u00fcveniyoruz&#8221;<\/strong><\/p>\n<p>Fred Rodrigues, teknik direkt\u00f6r Domenico Tedesco&#8217;nun tak\u0131ma kat\u0131ld\u0131ktan sonra \u00e7ok iyi bir i\u015f \u00e7\u0131kard\u0131\u011f\u0131n\u0131 dile getirdi.<\/p>\n<p>Tedesco&#8217;yu, antrenman ve taktiksel de\u011ferlendirme konusunda \u00e7ok be\u011fendi\u011fini aktaran tecr\u00fcbeli oyuncu, &#8220;Hocam\u0131za kar\u015f\u0131 iyi hisler ta\u015f\u0131d\u0131\u011f\u0131m\u0131 s\u00f6ylemek istiyorum. Hocam\u0131z harika bir insan, \u00e7ok b\u00fcy\u00fck bir teknik adam. Daha \u00f6nce Bel\u00e7ika Milli Tak\u0131m\u0131&#8217;ndayd\u0131 ve orada da bence iyi i\u015fler \u00e7\u0131kard\u0131. Buraya da Fenerbah\u00e7e&#8217;nin ama\u00e7lar\u0131na yard\u0131mc\u0131 olmak i\u00e7in geldi. Hocan\u0131n iyi i\u015f \u00e7\u0131kard\u0131\u011f\u0131n\u0131 s\u00f6yleyebilirim.&#8221; de\u011ferlendirmesinde bulundu.<\/p>\n<p><strong>Tedesco ile s\u00fcrekli beraber olduklar\u0131n\u0131 anlatan y\u0131ld\u0131z oyuncu, \u015funlar\u0131 kaydetti:<\/strong><\/p>\n<p>&#8220;Tak\u0131m olarak kendisine b\u00fcy\u00fck sayg\u0131 besliyoruz. \u0130yi bir yolda oldu\u011fumuzu d\u00fc\u015f\u00fcn\u00fcyoruz. Hocam\u0131z\u0131n antrenmanlar\u0131, taktiksel de\u011ferlendirmeleri bana g\u00f6re \u00e7ok iyi. Asl\u0131nda anahtar c\u00fcmle \u015fu; biz ona inan\u0131yoruz, g\u00fcveniyoruz, kendimize de g\u00fcveniyoruz.<\/p>\n<p>\u015eu anda iyi bir yolday\u0131z ve bu \u015fekilde devam etmemiz gerekiyor. M\u00fctevaz\u0131 \u015fekilde, ayaklar\u0131m\u0131z yere basarak devam etmemiz gerekiyor. \u00d6n\u00fcm\u00fczde \u00e7ok \u00f6nemli, b\u00fcy\u00fck ve kritik ma\u00e7lar olacak. Bu ma\u00e7lar\u0131 da kazanmak mecburiyetindeyiz. Hoca ger\u00e7ekten \u00e7ok iyi bir teknik adam ve birlikte yolumuza devam ediyoruz. \u00d6n\u00fcm\u00fczde oynayaca\u011f\u0131m\u0131z ma\u00e7lar\u0131 da kazanmak zorunday\u0131z.&#8221;<\/p>\n<p><strong>&#8220;Birliktelik sa\u011flanmas\u0131nda hocam\u0131z\u0131n rol\u00fc b\u00fcy\u00fck&#8221;<\/strong><\/p>\n<p>Brezilyal\u0131 y\u0131ld\u0131z oyuncu, tak\u0131m\u0131n son d\u00f6nemde yakalad\u0131\u011f\u0131 birliktelikte teknik direkt\u00f6r Domenico Tedesco&#8217;nun \u00f6nemli etkisinin bulundu\u011funu ifade etti.<\/p>\n<p><strong>Ba\u015far\u0131 i\u00e7in birlikte hareket etmek zorunda olduklar\u0131n\u0131n alt\u0131n\u0131 \u00e7izen Fred, \u015f\u00f6yle konu\u015ftu:<\/strong><\/p>\n<p>&#8220;\u0130yi bir kadromuz oldu\u011funu d\u00fc\u015f\u00fcn\u00fcyorum. Burada en \u00f6nemlisi birlikte hareket etmemiz. Birliktelik sa\u011flanmas\u0131nda hocam\u0131z\u0131n varl\u0131\u011f\u0131 yads\u0131namaz. Ama sadece hocam\u0131z de\u011fil, herkes buna katk\u0131 sa\u011fl\u0131yor. Taraftarlar\u0131m\u0131z, tesiste \u00e7al\u0131\u015fanlar. Biz birlikteyiz ve tek y\u00fcre\u011fiz, bunu s\u00fcrd\u00fcrmemiz gerekiyor. \u015eu anda \u00e7ok iyi bir durumda oldu\u011fumuzu s\u00f6ylemek istiyorum.&#8221;<\/p>\n<p><strong>&#8220;Galatasaray derbisi \u00e7ok anlaml\u0131&#8221;<\/strong><\/p>\n<p>Fred, ligin 14. haftas\u0131nda oynayacaklar\u0131 Galatasaray derbisinin \u00e7ok anlaml\u0131 oldu\u011funu belirtti.<\/p>\n<p><strong>Derbilerin \u00e7ok \u00f6zel oldu\u011funu vurgulayan Fred, \u015funlar\u0131 kaydetti:<\/strong><\/p>\n<p>&#8220;Galatasaray derbisi \u00e7ok anlaml\u0131. Derbiler T\u00fcrkiye&#8217;de \u00e7ok anlam ifade ediyor. Hatta t\u00fcm d\u00fcnyada \u00e7ok \u00f6nemlidir. Burada derbiler \u00e7ok \u00f6zel, bunun bilincindeyiz. Ama \u00f6ncesinde \u00c7aykur Rizespor ma\u00e7\u0131na odaklanmam\u0131z gerekiyor. Derbiyi kendi evimizde, taraftar\u0131m\u0131z\u0131n \u00f6n\u00fcnde oynayaca\u011f\u0131z. Saham\u0131zdaki son ma\u00e7larda, Galatasaray&#8217;a kar\u015f\u0131 maalesef iyi sonu\u00e7lar elde edemedik. \u015eu anda \u00e7ok daha iyi durumda oldu\u011fumuzu, o ma\u00e7\u0131 da kazanaca\u011f\u0131m\u0131z\u0131 d\u00fc\u015f\u00fcn\u00fcyorum. Buna odaklanaca\u011f\u0131z. Saham\u0131zdaki ma\u00e7ta g\u00fcc\u00fcm\u00fcz\u00fc maksimum \u015fekilde g\u00f6stermemiz gerekiyor. Taraftarlar\u0131m\u0131zla birlikte y\u00fczde 100 g\u00fcc\u00fcm\u00fcz\u00fc ortaya koyup kazanmak istiyoruz. Ligde hedeflerimize devam etmek ve hedefimize ula\u015fmak ad\u0131na tabii ki bu ma\u00e7lar\u0131 kazanmak \u00f6nemli.&#8221;<\/p>\n<p><strong>&#8220;Ederson bana kul\u00fcb\u00fc sordu&#8221;<\/strong><\/p>\n<p>Fred, Brezilya Milli Tak\u0131m\u0131&#8217;ndan arkada\u015f\u0131 kaleci Ederson ile transfer s\u00fcrecinde g\u00f6r\u00fc\u015ft\u00fcklerini s\u00f6yledi.<\/p>\n<div>\n<div><img decoding=\"async\" src=\"https:\/\/kamucalisani.net\/wp-content\/uploads\/2025\/11\/fredden-fenerbahce-icin-sampiyonluk-iddiasi-iki-organizasyonu-da-kazanabiliriz-1-TBY85dxJ.jpg\"\/><\/img><\/div>\n<\/div>\n<p>Ederson&#8217;un \u00e7ok \u00f6nemli bir futbolcu oldu\u011funu dile getiren Fred, &#8220;Ederson harika bir insan ve harika bir futbolcu. Milli tak\u0131mda birlikte, \u0130ngiltere&#8217;de de Manchester derbisinde kar\u015f\u0131 kar\u015f\u0131ya oynam\u0131\u015ft\u0131k. Buraya gelmeden \u00f6nce benimle konu\u015ftu. Bana \u0130stanbul&#8217;u ve kul\u00fcb\u00fc sordu, ben de gayet olumlu ve g\u00fczel \u015feyler s\u00f6yledim. Neticede Fenerbah\u00e7e&#8217;ye gelmeyi tercih etti. Onun buray\u0131 tercih etmesi \u00f6nemliydi. Tak\u0131ma etkisi ve katk\u0131s\u0131 \u00f6nemli. Onun burada olmas\u0131ndan dolay\u0131 mutluyuz. Kendisi harika bir insan ve harika bir futbolcu.&#8221; ifadelerini kulland\u0131.<\/p>\n<p><strong>Kariyerinde daha \u00f6nce \u0130ngiltere&#8217;de beraber \u00e7al\u0131\u015ft\u0131\u011f\u0131 ve bu sezon ba\u015f\u0131nda T\u00fcrkiye&#8217;de g\u00f6revlerinden ayr\u0131lan Fenerbah\u00e7eli Jose Mourinho ve Be\u015fikta\u015f&#8217;tan Ole Gunnar Solskjaer&#8217;e ili\u015fkin soruya ise Fred, \u015fu yan\u0131t\u0131 verdi:<\/strong><\/p>\n<p>&#8220;Her ikisiyle de \u00e7al\u0131\u015ft\u0131m, her ikisi de harika teknik direkt\u00f6rler. Mourinho&#8217;yla hem Manchester United&#8217;da hem de burada \u00e7al\u0131\u015ft\u0131m. Her iki teknik adam i\u00e7in de olumlu \u015feyler d\u00fc\u015f\u00fcn\u00fcyorum. Solskjaer de \u00f6nemli bir teknik direkt\u00f6r. Onlar\u0131 seviyorum. Her iki teknik adam da bana \u00e7ok yard\u0131mc\u0131 oldu. Ama T\u00fcrkiye&#8217;de neden ba\u015far\u0131s\u0131z olduklar\u0131na y\u00f6nelik teknik bir yorum yapamayaca\u011f\u0131m. Hem \u00e7ok g\u00fczel insanlar hem de \u00e7ok iyi teknik direkt\u00f6rler.&#8221;<\/p>\n<div>\n<div><img decoding=\"async\" src=\"https:\/\/kamucalisani.net\/wp-content\/uploads\/2025\/11\/fredden-fenerbahce-icin-sampiyonluk-iddiasi-iki-organizasyonu-da-kazanabiliriz-2-SPQHBxqP.jpg\"\/><\/img><\/div>\n<\/div>\n<p><strong>Fred, &#8216;Kariyerinin ba\u015f\u0131na geri d\u00f6nsen gen\u00e7 Fred&#8217;e tavsiyen ne olurdu?&#8217; sorusuna ise &#8220;Fenerbah\u00e7e&#8217;ye daha erken gelmek olabilirdi.&#8221; yan\u0131t\u0131 verdi.<\/strong><\/p>\n<p><strong>Futbolu her zaman tutkuyla oynad\u0131\u011f\u0131n\u0131 ve Fenerbah\u00e7e&#8217;de forma giymekten \u00e7ok mutlu oldu\u011funu aktaran Brezilyal\u0131 orta saha, ba\u015fkan Sadettin Saran&#8217;a ili\u015fkin ise \u015fu ifadeleri kulland\u0131:<\/strong><\/p>\n<p>&#8220;Se\u00e7im d\u00f6nemleri oyuncular i\u00e7in kolay s\u00fcre\u00e7ler de\u011fil. Ama bu sezon \u00f6zelinde konu\u015facaksak, \u00e7ok fazla de\u011fi\u015fim oldu. Bizler futbolcu olarak kafam\u0131z\u0131 sahaya odaklamal\u0131y\u0131z. Ama ileti\u015fim noktas\u0131nda \u015funu s\u00f6yleyebilirim, hem y\u00f6netim hem ba\u015fkan hem de \u00f6nceki ba\u015fkan \u00f6zelinde konu\u015facaksak, iyi bir ileti\u015fim s\u00f6z konusu. \u0130yi anla\u015ft\u0131\u011f\u0131m\u0131z\u0131 s\u00f6yleyebilirim. \u00d6nceki y\u00f6netimle de b\u00f6yleydi, \u015fu anda da b\u00f6yle. Bizlere yard\u0131mc\u0131 oluyorlar. \u015eu andaki ba\u015fkan\u0131m\u0131z ve y\u00f6netim de farkl\u0131 de\u011fil. Yeni y\u00f6netim ve yeni ba\u015fkanla da gayet iyi bir ileti\u015fim halindeyiz. Bu anlamda futbolcular\u0131n da futbola odaklanmas\u0131 gerekiyor. Tabii ki \u00e7ok fazla \u015fey konu\u015fuluyor ama bizim oda\u011f\u0131m\u0131z saha i\u00e7i olmal\u0131 ki oynayaca\u011f\u0131m\u0131z ma\u00e7lar\u0131 kazanal\u0131m.&#8221;<\/p>\n\n<p><\/p>\n<p>Kaynak :\u00a0<span style=\"background-color: rgb(255, 249, 236); color: rgb(55, 58, 60); font-size: 14px;\">http:\/\/www.milliyet.com.tr\/skorer\/fredden-fenerbahce-icin-sampiyonluk-iddiasi-iki-organizasyonu-da-kazanabiliriz-7486775<\/span><\/p>\n","protected":false},"excerpt":{"rendered":"<p>Fenerbah\u00e7e&#8217;nin Brezilyal\u0131 y\u0131ld\u0131z\u0131 Fred Rodrigues, tak\u0131mda \u00e7ok iyi bir birliktelik yakaland\u0131\u011f\u0131n\u0131 ve bu durumun sezon sonunda kendilerini hedefe ula\u015ft\u0131raca\u011f\u0131na inand\u0131\u011f\u0131n\u0131 s\u00f6yledi.<\/p>\n","protected":false},"author":1,"featured_media":141232,"comment_status":"open","ping_status":"open","sticky":false,"template":"","format":"standard","meta":{"footnotes":""},"categories":[7],"tags":[184,6152,288,1822,263],"class_list":["post-141231","post","type-post","status-publish","format-standard","has-post-thumbnail","hentry","category-spor","tag-fenerbahce","tag-fred","tag-mac","tag-onemli","tag-takim"],"_links":{"self":[{"href":"https:\/\/kamucalisani.net\/index.php\/wp-json\/wp\/v2\/posts\/141231","targetHints":{"allow":["GET"]}}],"collection":[{"href":"https:\/\/kamucalisani.net\/index.php\/wp-json\/wp\/v2\/posts"}],"about":[{"href":"https:\/\/kamucalisani.net\/index.php\/wp-json\/wp\/v2\/types\/post"}],"author":[{"embeddable":true,"href":"https:\/\/kamucalisani.net\/index.php\/wp-json\/wp\/v2\/users\/1"}],"replies":[{"embeddable":true,"href":"https:\/\/kamucalisani.net\/index.php\/wp-json\/wp\/v2\/comments?post=141231"}],"version-history":[{"count":1,"href":"https:\/\/kamucalisani.net\/index.php\/wp-json\/wp\/v2\/posts\/141231\/revisions"}],"predecessor-version":[{"id":141236,"href":"https:\/\/kamucalisani.net\/index.php\/wp-json\/wp\/v2\/posts\/141231\/revisions\/141236"}],"wp:featuredmedia":[{"embeddable":true,"href":"https:\/\/kamucalisani.net\/index.php\/wp-json\/wp\/v2\/media\/141232"}],"wp:attachment":[{"href":"https:\/\/kamucalisani.net\/index.php\/wp-json\/wp\/v2\/media?parent=141231"}],"wp:term":[{"taxonomy":"category","embeddable":true,"href":"https:\/\/kamucalisani.net\/index.php\/wp-json\/wp\/v2\/categories?post=141231"},{"taxonomy":"post_tag","embeddable":true,"href":"https:\/\/kamucalisani.net\/index.php\/wp-json\/wp\/v2\/tags?post=141231"}],"curies":[{"name":"wp","href":"https:\/\/api.w.org\/{rel}","templated":true}]}}