{"id":141262,"date":"2025-11-20T10:54:08","date_gmt":"2025-11-20T10:54:08","guid":{"rendered":"https:\/\/kamucalisani.net\/?p=141262"},"modified":"2025-11-20T10:54:08","modified_gmt":"2025-11-20T10:54:08","slug":"galatasarayda-osimhenden-fenerbahce-istegi-derbi-belirsizligi","status":"publish","type":"post","link":"https:\/\/kamucalisani.net\/index.php\/2025\/11\/20\/galatasarayda-osimhenden-fenerbahce-istegi-derbi-belirsizligi\/","title":{"rendered":"Galatasaray&#8217;da Osimhen&#8217;den Fenerbah\u00e7e iste\u011fi! Derbi belirsizli\u011fi"},"content":{"rendered":"<p><p>Milli aradan sonra hem S\u00fcper Lig\u2019de hem de \u015eampiyonlar Ligi\u2019nde birbirinden zorlu ma\u00e7lara \u00e7\u0131kacak olan Galatasaray\u2019da Nijerya Milli Tak\u0131m\u0131&#8217;nda sakatlanan Osimhen&#8217;in Fenerbah\u00e7e ma\u00e7\u0131nda forma giyip giyemeyece\u011fi merak ediliyordu.<\/p>\n<p><strong>SON DURUMU A\u00c7IKLANDI<\/strong><\/p>\n<p>\u00d6nceki g\u00fcn \u0130stanbul\u2019a gelen ve MR\u2019\u0131 \u00e7ekilen Osimhen\u2019nin sol arka adalesinde orta d\u00fczeyde strain (zorlanma ve kanama) tespit edildi\u011fi ve tedavisine ba\u015fland\u0131\u011f\u0131 a\u00e7\u0131kland\u0131.<\/p>\n<p>Y\u0131ld\u0131z oyuncunun ligdeki Gen\u00e7lerbirli\u011fi ve \u015eampiyonlar Ligi\u2019ndeki U.S Gilloise m\u00fccadelesinde forma giymesi beklenmezken Fenerbah\u00e7e ma\u00e7\u0131 i\u00e7in ise belirsizlik devam ediyor.<\/p>\n<div>\n<div><img decoding=\"async\" src=\"https:\/\/kamucalisani.net\/wp-content\/uploads\/2025\/11\/galatasarayda-osimhenden-fenerbahce-istegi-derbi-belirsizligi-0-bxjlgCM5.jpg\"\/><\/img><\/div>\n<\/div>\n<p><strong>FENERBAH\u00c7E \u0130STE\u011e\u0130<\/strong><\/p>\n<p>HT Spor&#8217;un haberine g\u00f6re Osimhen teknik ekibe \u00f6nemli bir mesaj verdi ve Fenerbah\u00e7e derbisinde oynamak istedi\u011fini belirterek, &#8216;Fenerbah\u00e7e ma\u00e7\u0131nda sahada olmak istiyorum. Tak\u0131ma katk\u0131 vermek i\u00e7in buraday\u0131m.&#8217; ifadelerini kulland\u0131.<\/p>\n<p>Daha \u00f6nce benzer bir sakatl\u0131ktan yaln\u0131zca sekiz g\u00fcnde d\u00f6nen Osimhen\u2019in bu h\u0131rs\u0131, teknik ekibi de umutland\u0131rd\u0131.<\/p>\n<p>Yine de Okan Buruk\u2019un bu sakatl\u0131\u011f\u0131n tekrarlamas\u0131 ve daha uzun s\u00fcrecek bir hale b\u00fcr\u00fcnmemesi i\u00e7in temkinli yakla\u015ft\u0131\u011f\u0131 \u00f6\u011frenildi.<\/p>\n<p><strong>S\u0130NGO VE \u0130LKAY G\u00dcNDO\u011eAN<\/strong><\/p>\n<p>Benzer bir sakatl\u0131k ya\u015fayan Singo ile \u0130lkay G\u00fcndo\u011fan\u2019\u0131n yakla\u015f\u0131k bir ay sahalardan uzak kald\u0131\u011f\u0131 d\u00fc\u015f\u00fcn\u00fcld\u00fc\u011f\u00fcnde, Osimhen\u2019in derbiye yeti\u015fip yeti\u015femeyece\u011fi merak konusu.<\/p>\n\n<p><\/p>\n<p>Kaynak :\u00a0<span style=\"background-color: rgb(255, 249, 236); color: rgb(55, 58, 60); font-size: 14px;\">http:\/\/www.milliyet.com.tr\/skorer\/galatasarayda-osimhenden-fenerbahce-istegi-derbi-belirsizligi-7486831<\/span><\/p>\n","protected":false},"excerpt":{"rendered":"<p>Nijerya Milli Tak\u0131m\u0131&#8217;nda sakatlanan Victor Osimhen&#8217;in Fenerbah\u00e7e derbisinde oynay\u0131p oynamayaca\u011f\u0131 merak edilirken y\u0131ld\u0131z golc\u00fcn\u00fcn iste\u011fi ortaya \u00e7\u0131kt\u0131.<\/p>\n","protected":false},"author":1,"featured_media":141263,"comment_status":"open","ping_status":"open","sticky":false,"template":"","format":"standard","meta":{"footnotes":""},"categories":[7],"tags":[184,8673],"class_list":["post-141262","post","type-post","status-publish","format-standard","has-post-thumbnail","hentry","category-spor","tag-fenerbahce","tag-osimhen"],"_links":{"self":[{"href":"https:\/\/kamucalisani.net\/index.php\/wp-json\/wp\/v2\/posts\/141262","targetHints":{"allow":["GET"]}}],"collection":[{"href":"https:\/\/kamucalisani.net\/index.php\/wp-json\/wp\/v2\/posts"}],"about":[{"href":"https:\/\/kamucalisani.net\/index.php\/wp-json\/wp\/v2\/types\/post"}],"author":[{"embeddable":true,"href":"https:\/\/kamucalisani.net\/index.php\/wp-json\/wp\/v2\/users\/1"}],"replies":[{"embeddable":true,"href":"https:\/\/kamucalisani.net\/index.php\/wp-json\/wp\/v2\/comments?post=141262"}],"version-history":[{"count":1,"href":"https:\/\/kamucalisani.net\/index.php\/wp-json\/wp\/v2\/posts\/141262\/revisions"}],"predecessor-version":[{"id":141265,"href":"https:\/\/kamucalisani.net\/index.php\/wp-json\/wp\/v2\/posts\/141262\/revisions\/141265"}],"wp:featuredmedia":[{"embeddable":true,"href":"https:\/\/kamucalisani.net\/index.php\/wp-json\/wp\/v2\/media\/141263"}],"wp:attachment":[{"href":"https:\/\/kamucalisani.net\/index.php\/wp-json\/wp\/v2\/media?parent=141262"}],"wp:term":[{"taxonomy":"category","embeddable":true,"href":"https:\/\/kamucalisani.net\/index.php\/wp-json\/wp\/v2\/categories?post=141262"},{"taxonomy":"post_tag","embeddable":true,"href":"https:\/\/kamucalisani.net\/index.php\/wp-json\/wp\/v2\/tags?post=141262"}],"curies":[{"name":"wp","href":"https:\/\/api.w.org\/{rel}","templated":true}]}}