{"id":141422,"date":"2025-11-20T15:12:09","date_gmt":"2025-11-20T15:12:09","guid":{"rendered":"https:\/\/kamucalisani.net\/?p=141422"},"modified":"2025-11-20T15:12:09","modified_gmt":"2025-11-20T15:12:09","slug":"kocaelispor-baskani-recep-durula-tahkimden-iyi-haber","status":"publish","type":"post","link":"https:\/\/kamucalisani.net\/index.php\/2025\/11\/20\/kocaelispor-baskani-recep-durula-tahkimden-iyi-haber\/","title":{"rendered":"Kocaelispor Ba\u015fkan\u0131 Recep Durul&#8217;a Tahkim&#8217;den iyi haber"},"content":{"rendered":"<p><p>S\u00fcper Lig&#8217;in 12. haftas\u0131nda Kocelispor&#8217;un, Galatasaray\u2019\u0131 1-0 yendi\u011fi ma\u00e7\u0131n ard\u0131ndan yapt\u0131\u011f\u0131 a\u00e7\u0131klamalar nedeniyle PFDK taraf\u0131ndan 2 milyon TL para ve 15 g\u00fcn hak mahrumiyeti cezas\u0131 alan Kocaelispor Kul\u00fcp Ba\u015fkan\u0131 Recep Durul i\u00e7in yap\u0131lan itiraz kabul edildi. Tahkim Kurulu, Durul\u2019un para ve hak mahrumiyeti cezas\u0131n\u0131 kald\u0131rd\u0131.<\/p>\n<p>Kocaelispor&#8217;dan konuya ili\u015fkin yap\u0131lan a\u00e7\u0131klamada, &#8220;TFF Profesyonel Futbol Disiplin Kurulu taraf\u0131ndan Kul\u00fcp Ba\u015fkan\u0131m\u0131z Recep Durul\u2019a verilen mesnetsiz cezan\u0131n iptali i\u00e7in bug\u00fcn kul\u00fcb\u00fcm\u00fcz taraf\u0131ndan ola\u011fan\u00fcst\u00fc toplant\u0131 talebiyle TFF Tahkim Kurulu&#8217;na ba\u015fvurulmu\u015ftur. TFF Tahkim Kurulu, kul\u00fcp ba\u015fkan\u0131m\u0131z Recep Durul&#8217;un yapt\u0131\u011f\u0131 a\u00e7\u0131klamalarla herhangi bir kul\u00fcb\u00fc hedef almamas\u0131, a\u00e7\u0131klamalar\u0131n futbolun itibar\u0131n\u0131, kurumlar\u0131n veya ki\u015filerin itibar\u0131n\u0131 zedeleyici mahiyette olmamas\u0131, bilakis T\u00fcrk futbolunda devam eden s\u00fcre\u00e7lerden duyulan memnuniyetini zikretmesi gibi sebeplerle kul\u00fcp ba\u015fkan\u0131m\u0131z hakk\u0131nda verilen 15 g\u00fcn hak mahrumiyeti ve 2.000.000 TL para cezas\u0131n\u0131 kald\u0131rm\u0131\u015ft\u0131r&#8221; ifadelerine yer verildi.<\/p>\n\n<p><\/p>\n<p>Kaynak :\u00a0<span style=\"background-color: rgb(255, 249, 236); color: rgb(55, 58, 60); font-size: 14px;\">http:\/\/www.milliyet.com.tr\/skorer\/kocaelispor-baskani-recep-durula-tahkimden-iyi-haber-7487040<\/span><\/p>\n","protected":false},"excerpt":{"rendered":"<p>Kocaelispor Kul\u00fcp Ba\u015fkan\u0131 Recep Durul\u2019un, Galatasaray ma\u00e7\u0131n\u0131n ard\u0131ndan yapt\u0131\u011f\u0131 a\u00e7\u0131klamalar nedeniyle Profesyonel Futbol Disiplin Kurulu (PFDK) taraf\u0131ndan ald\u0131\u011f\u0131 15 g\u00fcn hak mahrumiyeti ve 2 milyon TL para cezas\u0131 Tahkim Kurulu taraf\u0131ndan kald\u0131r\u0131ld\u0131.<\/p>\n","protected":false},"author":1,"featured_media":141423,"comment_status":"open","ping_status":"open","sticky":false,"template":"","format":"standard","meta":{"footnotes":""},"categories":[7],"tags":[],"class_list":["post-141422","post","type-post","status-publish","format-standard","has-post-thumbnail","hentry","category-spor"],"_links":{"self":[{"href":"https:\/\/kamucalisani.net\/index.php\/wp-json\/wp\/v2\/posts\/141422","targetHints":{"allow":["GET"]}}],"collection":[{"href":"https:\/\/kamucalisani.net\/index.php\/wp-json\/wp\/v2\/posts"}],"about":[{"href":"https:\/\/kamucalisani.net\/index.php\/wp-json\/wp\/v2\/types\/post"}],"author":[{"embeddable":true,"href":"https:\/\/kamucalisani.net\/index.php\/wp-json\/wp\/v2\/users\/1"}],"replies":[{"embeddable":true,"href":"https:\/\/kamucalisani.net\/index.php\/wp-json\/wp\/v2\/comments?post=141422"}],"version-history":[{"count":1,"href":"https:\/\/kamucalisani.net\/index.php\/wp-json\/wp\/v2\/posts\/141422\/revisions"}],"predecessor-version":[{"id":141424,"href":"https:\/\/kamucalisani.net\/index.php\/wp-json\/wp\/v2\/posts\/141422\/revisions\/141424"}],"wp:featuredmedia":[{"embeddable":true,"href":"https:\/\/kamucalisani.net\/index.php\/wp-json\/wp\/v2\/media\/141423"}],"wp:attachment":[{"href":"https:\/\/kamucalisani.net\/index.php\/wp-json\/wp\/v2\/media?parent=141422"}],"wp:term":[{"taxonomy":"category","embeddable":true,"href":"https:\/\/kamucalisani.net\/index.php\/wp-json\/wp\/v2\/categories?post=141422"},{"taxonomy":"post_tag","embeddable":true,"href":"https:\/\/kamucalisani.net\/index.php\/wp-json\/wp\/v2\/tags?post=141422"}],"curies":[{"name":"wp","href":"https:\/\/api.w.org\/{rel}","templated":true}]}}