{"id":141453,"date":"2025-11-20T16:00:12","date_gmt":"2025-11-20T16:00:12","guid":{"rendered":"https:\/\/kamucalisani.net\/?p=141453"},"modified":"2025-11-20T16:00:12","modified_gmt":"2025-11-20T16:00:12","slug":"volkan-demirelden-galatasaray-maci-aciklamasi-turkiyenin-en-iyi-kadrolarindan-birine-karsi-oynayacagiz","status":"publish","type":"post","link":"https:\/\/kamucalisani.net\/index.php\/2025\/11\/20\/volkan-demirelden-galatasaray-maci-aciklamasi-turkiyenin-en-iyi-kadrolarindan-birine-karsi-oynayacagiz\/","title":{"rendered":"Volkan Demirel&#8217;den Galatasaray ma\u00e7\u0131 a\u00e7\u0131klamas\u0131: T\u00fcrkiye&#8217;nin en iyi kadrolar\u0131ndan birine kar\u015f\u0131 oynayaca\u011f\u0131z"},"content":{"rendered":"<p><p>Trendyol S\u00fcper Lig&#8217;in 13. haftas\u0131nda Galatasaray&#8217;a konuk olacak Gen\u00e7lerbirli\u011fi&#8217;nde Be\u015ftepe \u0130lhan Cavcav Tesisleri&#8217;nde ger\u00e7ekle\u015ftirilen antrenman \u00f6ncesinde teknik direkt\u00f6r Volkan Demirel a\u00e7\u0131klamalarda bulundu.<\/p>\n<p>\u015eampiyonlu\u011fa oynayan bir tak\u0131ma kar\u015f\u0131 oynayacaklar\u0131n\u0131 hat\u0131rlatan Volkan Demirel, &#8220;Kazanmak isteyecek bir tak\u0131m var kar\u015f\u0131m\u0131zda. T\u00fcrkiye&#8217;nin en iyi kadrolar\u0131ndan birine kar\u015f\u0131 oynayaca\u011f\u0131z. Bu ma\u00e7tan puan al\u0131nmas\u0131 takdirde kendi ad\u0131m\u0131za moral ve motivasyon olur. G\u00f6ztepe ma\u00e7\u0131 skor olarak k\u00f6t\u00fc bitti ama \u00fc\u00e7 g\u00fcn \u00f6nce gelmi\u015ftim ve \u00e7ok fazla bir \u015fey anlatamad\u0131m. Ona ra\u011fmen oyuncular\u0131n bize inanc\u0131yla iyi bir oyun sergiledi\u011fimizi d\u00fc\u015f\u00fcn\u00fcyorum. Ba\u015fak\u015fehir ma\u00e7\u0131nda da hem iyi oyun geldi hem de skor geldi. Ba\u015fak\u015fehir ma\u00e7\u0131ndaki oyundan \u00e7ok memnunum. Sonra biliyorsunuz Antalya&#8217;ya gittik. Antalya&#8217;da bir fiziksel anlamda kendimizi yukar\u0131 \u00e7ekecek bir planlamayla beraber orada bir haz\u0131rl\u0131k ma\u00e7\u0131 yapt\u0131k. Orada skor olarak belki istedi\u011fimizi alamad\u0131k ama oyun olarak istediklerimizi yapma anlam\u0131nda ger\u00e7ekten bize inanm\u0131\u015f bir tak\u0131m var ve ne demek istesek yapmaya \u00e7al\u0131\u015f\u0131yorlar. O y\u00fczden \u00f6n\u00fcme olumlu bak\u0131yorum.&#8221; diye konu\u015ftu.<\/p>\n<p><strong>&#8216;ONYEKURU&#8217;DAN BEKLED\u011e\u0130M\u0130 ALAMADIM&#8217;<\/strong><\/p>\n<p>Kamp s\u00fcrecinde Antalyaspor&#8217;a kar\u015f\u0131 oynad\u0131klar\u0131 haz\u0131rl\u0131k ma\u00e7\u0131nda g\u00f6rev verdi\u011fi Onyekuru&#8217;dan bekledi\u011fini alamad\u0131\u011f\u0131n\u0131 aktaran Demirel, &#8220;Hepimizin bekledi\u011fi, bildi\u011fi Onyekuru de\u011fil ama \u00e7ok istekli. Bence k\u0131sa zamanda istediklerimizi becerebilirse tak\u0131mda yerini alacak. \u015eu an ilk 11 oynamas\u0131 i\u00e7in soru i\u015faretleri var ama sonradan tamamlay\u0131c\u0131 oyuncu olarak Onyekuru elimizde bir de\u011fer. Antalya kamp\u0131n\u0131 \u00e7ok iyi ge\u00e7irdi. Orada fiziksel, y\u00fcksek tempolu antrenmanlar yapt\u0131k. Bu da bazen oyuncularda \u00e7al\u0131\u015fmad\u0131\u011f\u0131 kaslar \u00e7al\u0131\u015ft\u0131\u011f\u0131 i\u00e7in sakatl\u0131klar el verebiliyor. Dizindeki ge\u00e7mi\u015f sakatl\u0131\u011f\u0131ndan dolay\u0131 da bir a\u011fr\u0131s\u0131 vard\u0131. Bir idmana kat\u0131lmad\u0131. Tak\u0131m i\u00e7inde herhangi bir sorun yok. Dal Veresanovic de d\u00f6nmeye ba\u015fl\u0131yor. \u0130yi bir \u015fekilde \u00e7al\u0131\u015f\u0131yoruz. Hem Antalya kamp\u0131 hem ben geldikten sonraki s\u00fcre\u00e7 ben \u00e7ok memnunum her \u015feyden. \u0130n\u015fallah Ankara&#8217;ya yak\u0131\u015f\u0131r bir \u015fekilde temsil edece\u011fimizi d\u00fc\u015f\u00fcn\u00fcyorum.&#8221; ifadelerini kulland\u0131.<\/p>\n<p><strong>Gen\u00e7lerbirli\u011fi&#8217;nin T\u00fcrk futbolundaki yerine dikkati \u00e7eken Demirel, kul\u00fcb\u00fcn alt yap\u0131s\u0131na da de\u011finerek \u015funlar\u0131 kaydetti:<\/strong><\/p>\n<p>&#8220;Ne kadar b\u00fcy\u00fck bir kul\u00fcp oldu\u011funu i\u00e7eri girince anlad\u0131m. Burada b\u00fcy\u00fck bir aile var. Antalya kamp\u0131na 10 tane gen\u00e7 arkada\u015f\u0131m\u0131z\u0131 g\u00f6t\u00fcrd\u00fck. \u015eu an 2-3 tanesi bizle \u00e7\u0131k\u0131yor. Altyap\u0131daki hocalar\u0131mla da ileti\u015fim halindeyiz. \u00c7ocuklar\u0131n Gen\u00e7lerbirli\u011fi&#8217;ne katk\u0131 sa\u011flamas\u0131 i\u00e7in de gerekli \u00e7al\u0131\u015fmalar\u0131, gerekli projeleri yapmaya \u00e7al\u0131\u015f\u0131yoruz. Gen\u00e7lerbirli\u011fi&#8217;nin T\u00fcrk futboluna oyuncu yeti\u015ftirme \u00f6zelli\u011fini tekrardan \u00f6n plana \u00e7\u0131karaca\u011f\u0131m\u0131 d\u00fc\u015f\u00fcn\u00fcyorum. \u00c7\u00fcnk\u00fc kariyerime bakarsan\u0131z futbolculara dokunu\u015flar\u0131m vard\u0131r. \u00c7ok oyuncuyu T\u00fcrk futboluna kazand\u0131rd\u0131m k\u0131sa zamanda. Daha \u00f6nce b\u00f6yle altyap\u0131l\u0131 bir tak\u0131mda \u00e7al\u0131\u015fmad\u0131m. Burada rahmetli \u0130lhan Cavcav \u00e7ok g\u00fczel bir ortam yaratm\u0131\u015f. Senede bir-iki tane b\u00f6yle gen\u00e7 yetenek \u00e7\u0131karsak Gen\u00e7lerbirli\u011fi&#8217;ne \u00e7ok b\u00fcy\u00fck katk\u0131s\u0131 olur. Hem ligde yar\u0131\u015fan hem de T\u00fcrk futboluna oyuncu yeti\u015ftiren bir vizyonu \u00fcstlenmek istiyorum. Bunu yapabilecek kapasitedeyiz ama tabii ki bunlar hemen olmuyor. Biraz zaman harcamak laz\u0131m, biraz planlama yapmak laz\u0131m. Hem A tak\u0131m olarak, hem altyap\u0131 olarak do\u011fru hareket etmek laz\u0131m.&#8221;<\/p>\n<p><strong>TRANSFER A\u00c7IKLAMASI<\/strong><\/p>\n<p>Demirel, ara transfer d\u00f6nemindeki planlamalar\u0131na ili\u015fkin soruya ise, &#8220;Sa\u011f taraf biraz eksik. Oraya oyuncu almay\u0131 d\u00fc\u015f\u00fcn\u00fcyorum. Se\u00e7eneklerden bir tanesi de Emre Mor. Ama tabii ki Fenerbah\u00e7e&#8217;deki durumu ne olur, tak\u0131ma geri d\u00f6ner mi d\u00f6nmez mi bilmiyorum. Emre Mor benim g\u00fcvendi\u011fim, inand\u0131\u011f\u0131m, futbolunu \u00e7ok be\u011fendi\u011fim bir oyuncu. Gelirse de buraya katk\u0131 sa\u011flayacakt\u0131r ama dedi\u011fim gibi, bizim elimizde olan bir \u015fey de\u011fil. Biz sadece istiyoruz. Onunla beraber \u00fc\u00e7 d\u00f6rt tane daha sa\u011f kenar alternatifimiz var. \u0130ki \u00fc\u00e7 b\u00f6lgeye de takviye yapaca\u011f\u0131m\u0131z\u0131 d\u00fc\u015f\u00fcn\u00fcyoruz. Gen\u00e7lerbirli\u011fi&#8217;ni yormadan, \u015fartlar\u0131n\u0131 zorlamadan, elimizdeki imkanlar do\u011frultusunda tak\u0131m\u0131m\u0131za takviyelerimizi yapaca\u011f\u0131z. Planlamay\u0131 do\u011fru bir \u015fekilde yaparak ikinci yar\u0131ya ba\u015flayaca\u011f\u0131m\u0131z\u0131 d\u00fc\u015f\u00fcn\u00fcyorum ama \u015fu an d\u00fc\u015f\u00fcnd\u00fc\u011f\u00fcm \u00f6n\u00fcm\u00fczdeki ma\u00e7lar\u0131 en iyi \u015fekilde kapatarak ilk yar\u0131y\u0131 hedefledi\u011fimiz puanla ula\u015fmak.&#8221; yan\u0131t\u0131n\u0131 verdi.<\/p>\n\n<p><\/p>\n<p>Kaynak :\u00a0<span style=\"background-color: rgb(255, 249, 236); color: rgb(55, 58, 60); font-size: 14px;\">http:\/\/www.milliyet.com.tr\/skorer\/volkan-demirelden-galatasaray-maci-aciklamasi-turkiyenin-en-iyi-kadrolarindan-birine-karsi-oynayacagiz-7487063<\/span><\/p>\n","protected":false},"excerpt":{"rendered":"<p>Trendyol S\u00fcper Lig&#8217;in 13. haftas\u0131nda Galatasaray&#8217;a konuk olacak Gen\u00e7lerbirli\u011fi&#8217;nde teknik direkt\u00f6r Volkan Demirel a\u00e7\u0131klamalarda bulundu.<\/p>\n","protected":false},"author":1,"featured_media":141454,"comment_status":"open","ping_status":"open","sticky":false,"template":"","format":"standard","meta":{"footnotes":""},"categories":[7],"tags":[669,9517,710,131,263],"class_list":["post-141453","post","type-post","status-publish","format-standard","has-post-thumbnail","hentry","category-spor","tag-antalya","tag-dusunuyorum","tag-genc","tag-oyun","tag-takim"],"_links":{"self":[{"href":"https:\/\/kamucalisani.net\/index.php\/wp-json\/wp\/v2\/posts\/141453","targetHints":{"allow":["GET"]}}],"collection":[{"href":"https:\/\/kamucalisani.net\/index.php\/wp-json\/wp\/v2\/posts"}],"about":[{"href":"https:\/\/kamucalisani.net\/index.php\/wp-json\/wp\/v2\/types\/post"}],"author":[{"embeddable":true,"href":"https:\/\/kamucalisani.net\/index.php\/wp-json\/wp\/v2\/users\/1"}],"replies":[{"embeddable":true,"href":"https:\/\/kamucalisani.net\/index.php\/wp-json\/wp\/v2\/comments?post=141453"}],"version-history":[{"count":1,"href":"https:\/\/kamucalisani.net\/index.php\/wp-json\/wp\/v2\/posts\/141453\/revisions"}],"predecessor-version":[{"id":141455,"href":"https:\/\/kamucalisani.net\/index.php\/wp-json\/wp\/v2\/posts\/141453\/revisions\/141455"}],"wp:featuredmedia":[{"embeddable":true,"href":"https:\/\/kamucalisani.net\/index.php\/wp-json\/wp\/v2\/media\/141454"}],"wp:attachment":[{"href":"https:\/\/kamucalisani.net\/index.php\/wp-json\/wp\/v2\/media?parent=141453"}],"wp:term":[{"taxonomy":"category","embeddable":true,"href":"https:\/\/kamucalisani.net\/index.php\/wp-json\/wp\/v2\/categories?post=141453"},{"taxonomy":"post_tag","embeddable":true,"href":"https:\/\/kamucalisani.net\/index.php\/wp-json\/wp\/v2\/tags?post=141453"}],"curies":[{"name":"wp","href":"https:\/\/api.w.org\/{rel}","templated":true}]}}