{"id":141464,"date":"2025-11-20T16:18:34","date_gmt":"2025-11-20T16:18:34","guid":{"rendered":"https:\/\/kamucalisani.net\/?p=141464"},"modified":"2025-11-20T16:18:34","modified_gmt":"2025-11-20T16:18:34","slug":"wilfired-singodan-okan-buruk-sozleri-buraya-imza-atmami-sagladi","status":"publish","type":"post","link":"https:\/\/kamucalisani.net\/index.php\/2025\/11\/20\/wilfired-singodan-okan-buruk-sozleri-buraya-imza-atmami-sagladi\/","title":{"rendered":"Wilfired Singo&#8217;dan Okan Buruk s\u00f6zleri: Buraya imza atmam\u0131 sa\u011flad\u0131"},"content":{"rendered":"<p><p>Galatasaray&#8217;\u0131n y\u0131ld\u0131z oyuncusu Wilfired Singo kul\u00fcb\u00fcn YouTube kanal\u0131na konuk oldu.<\/p>\n<p>Galatasaray&#8217;a transfer s\u00fcreci ve hedefleri hakk\u0131nda konu\u015fan Singo, &#8220;\u0130nan\u0131lmaz sayg\u0131 ve sevgi g\u00f6r\u00fcyorum. Galatasaray ba\u015fka bir d\u00fcnya. \u00d6zellikle transfer olduktan sonra inan\u0131lmaz bir de\u011fi\u015fim ve atmosfer ya\u015fad\u0131m. \u015eampiyonlar Ligi&#8217;nde Galatasaray&#8217;\u0131n yar\u0131 finale, finale ula\u015fmas\u0131 ula\u015fmas\u0131 i\u00e7in elimizden geleni yapaca\u011f\u0131z. Hatta neden kazanmayal\u0131m? \u00c7\u00fcnk\u00fc \u00e7ok iyi tak\u0131m\u0131m\u0131z var&#8221; ifadelerini kulland\u0131.<\/p>\n<div>\n<div><img decoding=\"async\" src=\"https:\/\/kamucalisani.net\/wp-content\/uploads\/2025\/11\/wilfired-singodan-okan-buruk-sozleri-buraya-imza-atmami-sagladi-0-jHyVnuGc.jpg\"\/><\/img><\/div>\n<\/div>\n<p><strong>&#8220;OKAN BURUK GALATASARAY&#8217;A \u0130MZA ATMAMI SA\u011eLADI&#8221;<\/strong><\/p>\n<p>Transfer s\u00fcrecinde teknik direkt\u00f6r Okan Buruk ile konu\u015ftu\u011funu belirten Fildi\u015fili y\u0131ld\u0131z, &#8220;Okan Buruk, buraya gelmeden \u00f6nce benimle \u0130talyanca konu\u015fup buradaki projeden bahsetti. Bu da Galatasaray&#8217;a imza atmam\u0131 sa\u011flad\u0131&#8221; dedi.<\/p>\n<p><strong>&#8220;NORMALDE 17 NUMARALI FORMAYI \u0130ST\u0130YORDUM&#8221;<\/strong><\/p>\n<p>Neden 90 numaral\u0131 formay\u0131 giydi\u011fine y\u00f6nelik soruyu yan\u0131tlayan 24 ya\u015f\u0131ndaki oyuncu, &#8220;Normalde 17 numaral\u0131 formay\u0131 istiyordum ama doluydu. 99&#8217;u istiyordum, o da doluydu. O y\u00fczden 90 numaray\u0131 ald\u0131m&#8221; \u015feklinde konu\u015ftu.<\/p>\n<p><strong>&#8220;B\u00d6YLE KAR\u015eILANACA\u011eIMI D\u00dc\u015e\u00dcNMEM\u0130\u015eT\u0130M&#8221;<\/strong><\/p>\n<p>Singo taraftar\u0131n havaliman\u0131nda yapt\u0131\u011f\u0131 kar\u015f\u0131lama ile ilgili &#8220;Galatasaray taraftarlar\u0131n\u0131n havaliman\u0131nda beni kar\u015f\u0131lamas\u0131&#8230; Ben b\u00f6yle bir \u015fey beklemiyordum. B\u00f6yle kar\u015f\u0131lanaca\u011f\u0131m\u0131 d\u00fc\u015f\u00fcnmemi\u015ftim. Bu beni \u00e7ok mutlu etti&#8221; ifadelerini kulland\u0131.<\/p>\n<p><strong>&#8220;FRANSIZCA VE \u0130TALYANCA B\u0130LEN ARKADA\u015eLARIMIN OLMASI ADAPTASYONUMU KOLAYLA\u015eTIRDI&#8221;<\/strong><\/p>\n<p>&#8220;Hep mi g\u00fcl\u00fcyordun, buran\u0131n etkisi oldu mu?&#8221; sorusunu yan\u0131tlayan Wilfried Singo, &#8220;G\u00fcl\u00fcms\u00fcyorum, \u015fakala\u015f\u0131yorum. Belki bunlar daha az biliniyordu. Ancak burada Frans\u0131zca ve \u0130talyanca bilen arkada\u015flar\u0131m\u0131n olmas\u0131, adaptasyonumu kolayla\u015ft\u0131rd\u0131&#8221; \u015feklinde cevap verdi.<\/p>\n<p><strong>&#8220;OLA\u011eANDI\u015eI HAREKETLER YAPMAYI SEV\u0130YORUM&#8221;<\/strong><\/p>\n<p>Alanyaspor ma\u00e7\u0131nda yapt\u0131\u011f\u0131 asist \u00f6ncesindeki fantastik \u00e7al\u0131m\u0131yla ilgili konu\u015fan Singo, &#8220;Bu yapmaya al\u0131\u015f\u0131k oldu\u011fum bir hareket. Ola\u011fan\u0131n d\u0131\u015f\u0131nda hareketler denemeyi ve yapmay\u0131 seviyorum! Alanya ma\u00e7\u0131nda da denedim, ma\u00e7\u0131 kazanmam\u0131z\u0131 sa\u011flad\u0131&#8221; dedi.<\/p>\n\n<p><\/p>\n<p>Kaynak :\u00a0<span style=\"background-color: rgb(255, 249, 236); color: rgb(55, 58, 60); font-size: 14px;\">http:\/\/www.milliyet.com.tr\/skorer\/wilfired-singodan-okan-buruk-sozleri-buraya-imza-atmami-sagladi-7487070<\/span><\/p>\n","protected":false},"excerpt":{"rendered":"<p>Galatasaray&#8217;\u0131n y\u0131ld\u0131z oyuncusu Wilfired Singo sar\u0131-k\u0131rm\u0131z\u0131l\u0131 ekibin YouTube kanal\u0131na konu\u015ftu. Y\u0131ld\u0131z oyuncu, Okan Buruk hakk\u0131nda da \u00f6nemli s\u00f6zler s\u00f6yledi.<\/p>\n","protected":false},"author":1,"featured_media":141465,"comment_status":"open","ping_status":"open","sticky":false,"template":"","format":"standard","meta":{"footnotes":""},"categories":[7],"tags":[257,8966],"class_list":["post-141464","post","type-post","status-publish","format-standard","has-post-thumbnail","hentry","category-spor","tag-galatasaray","tag-singo"],"_links":{"self":[{"href":"https:\/\/kamucalisani.net\/index.php\/wp-json\/wp\/v2\/posts\/141464","targetHints":{"allow":["GET"]}}],"collection":[{"href":"https:\/\/kamucalisani.net\/index.php\/wp-json\/wp\/v2\/posts"}],"about":[{"href":"https:\/\/kamucalisani.net\/index.php\/wp-json\/wp\/v2\/types\/post"}],"author":[{"embeddable":true,"href":"https:\/\/kamucalisani.net\/index.php\/wp-json\/wp\/v2\/users\/1"}],"replies":[{"embeddable":true,"href":"https:\/\/kamucalisani.net\/index.php\/wp-json\/wp\/v2\/comments?post=141464"}],"version-history":[{"count":1,"href":"https:\/\/kamucalisani.net\/index.php\/wp-json\/wp\/v2\/posts\/141464\/revisions"}],"predecessor-version":[{"id":141467,"href":"https:\/\/kamucalisani.net\/index.php\/wp-json\/wp\/v2\/posts\/141464\/revisions\/141467"}],"wp:featuredmedia":[{"embeddable":true,"href":"https:\/\/kamucalisani.net\/index.php\/wp-json\/wp\/v2\/media\/141465"}],"wp:attachment":[{"href":"https:\/\/kamucalisani.net\/index.php\/wp-json\/wp\/v2\/media?parent=141464"}],"wp:term":[{"taxonomy":"category","embeddable":true,"href":"https:\/\/kamucalisani.net\/index.php\/wp-json\/wp\/v2\/categories?post=141464"},{"taxonomy":"post_tag","embeddable":true,"href":"https:\/\/kamucalisani.net\/index.php\/wp-json\/wp\/v2\/tags?post=141464"}],"curies":[{"name":"wp","href":"https:\/\/api.w.org\/{rel}","templated":true}]}}