{"id":141485,"date":"2025-11-20T16:42:13","date_gmt":"2025-11-20T16:42:13","guid":{"rendered":"https:\/\/kamucalisani.net\/?p=141485"},"modified":"2025-11-20T16:42:13","modified_gmt":"2025-11-20T16:42:13","slug":"kumpirden-olum-davasinda-yargilanan-isletme-sahibi-ben-ve-cocuklarim-da-yiyoruz","status":"publish","type":"post","link":"https:\/\/kamucalisani.net\/index.php\/2025\/11\/20\/kumpirden-olum-davasinda-yargilanan-isletme-sahibi-ben-ve-cocuklarim-da-yiyoruz\/","title":{"rendered":"&#8216;Kumpirden \u00f6l\u00fcm&#8217; davas\u0131nda yarg\u0131lanan i\u015fletme sahibi: Ben ve \u00e7ocuklar\u0131m da yiyoruz"},"content":{"rendered":"<p><p>Davan\u0131n \u0130zmir 17. A\u011f\u0131r Ceza Mahkemesi&#8217;ndeki ilk duru\u015fmas\u0131, bu mahkemenin salonunun yetersizli\u011fi sebebiyle 9. A\u011f\u0131r Ceza Mahkemesi&#8217;nin duru\u015fma salonunda g\u00f6r\u00fcld\u00fc. Duru\u015fmaya tutuklu san\u0131k i\u015f yeri sahibi N.D, m\u00fc\u015ftekiler, san\u0131k yak\u0131nlar\u0131 ve taraf avukatlar\u0131 kat\u0131ld\u0131.<\/p>\n<p>Cumhuriyet savc\u0131s\u0131, san\u0131\u011f\u0131n i\u015f yerinde birlikte \u00e7al\u0131\u015ft\u0131klar\u0131 e\u015fi C.D. hakk\u0131nda \u00f6nceki celsede bulunulan su\u00e7 duyurusunun ak\u0131betinin beklenilmesini, san\u0131\u011f\u0131n mevcut halinin devam\u0131na karar verilmesi y\u00f6n\u00fcnde g\u00f6r\u00fc\u015f sundu.<\/p>\n<p>Maktul\u00fcn k\u0131z\u0131 Bahar Zeyrek, \u015fikayetinin devam etti\u011fini s\u00f6yledi.<\/p>\n<p>San\u0131k N.D. ise, &#8220;\u00c7ocuklar\u0131ma yedirmedi\u011fim hi\u00e7bir \u00fcr\u00fcn\u00fc ba\u015fkalar\u0131na yedirmem. Biz kendimiz de yedik.&#8221; dedi.<\/p>\n<p>Mahkeme heyeti san\u0131\u011f\u0131n tutuklulu\u011fun devam\u0131na karar vererek duru\u015fmay\u0131 erteledi.<\/p>\n<p><strong>OLAY<\/strong><\/p>\n<p>Buca&#8217;da ya\u015fayan Bahar Zeyrek, annesi Servet Polat ve 11 ya\u015f\u0131ndaki o\u011flu G\u00f6khan Zeyrek, 28 Aral\u0131k 2024&#8217;te Efeler Mahallesi&#8217;ndeki bir i\u015fletmede kumpir yemi\u015f, ayn\u0131 g\u00fcn kusma ve ishal \u015fikayetiyle Buca Seyfi Demirsoy E\u011fitim ve Ara\u015ft\u0131rma Hastanesi&#8217;ne giden aile, tedavilerinin ard\u0131ndan evlerine d\u00f6nm\u00fc\u015ft\u00fc.<\/p>\n<p>Ertesi g\u00fcn de rahats\u0131zl\u0131klar\u0131 devam eden anne, k\u0131z\u0131 ve torunu tekrar hastaneye ba\u015fvurmu\u015f, acil servisteki tedavilerinin ard\u0131ndan taburcu edilmi\u015fti.<\/p>\n<p>Olaydan 2 g\u00fcn sonra evinin tuvaletinde \u00f6ld\u00fc\u011f\u00fc belirlenen Servet Polat&#8217;\u0131n ailesi i\u015fletmeden \u015fikayet\u00e7i olmu\u015f, i\u015fletme sahibi N.D. tutuklanm\u0131\u015ft\u0131.<\/p>\n<p>Adalet Bakanl\u0131\u011f\u0131 Adli T\u0131p Kurumu 1. \u0130htisas Kurulunun raporunda Polat&#8217;\u0131n \u00f6l\u00fcm\u00fcn\u00fcn, &#8220;g\u0131da zehirlenmesi&#8221; sonucu meydana geldi\u011fine yer verilmi\u015fti.<\/p>\n<p>Tar\u0131m ve Orman Bakanl\u0131\u011f\u0131 \u0130zmir G\u0131da Kontrol Laboratuvar M\u00fcd\u00fcrl\u00fc\u011f\u00fcn\u00fcn muayene ve analiz raporunda da sat\u0131\u015fa sunulan kumpir numunesinde &#8220;salmonella&#8221; bakterisi bulunmu\u015ftu.<\/p>\n<p>Davan\u0131n iddianamesinde, san\u0131\u011f\u0131n &#8220;taksirle \u00f6l\u00fcme neden olma&#8221; su\u00e7undan 15 y\u0131la, &#8220;bozulmu\u015f veya de\u011fi\u015ftirilmi\u015f g\u0131da ticareti&#8221;nden de 5 y\u0131la kadar hapsi isteniyor.<\/p>\n\n<p><\/p>\n<p>Kaynak :\u00a0<span style=\"background-color: rgb(255, 249, 236); color: rgb(55, 58, 60); font-size: 14px;\">http:\/\/www.milliyet.com.tr\/gundem\/kumpirden-olum-davasinda-yargilanan-isletme-sahibi-ben-ve-cocuklarimda-yiyoruz-7487074<\/span><\/p>\n","protected":false},"excerpt":{"rendered":"<p>\u0130zmir&#8217;in Buca il\u00e7esinde ge\u00e7en y\u0131l bir i\u015fletmede yedi\u011fi kumpirden zehirlenerek hayat\u0131n\u0131 kaybeden Servet Polat&#8217;\u0131n \u00f6l\u00fcm\u00fcne ili\u015fkin i\u015f yeri sahibinin yarg\u0131lanmas\u0131na devam edildi.  \u0130\u015f yeri sahibi N.D, &#8220;\u00c7ocuklar\u0131ma yedirmedi\u011fim hi\u00e7bir \u00fcr\u00fcn\u00fc ba\u015fkalar\u0131na yedirmem. Biz kendimiz de yedik.&#8221; dedi.<\/p>\n","protected":false},"author":1,"featured_media":141486,"comment_status":"open","ping_status":"open","sticky":false,"template":"","format":"standard","meta":{"footnotes":""},"categories":[3],"tags":[211],"class_list":["post-141485","post","type-post","status-publish","format-standard","has-post-thumbnail","hentry","category-guncel","tag-is"],"_links":{"self":[{"href":"https:\/\/kamucalisani.net\/index.php\/wp-json\/wp\/v2\/posts\/141485","targetHints":{"allow":["GET"]}}],"collection":[{"href":"https:\/\/kamucalisani.net\/index.php\/wp-json\/wp\/v2\/posts"}],"about":[{"href":"https:\/\/kamucalisani.net\/index.php\/wp-json\/wp\/v2\/types\/post"}],"author":[{"embeddable":true,"href":"https:\/\/kamucalisani.net\/index.php\/wp-json\/wp\/v2\/users\/1"}],"replies":[{"embeddable":true,"href":"https:\/\/kamucalisani.net\/index.php\/wp-json\/wp\/v2\/comments?post=141485"}],"version-history":[{"count":1,"href":"https:\/\/kamucalisani.net\/index.php\/wp-json\/wp\/v2\/posts\/141485\/revisions"}],"predecessor-version":[{"id":141487,"href":"https:\/\/kamucalisani.net\/index.php\/wp-json\/wp\/v2\/posts\/141485\/revisions\/141487"}],"wp:featuredmedia":[{"embeddable":true,"href":"https:\/\/kamucalisani.net\/index.php\/wp-json\/wp\/v2\/media\/141486"}],"wp:attachment":[{"href":"https:\/\/kamucalisani.net\/index.php\/wp-json\/wp\/v2\/media?parent=141485"}],"wp:term":[{"taxonomy":"category","embeddable":true,"href":"https:\/\/kamucalisani.net\/index.php\/wp-json\/wp\/v2\/categories?post=141485"},{"taxonomy":"post_tag","embeddable":true,"href":"https:\/\/kamucalisani.net\/index.php\/wp-json\/wp\/v2\/tags?post=141485"}],"curies":[{"name":"wp","href":"https:\/\/api.w.org\/{rel}","templated":true}]}}