{"id":141515,"date":"2025-11-20T17:24:39","date_gmt":"2025-11-20T17:24:39","guid":{"rendered":"https:\/\/kamucalisani.net\/?p=141515"},"modified":"2025-11-20T17:24:39","modified_gmt":"2025-11-20T17:24:39","slug":"fenerbahceden-savunma-harekati-oosterwoldenin-yerine-geliyor","status":"publish","type":"post","link":"https:\/\/kamucalisani.net\/index.php\/2025\/11\/20\/fenerbahceden-savunma-harekati-oosterwoldenin-yerine-geliyor\/","title":{"rendered":"Fenerbah\u00e7e&#8217;den savunma harekat\u0131! Oosterwolde\u2019nin yerine geliyor"},"content":{"rendered":"<p><p>\u00a0Ara transfer d\u00f6neminde kadrosundaki eksikleri tamamlamak isteyen Fenerbah\u00e7e&#8217;de \u00e7al\u0131\u015fmalar ba\u015flad\u0131. Teknik direkt\u00f6r Domenico Tedesco ve futbol direkt\u00f6r\u00fc Devin \u00d6zek&#8217;in toplant\u0131lar\u0131nda h\u00fccum hatt\u0131nda bir sorun ya\u015fanmad\u0131\u011f\u0131 ancak defans kalitesinin daha artt\u0131r\u0131lmas\u0131 gerekti\u011fi g\u00f6r\u00fc\u015f\u00fc hakim.<\/p>\n<div>\n<div><img decoding=\"async\" src=\"https:\/\/kamucalisani.net\/wp-content\/uploads\/2025\/11\/fenerbahceden-savunma-harekati-oosterwoldenin-yerine-geliyor-0-SqgypLac.jpg\"\/><\/img><\/div>\n<\/div>\n<p>Tak\u0131m\u0131n \u00f6nceli\u011fi, Premier Lig ve Serie A ekiplerinden teklifler alan Jayden Oosterwolde&#8217;nin olas\u0131 ayr\u0131l\u0131\u011f\u0131na haz\u0131rlanmak. Oosterwolde&#8217;nin bu tekliflere s\u0131cak bakmas\u0131 nedeniyle sar\u0131-lacivertli ekip ilk olarak sol stoper takviyesi yapmak istiyor.<\/p>\n<p>\u00a0<strong>OOSTERWOLDE&#8217;N\u0130N ALTERNAT\u0130F\u0130 PREMIER L\u0130G&#8217;DEN<\/strong><\/p>\n<p>Sabah&#8217;\u0131n haberine g\u00f6re Fenerbah\u00e7e&#8217;nin savunma hatt\u0131 i\u00e7in d\u00fc\u015f\u00fcnd\u00fc\u011f\u00fc isim Brighton &#038; Hove Albion formas\u0131 giyen Olivier Boscagli.<\/p>\n<p>Yaz transfer d\u00f6neminde de Boscagli&#8217;yi kadrosuna katmak isteyen Fenerbah\u00e7e, 28 ya\u015f\u0131ndaki futbolcuyla anla\u015fma sa\u011flayamam\u0131\u015ft\u0131; ancak Boscagli&#8217;nin Brighton&#8217;da umdu\u011funu bulamamas\u0131n\u0131n ard\u0131ndan sar\u0131-lacivertli ekip kendisini yeniden g\u00fcndeme ald\u0131.<\/p>\n<p><strong>BU YIL \u00c7OK S\u00dcRE ALAMADI<\/strong><\/p>\n<p>Bu y\u0131l Brighton formas\u0131 ile sadece 3 ma\u00e7ta s\u00fcre bulabilen, ligde ise hi\u00e7 s\u00fcre bulamayan Boscagli i\u00e7in Brighton y\u00f6netimi de kiralama opsiyonuna s\u0131cak bak\u0131yor.<\/p>\n<p>Kariyerine Nice ile ba\u015flayan, k\u0131sa s\u00fcre Nimes formas\u0131 da giydikten sonra 2019-20 sezonunda PSV&#8217;ye transfer olan Boscagli, tam alt\u0131 y\u0131l PSV formas\u0131 giydi. Frans\u0131z futbolcu, PSV ile iki Eredivisie \u015fampiyonlu\u011fu ya\u015fad\u0131.<\/p>\n\n<p><\/p>\n<p>Kaynak :\u00a0<span style=\"background-color: rgb(255, 249, 236); color: rgb(55, 58, 60); font-size: 14px;\">http:\/\/www.milliyet.com.tr\/skorer\/fenerbahceden-savunma-harekati-oosterwoldenin-yerine-geliyor-7487091<\/span><\/p>\n","protected":false},"excerpt":{"rendered":"<p>Fenerbah\u00e7e, Oosterwolde\u2019nin ayr\u0131l\u0131\u011f\u0131 g\u00fcndeme geldi\u011fi i\u00e7in savunmaya yeni bir takviye yapmaya haz\u0131rlan\u0131yor. Sar\u0131-lacivertliler, Avrupa\u2019dan g\u00fcndeme gelen fla\u015f bir stoperle g\u00f6r\u00fc\u015fmeleri h\u0131zland\u0131rd\u0131.<\/p>\n","protected":false},"author":1,"featured_media":141516,"comment_status":"open","ping_status":"open","sticky":false,"template":"","format":"standard","meta":{"footnotes":""},"categories":[7],"tags":[9520],"class_list":["post-141515","post","type-post","status-publish","format-standard","has-post-thumbnail","hentry","category-spor","tag-boscagli"],"_links":{"self":[{"href":"https:\/\/kamucalisani.net\/index.php\/wp-json\/wp\/v2\/posts\/141515","targetHints":{"allow":["GET"]}}],"collection":[{"href":"https:\/\/kamucalisani.net\/index.php\/wp-json\/wp\/v2\/posts"}],"about":[{"href":"https:\/\/kamucalisani.net\/index.php\/wp-json\/wp\/v2\/types\/post"}],"author":[{"embeddable":true,"href":"https:\/\/kamucalisani.net\/index.php\/wp-json\/wp\/v2\/users\/1"}],"replies":[{"embeddable":true,"href":"https:\/\/kamucalisani.net\/index.php\/wp-json\/wp\/v2\/comments?post=141515"}],"version-history":[{"count":1,"href":"https:\/\/kamucalisani.net\/index.php\/wp-json\/wp\/v2\/posts\/141515\/revisions"}],"predecessor-version":[{"id":141518,"href":"https:\/\/kamucalisani.net\/index.php\/wp-json\/wp\/v2\/posts\/141515\/revisions\/141518"}],"wp:featuredmedia":[{"embeddable":true,"href":"https:\/\/kamucalisani.net\/index.php\/wp-json\/wp\/v2\/media\/141516"}],"wp:attachment":[{"href":"https:\/\/kamucalisani.net\/index.php\/wp-json\/wp\/v2\/media?parent=141515"}],"wp:term":[{"taxonomy":"category","embeddable":true,"href":"https:\/\/kamucalisani.net\/index.php\/wp-json\/wp\/v2\/categories?post=141515"},{"taxonomy":"post_tag","embeddable":true,"href":"https:\/\/kamucalisani.net\/index.php\/wp-json\/wp\/v2\/tags?post=141515"}],"curies":[{"name":"wp","href":"https:\/\/api.w.org\/{rel}","templated":true}]}}